{"id":895,"date":"2015-08-09T16:20:57","date_gmt":"2015-08-09T16:20:57","guid":{"rendered":"http:\/\/news.annameglio.com\/?p=895"},"modified":"2016-03-02T16:06:11","modified_gmt":"2016-03-02T16:06:11","slug":"babe-tess-collezioni-autunno-inverno-2015","status":"publish","type":"post","link":"http:\/\/news.annameglio.com\/en\/babe-tess-collezioni-autunno-inverno-2015\/","title":{"rendered":"BABE &#038; TESS COLLEZIONI AUTUNNO INVERNO 2015"},"content":{"rendered":"<p>Promozione a pieni voti per la Collezione Autunno\/ Inverno 2015 della Babe &amp; Tess; anche questa volta ci siamo emozionate\u2026, assecondando le tendenze espresse dalla designer Paola Mazzochin, prediligendo gli accostamenti raffinati di nuance dai toni delicati come il tortora, il grigio melange ed il panna, che da sempre caratterizzano Babe &amp; Tess. <!--more-->Una Collezione nel segno della continuit\u00e0 dunque, assolutamente non banale, sofisticata ed a tratti sorprendente. Qualit\u00e0 dei materiali, vestibilit\u00e0 e confort per bimbe e bimbi continuano ad essere aspetti imprescindibili, alla base della filosofia Babe &amp; Tess.\u00a0Ecco dunque una prima nostra proposta abbigliamento bambina dal sapore rock con FELPA GRIGIO ANTRACITE STAMPA ORO abbinata alla deliziosa <strong><a title=\"GONNA IN TULLE GRIGIO SCURO\" href=\"http:\/\/shop.annameglio.com\/shop-it\/babe-tess-gonna-tulle-grigio-scuro\/\">GONNA IN TULLE GRIGIO SCURO<\/a><\/strong>. La preziosa SCIARPA LANA LUREX con frange, completa questo outfit decisio e raffinato.<\/p>\n<p><a href=\"http:\/\/news.annameglio.com\/wp-content\/uploads\/2015\/08\/BabeTess_Girl_1.jpg\"><img loading=\"lazy\" class=\"size-full wp-image-1157 aligncenter\" src=\"http:\/\/news.annameglio.com\/wp-content\/uploads\/2015\/08\/BabeTess_Girl_1.jpg\" alt=\"Babe&amp;Tess-felpa-stampa-love-gonna-party-tulle-bambina\" width=\"1100\" height=\"735\" srcset=\"http:\/\/news.annameglio.com\/wp-content\/uploads\/2015\/08\/BabeTess_Girl_1.jpg 1100w, http:\/\/news.annameglio.com\/wp-content\/uploads\/2015\/08\/BabeTess_Girl_1-300x200.jpg 300w, http:\/\/news.annameglio.com\/wp-content\/uploads\/2015\/08\/BabeTess_Girl_1-1024x684.jpg 1024w\" sizes=\"(max-width: 1100px) 100vw, 1100px\" \/><\/a><\/p>\n<p>Confortevole ma non banale questo nostra seconda proposta ancora abbigliamento bimba. La <strong><a title=\"FELPA GRIGIO MELANG STELLA PAILLETTES\" href=\"http:\/\/shop.annameglio.com\/shop-it\/babe-tess-felpa-stella-paillettes-grigio-ferro\/\">FELPA GRIGIO MELANGE<\/a><\/strong> con stella applicata in micro palliettes \u00e8 abbinata a contrasto con il morbido e versatile <strong><a title=\"PANTALONCINO IN FELPA ANTRACITE\" href=\"http:\/\/shop.annameglio.com\/shop-it\/babe-tess-pantalone-tuta-felpa-grigio-antracite\/\">PANTALONCINO IN FELPA ANTRACITE<\/a>.<\/strong> Un look comodo, pratico ma al tempo stesso speciale per qualsiasi occasione.<\/p>\n<p><a href=\"http:\/\/news.annameglio.com\/wp-content\/uploads\/2015\/08\/BabeTess_Boy.jpg\"><img loading=\"lazy\" class=\"aligncenter size-full wp-image-898\" src=\"http:\/\/news.annameglio.com\/wp-content\/uploads\/2015\/08\/BabeTess_Boy.jpg\" alt=\"Babe&amp;Tess_Boy\" width=\"700\" height=\"700\" \/><\/a><\/p>\n<p>Ecco a voi una nostra proposta anche per il bambino Babe &amp; Tess, con T-SHIRT MANICA LUNGA BEIGE E BLU SCURO in caldo jersey, fantasia a righe navy style e stampa numerica, abbinata al comodo e giocoso PANTALACCIO IN FELPA BLU con toppe.<\/p>\n<p><a href=\"http:\/\/news.annameglio.com\/wp-content\/uploads\/2015\/08\/BabeTess_Boy_1.jpg\"><img loading=\"lazy\" class=\"aligncenter size-full wp-image-899\" src=\"http:\/\/news.annameglio.com\/wp-content\/uploads\/2015\/08\/BabeTess_Boy_1.jpg\" alt=\"Babe&amp;Tess_Boy_1\" width=\"700\" height=\"700\" \/><\/a><\/p>\n<p>Molto interessanti anche le proposte per il newborn come le tenerissime tutine per boy &amp; grl a righe o a tinta unita ma non possiamo ovviamente raccontarvi tutto in questo post &#8230;.. molto pi\u00f9 facile dare un&#8217;occhiata alla selezione Autunno Inverno Babe &amp; Tess su <a title=\"COLLEZIONE AUTUNNO INVERNO 2015 BABE &amp; TESS\" href=\"http:\/\/shop.annameglio.com\/brand\/babe-tess\/\"><strong>ANNAMEGLIO<\/strong><\/a>. Non esitate come sempre a contattarci per qualsiasi richiesta, il team di ANNAMEGLIO \u00e8 a vostra disposizione! \u00a0Sere &amp; Francy<\/p>\n","protected":false},"excerpt":{"rendered":"<p>Promozione a pieni voti per la Collezione Autunno\/ Inverno 2015 della Babe &amp; Tess; anche questa volta ci siamo emozionate\u2026, assecondando le tendenze espresse dalla designer Paola Mazzochin, prediligendo gli accostamenti raffinati di nuance dai toni delicati come il tortora, il grigio melange ed il&#8230;<\/p>\n","protected":false},"author":1,"featured_media":0,"comment_status":"open","ping_status":"open","sticky":false,"template":"","format":"standard","meta":[],"categories":[1],"tags":[225],"yoast_head":"<!-- This site is optimized with the Yoast SEO plugin v19.7.2 - https:\/\/yoast.com\/wordpress\/plugins\/seo\/ -->\n<title>Babe &amp; Tess abbigliamento bambini - collezione Autunno-inverno 15<\/title>\n<meta name=\"robots\" content=\"index, follow, max-snippet:-1, max-image-preview:large, max-video-preview:-1\" \/>\n<link rel=\"canonical\" href=\"http:\/\/news.annameglio.com\/babe-tess-collezioni-autunno-inverno-2015\/\" \/>\n<meta property=\"og:locale\" content=\"en_US\" \/>\n<meta property=\"og:type\" content=\"article\" \/>\n<meta property=\"og:title\" content=\"Babe &amp; Tess abbigliamento bambini - collezione Autunno-inverno 15\" \/>\n<meta property=\"og:description\" content=\"Promozione a pieni voti per la Collezione Autunno\/ Inverno 2015 della Babe &amp; Tess; anche questa volta ci siamo emozionate\u2026, assecondando le tendenze espresse dalla designer Paola Mazzochin, prediligendo gli accostamenti raffinati di nuance dai toni delicati come il tortora, il grigio melange ed il...\" \/>\n<meta property=\"og:url\" content=\"http:\/\/news.annameglio.com\/babe-tess-collezioni-autunno-inverno-2015\/\" \/>\n<meta property=\"og:site_name\" content=\"Annameglio | Blog\" \/>\n<meta property=\"article:publisher\" content=\"https:\/\/www.facebook.com\/ANNAMEGLIO.news\" \/>\n<meta property=\"article:published_time\" content=\"2015-08-09T16:20:57+00:00\" \/>\n<meta property=\"article:modified_time\" content=\"2016-03-02T16:06:11+00:00\" \/>\n<meta property=\"og:image\" content=\"http:\/\/news.annameglio.com\/wp-content\/uploads\/2015\/08\/BabeTess_Girl.jpg\" \/>\n\t<meta property=\"og:image:width\" content=\"700\" \/>\n\t<meta property=\"og:image:height\" content=\"700\" \/>\n\t<meta property=\"og:image:type\" content=\"image\/jpeg\" \/>\n<meta name=\"author\" content=\"editorial-staff@annameglio\" \/>\n<meta name=\"twitter:card\" content=\"summary\" \/>\n<meta name=\"twitter:creator\" content=\"@annameglio_com\" \/>\n<meta name=\"twitter:site\" content=\"@annameglio_com\" \/>\n<meta name=\"twitter:label1\" content=\"Written by\" \/>\n\t<meta name=\"twitter:data1\" content=\"editorial-staff@annameglio\" \/>\n\t<meta name=\"twitter:label2\" content=\"Est. reading time\" \/>\n\t<meta name=\"twitter:data2\" content=\"1 minute\" \/>\n<script type=\"application\/ld+json\" class=\"yoast-schema-graph\">{\"@context\":\"https:\/\/schema.org\",\"@graph\":[{\"@type\":\"WebPage\",\"@id\":\"http:\/\/news.annameglio.com\/babe-tess-collezioni-autunno-inverno-2015\/\",\"url\":\"http:\/\/news.annameglio.com\/babe-tess-collezioni-autunno-inverno-2015\/\",\"name\":\"Babe & Tess abbigliamento bambini - collezione Autunno-inverno 15\",\"isPartOf\":{\"@id\":\"http:\/\/news.annameglio.com\/#website\"},\"datePublished\":\"2015-08-09T16:20:57+00:00\",\"dateModified\":\"2016-03-02T16:06:11+00:00\",\"author\":{\"@id\":\"http:\/\/news.annameglio.com\/#\/schema\/person\/d8ae57e0838f7bf7b3ee362d58823d7d\"},\"breadcrumb\":{\"@id\":\"http:\/\/news.annameglio.com\/babe-tess-collezioni-autunno-inverno-2015\/#breadcrumb\"},\"inLanguage\":\"en-US\",\"potentialAction\":[{\"@type\":\"ReadAction\",\"target\":[\"http:\/\/news.annameglio.com\/babe-tess-collezioni-autunno-inverno-2015\/\"]}]},{\"@type\":\"BreadcrumbList\",\"@id\":\"http:\/\/news.annameglio.com\/babe-tess-collezioni-autunno-inverno-2015\/#breadcrumb\",\"itemListElement\":[{\"@type\":\"ListItem\",\"position\":1,\"name\":\"Home\",\"item\":\"http:\/\/news.annameglio.com\/\"},{\"@type\":\"ListItem\",\"position\":2,\"name\":\"BABE &#038; TESS COLLEZIONI AUTUNNO INVERNO 2015\"}]},{\"@type\":\"WebSite\",\"@id\":\"http:\/\/news.annameglio.com\/#website\",\"url\":\"http:\/\/news.annameglio.com\/\",\"name\":\"Annameglio | Blog\",\"description\":\"\",\"potentialAction\":[{\"@type\":\"SearchAction\",\"target\":{\"@type\":\"EntryPoint\",\"urlTemplate\":\"http:\/\/news.annameglio.com\/?s={search_term_string}\"},\"query-input\":\"required name=search_term_string\"}],\"inLanguage\":\"en-US\"},{\"@type\":\"Person\",\"@id\":\"http:\/\/news.annameglio.com\/#\/schema\/person\/d8ae57e0838f7bf7b3ee362d58823d7d\",\"name\":\"editorial-staff@annameglio\",\"image\":{\"@type\":\"ImageObject\",\"inLanguage\":\"en-US\",\"@id\":\"http:\/\/news.annameglio.com\/#\/schema\/person\/image\/\",\"url\":\"http:\/\/0.gravatar.com\/avatar\/335f0a7fe767fb57e6045ac1fc00ed81?s=96&d=mm&r=g\",\"contentUrl\":\"http:\/\/0.gravatar.com\/avatar\/335f0a7fe767fb57e6045ac1fc00ed81?s=96&d=mm&r=g\",\"caption\":\"editorial-staff@annameglio\"},\"sameAs\":[\"http:\/\/annameglio.com\"],\"url\":\"http:\/\/news.annameglio.com\/en\/author\/adminannameglio\/\"}]}<\/script>\n<!-- \/ Yoast SEO plugin. -->","yoast_head_json":{"title":"Babe & Tess abbigliamento bambini - collezione Autunno-inverno 15","robots":{"index":"index","follow":"follow","max-snippet":"max-snippet:-1","max-image-preview":"max-image-preview:large","max-video-preview":"max-video-preview:-1"},"canonical":"http:\/\/news.annameglio.com\/babe-tess-collezioni-autunno-inverno-2015\/","og_locale":"en_US","og_type":"article","og_title":"Babe & Tess abbigliamento bambini - collezione Autunno-inverno 15","og_description":"Promozione a pieni voti per la Collezione Autunno\/ Inverno 2015 della Babe &amp; Tess; anche questa volta ci siamo emozionate\u2026, assecondando le tendenze espresse dalla designer Paola Mazzochin, prediligendo gli accostamenti raffinati di nuance dai toni delicati come il tortora, il grigio melange ed il...","og_url":"http:\/\/news.annameglio.com\/babe-tess-collezioni-autunno-inverno-2015\/","og_site_name":"Annameglio | Blog","article_publisher":"https:\/\/www.facebook.com\/ANNAMEGLIO.news","article_published_time":"2015-08-09T16:20:57+00:00","article_modified_time":"2016-03-02T16:06:11+00:00","og_image":[{"width":700,"height":700,"url":"http:\/\/news.annameglio.com\/wp-content\/uploads\/2015\/08\/BabeTess_Girl.jpg","type":"image\/jpeg"}],"author":"editorial-staff@annameglio","twitter_card":"summary","twitter_creator":"@annameglio_com","twitter_site":"@annameglio_com","twitter_misc":{"Written by":"editorial-staff@annameglio","Est. reading time":"1 minute"},"schema":{"@context":"https:\/\/schema.org","@graph":[{"@type":"WebPage","@id":"http:\/\/news.annameglio.com\/babe-tess-collezioni-autunno-inverno-2015\/","url":"http:\/\/news.annameglio.com\/babe-tess-collezioni-autunno-inverno-2015\/","name":"Babe & Tess abbigliamento bambini - collezione Autunno-inverno 15","isPartOf":{"@id":"http:\/\/news.annameglio.com\/#website"},"datePublished":"2015-08-09T16:20:57+00:00","dateModified":"2016-03-02T16:06:11+00:00","author":{"@id":"http:\/\/news.annameglio.com\/#\/schema\/person\/d8ae57e0838f7bf7b3ee362d58823d7d"},"breadcrumb":{"@id":"http:\/\/news.annameglio.com\/babe-tess-collezioni-autunno-inverno-2015\/#breadcrumb"},"inLanguage":"en-US","potentialAction":[{"@type":"ReadAction","target":["http:\/\/news.annameglio.com\/babe-tess-collezioni-autunno-inverno-2015\/"]}]},{"@type":"BreadcrumbList","@id":"http:\/\/news.annameglio.com\/babe-tess-collezioni-autunno-inverno-2015\/#breadcrumb","itemListElement":[{"@type":"ListItem","position":1,"name":"Home","item":"http:\/\/news.annameglio.com\/"},{"@type":"ListItem","position":2,"name":"BABE &#038; TESS COLLEZIONI AUTUNNO INVERNO 2015"}]},{"@type":"WebSite","@id":"http:\/\/news.annameglio.com\/#website","url":"http:\/\/news.annameglio.com\/","name":"Annameglio | Blog","description":"","potentialAction":[{"@type":"SearchAction","target":{"@type":"EntryPoint","urlTemplate":"http:\/\/news.annameglio.com\/?s={search_term_string}"},"query-input":"required name=search_term_string"}],"inLanguage":"en-US"},{"@type":"Person","@id":"http:\/\/news.annameglio.com\/#\/schema\/person\/d8ae57e0838f7bf7b3ee362d58823d7d","name":"editorial-staff@annameglio","image":{"@type":"ImageObject","inLanguage":"en-US","@id":"http:\/\/news.annameglio.com\/#\/schema\/person\/image\/","url":"http:\/\/0.gravatar.com\/avatar\/335f0a7fe767fb57e6045ac1fc00ed81?s=96&d=mm&r=g","contentUrl":"http:\/\/0.gravatar.com\/avatar\/335f0a7fe767fb57e6045ac1fc00ed81?s=96&d=mm&r=g","caption":"editorial-staff@annameglio"},"sameAs":["http:\/\/annameglio.com"],"url":"http:\/\/news.annameglio.com\/en\/author\/adminannameglio\/"}]}},"amp_enabled":false,"_links":{"self":[{"href":"http:\/\/news.annameglio.com\/en\/wp-json\/wp\/v2\/posts\/895"}],"collection":[{"href":"http:\/\/news.annameglio.com\/en\/wp-json\/wp\/v2\/posts"}],"about":[{"href":"http:\/\/news.annameglio.com\/en\/wp-json\/wp\/v2\/types\/post"}],"author":[{"embeddable":true,"href":"http:\/\/news.annameglio.com\/en\/wp-json\/wp\/v2\/users\/1"}],"replies":[{"embeddable":true,"href":"http:\/\/news.annameglio.com\/en\/wp-json\/wp\/v2\/comments?post=895"}],"version-history":[{"count":11,"href":"http:\/\/news.annameglio.com\/en\/wp-json\/wp\/v2\/posts\/895\/revisions"}],"predecessor-version":[{"id":1193,"href":"http:\/\/news.annameglio.com\/en\/wp-json\/wp\/v2\/posts\/895\/revisions\/1193"}],"wp:attachment":[{"href":"http:\/\/news.annameglio.com\/en\/wp-json\/wp\/v2\/media?parent=895"}],"wp:term":[{"taxonomy":"category","embeddable":true,"href":"http:\/\/news.annameglio.com\/en\/wp-json\/wp\/v2\/categories?post=895"},{"taxonomy":"post_tag","embeddable":true,"href":"http:\/\/news.annameglio.com\/en\/wp-json\/wp\/v2\/tags?post=895"}],"curies":[{"name":"wp","href":"https:\/\/api.w.org\/{rel}","templated":true}]}}