{"id":77,"date":"2013-09-19T11:05:21","date_gmt":"2013-09-19T11:05:21","guid":{"rendered":"http:\/\/localhost\/newsannameglio\/?p=77"},"modified":"2015-03-25T10:38:10","modified_gmt":"2015-03-25T10:38:10","slug":"herno-kids-piumino-e-dintorni","status":"publish","type":"post","link":"http:\/\/news.annameglio.com\/en\/herno-kids-piumino-e-dintorni\/","title":{"rendered":"Herno kids: piumino e dintorni"},"content":{"rendered":"<p>Un debutto atteso quello che vede protagonista per quest\u2019invernoHerno, marchio di out wear e capospalla, che lancia sul mercato la sua prima linea kids. I 12 piumini maschili e femminili in vendita sul nostro online shop raccontano il tentativo di rivisitazione dei modelli iconici della tradizione Herno per adattarli alle avventure quotidiane dei bambini per esempio mantenendo la leggerezza che contraddistingue i prodotti del marchio, ma rendendo le texture pi\u00f9 resistenti. Ma non solo. Per far fronte al freddo infatti sono stati studiati giubbotti dall\u2019imbottitura extra con tecnologia Polar Tech arricchiti di dettagli super caldi come bordi di maglia e maxi cappucci.<\/p>\n<p><a href=\"http:\/\/news.annameglio.com\/wp-content\/uploads\/2014\/01\/HERNO_BEIGE_.jpg\"><img loading=\"lazy\" class=\"aligncenter size-full wp-image-78\" alt=\"HERNO_BEIGE_\" src=\"http:\/\/news.annameglio.com\/wp-content\/uploads\/2014\/01\/HERNO_BEIGE_.jpg\" width=\"380\" height=\"280\" \/><\/a><\/p>\n<p>Per la bambina Herno propone nuove cappe decisamente ampie, ma sempre cool, mentre per il bambino le nuove field racket con tasche. Per quanto riguarda la vestibilit\u00e0, i piumini Herno della linea kids si distinguono per la loro comodit\u00e0 grazie alla possibilit\u00e0 di vestire bimbi e bimbe alte fino a 1,77 cm. Date un\u2019occhio alla nostra guida taglie e verificate le dimensioni del prodotto! Venite a scoprire le nuove proposte della linea kids Herno sul nostro<a title=\"Shop\" href=\"http:\/\/shop.annameglio.com\/\" target=\"_blank\"> online shop<\/a>, tanto accattivanti da far breccia anche tra i pi\u00f9 grandi!<\/p>\n<p><strong>Herno kids: jackets and around<\/strong><\/p>\n<p>An eagerly awaited debut for Herno for this winter, brand of out wear, which launches its first kids collection. The 12 jackets and coats for sale on our online shop tell the attempt to revisit the iconic models of the Herno\u2019s tradition to fit the daily adventures of children for example by maintaining the lightness that characterizes the products of the brand, making it more resistant textures. But not only. To face\u00a0 the cold infact it has been designed jackets with Polar Tech \u00a0 technology enriched with details like super hot and maxi edges of mesh caps. For girls Herno proposes new hoods that are quite large, but always cool, while for boys\u00a0 the new field racket with pockets. As for the fit, the duvets Herno kids distinguished by their comfort with the possibility of dressing boys and girls high up to 1.77 cm. Give an eye to our size guide and check the size of the product! Come and discover the new proposals of\u00a0 Herno kids collection on our <a title=\"Anna Meglio online shop\" href=\"http:\/\/en-shop.annameglio.com\/\" target=\"_blank\">online shop<\/a>, so attractive that also men and women fall in love for them!<\/p>\n","protected":false},"excerpt":{"rendered":"<p>Un debutto atteso quello che vede protagonista per quest\u2019invernoHerno, marchio di out wear e capospalla, che lancia sul mercato la sua prima linea kids. I 12 piumini maschili e femminili in vendita sul nostro online shop raccontano il tentativo di rivisitazione dei modelli iconici della&#8230;<\/p>\n","protected":false},"author":1,"featured_media":0,"comment_status":"open","ping_status":"open","sticky":false,"template":"","format":"standard","meta":[],"categories":[1],"tags":[91],"yoast_head":"<!-- This site is optimized with the Yoast SEO plugin v19.7.2 - https:\/\/yoast.com\/wordpress\/plugins\/seo\/ -->\n<title>Herno kids: piumino e dintorni - Annameglio | Blog<\/title>\n<meta name=\"robots\" content=\"index, follow, max-snippet:-1, max-image-preview:large, max-video-preview:-1\" \/>\n<link rel=\"canonical\" href=\"http:\/\/news.annameglio.com\/herno-kids-piumino-e-dintorni\/\" \/>\n<meta property=\"og:locale\" content=\"en_US\" \/>\n<meta property=\"og:type\" content=\"article\" \/>\n<meta property=\"og:title\" content=\"Herno kids: piumino e dintorni - Annameglio | Blog\" \/>\n<meta property=\"og:description\" content=\"Un debutto atteso quello che vede protagonista per quest\u2019invernoHerno, marchio di out wear e capospalla, che lancia sul mercato la sua prima linea kids. I 12 piumini maschili e femminili in vendita sul nostro online shop raccontano il tentativo di rivisitazione dei modelli iconici della...\" \/>\n<meta property=\"og:url\" content=\"http:\/\/news.annameglio.com\/herno-kids-piumino-e-dintorni\/\" \/>\n<meta property=\"og:site_name\" content=\"Annameglio | Blog\" \/>\n<meta property=\"article:publisher\" content=\"https:\/\/www.facebook.com\/ANNAMEGLIO.news\" \/>\n<meta property=\"article:published_time\" content=\"2013-09-19T11:05:21+00:00\" \/>\n<meta property=\"article:modified_time\" content=\"2015-03-25T10:38:10+00:00\" \/>\n<meta property=\"og:image\" content=\"http:\/\/news.annameglio.com\/wp-content\/uploads\/2014\/01\/HERNO_BEIGE_.jpg\" \/>\n<meta name=\"author\" content=\"editorial-staff@annameglio\" \/>\n<meta name=\"twitter:card\" content=\"summary\" \/>\n<meta name=\"twitter:creator\" content=\"@annameglio_com\" \/>\n<meta name=\"twitter:site\" content=\"@annameglio_com\" \/>\n<meta name=\"twitter:label1\" content=\"Written by\" \/>\n\t<meta name=\"twitter:data1\" content=\"editorial-staff@annameglio\" \/>\n\t<meta name=\"twitter:label2\" content=\"Est. reading time\" \/>\n\t<meta name=\"twitter:data2\" content=\"2 minutes\" \/>\n<script type=\"application\/ld+json\" class=\"yoast-schema-graph\">{\"@context\":\"https:\/\/schema.org\",\"@graph\":[{\"@type\":\"WebPage\",\"@id\":\"http:\/\/news.annameglio.com\/herno-kids-piumino-e-dintorni\/\",\"url\":\"http:\/\/news.annameglio.com\/herno-kids-piumino-e-dintorni\/\",\"name\":\"Herno kids: piumino e dintorni - Annameglio | Blog\",\"isPartOf\":{\"@id\":\"http:\/\/news.annameglio.com\/#website\"},\"datePublished\":\"2013-09-19T11:05:21+00:00\",\"dateModified\":\"2015-03-25T10:38:10+00:00\",\"author\":{\"@id\":\"http:\/\/news.annameglio.com\/#\/schema\/person\/d8ae57e0838f7bf7b3ee362d58823d7d\"},\"breadcrumb\":{\"@id\":\"http:\/\/news.annameglio.com\/herno-kids-piumino-e-dintorni\/#breadcrumb\"},\"inLanguage\":\"en-US\",\"potentialAction\":[{\"@type\":\"ReadAction\",\"target\":[\"http:\/\/news.annameglio.com\/herno-kids-piumino-e-dintorni\/\"]}]},{\"@type\":\"BreadcrumbList\",\"@id\":\"http:\/\/news.annameglio.com\/herno-kids-piumino-e-dintorni\/#breadcrumb\",\"itemListElement\":[{\"@type\":\"ListItem\",\"position\":1,\"name\":\"Home\",\"item\":\"http:\/\/news.annameglio.com\/\"},{\"@type\":\"ListItem\",\"position\":2,\"name\":\"Herno kids: piumino e dintorni\"}]},{\"@type\":\"WebSite\",\"@id\":\"http:\/\/news.annameglio.com\/#website\",\"url\":\"http:\/\/news.annameglio.com\/\",\"name\":\"Annameglio | Blog\",\"description\":\"\",\"potentialAction\":[{\"@type\":\"SearchAction\",\"target\":{\"@type\":\"EntryPoint\",\"urlTemplate\":\"http:\/\/news.annameglio.com\/?s={search_term_string}\"},\"query-input\":\"required name=search_term_string\"}],\"inLanguage\":\"en-US\"},{\"@type\":\"Person\",\"@id\":\"http:\/\/news.annameglio.com\/#\/schema\/person\/d8ae57e0838f7bf7b3ee362d58823d7d\",\"name\":\"editorial-staff@annameglio\",\"image\":{\"@type\":\"ImageObject\",\"inLanguage\":\"en-US\",\"@id\":\"http:\/\/news.annameglio.com\/#\/schema\/person\/image\/\",\"url\":\"http:\/\/0.gravatar.com\/avatar\/335f0a7fe767fb57e6045ac1fc00ed81?s=96&d=mm&r=g\",\"contentUrl\":\"http:\/\/0.gravatar.com\/avatar\/335f0a7fe767fb57e6045ac1fc00ed81?s=96&d=mm&r=g\",\"caption\":\"editorial-staff@annameglio\"},\"sameAs\":[\"http:\/\/annameglio.com\"],\"url\":\"http:\/\/news.annameglio.com\/en\/author\/adminannameglio\/\"}]}<\/script>\n<!-- \/ Yoast SEO plugin. -->","yoast_head_json":{"title":"Herno kids: piumino e dintorni - Annameglio | Blog","robots":{"index":"index","follow":"follow","max-snippet":"max-snippet:-1","max-image-preview":"max-image-preview:large","max-video-preview":"max-video-preview:-1"},"canonical":"http:\/\/news.annameglio.com\/herno-kids-piumino-e-dintorni\/","og_locale":"en_US","og_type":"article","og_title":"Herno kids: piumino e dintorni - Annameglio | Blog","og_description":"Un debutto atteso quello che vede protagonista per quest\u2019invernoHerno, marchio di out wear e capospalla, che lancia sul mercato la sua prima linea kids. I 12 piumini maschili e femminili in vendita sul nostro online shop raccontano il tentativo di rivisitazione dei modelli iconici della...","og_url":"http:\/\/news.annameglio.com\/herno-kids-piumino-e-dintorni\/","og_site_name":"Annameglio | Blog","article_publisher":"https:\/\/www.facebook.com\/ANNAMEGLIO.news","article_published_time":"2013-09-19T11:05:21+00:00","article_modified_time":"2015-03-25T10:38:10+00:00","og_image":[{"url":"http:\/\/news.annameglio.com\/wp-content\/uploads\/2014\/01\/HERNO_BEIGE_.jpg"}],"author":"editorial-staff@annameglio","twitter_card":"summary","twitter_creator":"@annameglio_com","twitter_site":"@annameglio_com","twitter_misc":{"Written by":"editorial-staff@annameglio","Est. reading time":"2 minutes"},"schema":{"@context":"https:\/\/schema.org","@graph":[{"@type":"WebPage","@id":"http:\/\/news.annameglio.com\/herno-kids-piumino-e-dintorni\/","url":"http:\/\/news.annameglio.com\/herno-kids-piumino-e-dintorni\/","name":"Herno kids: piumino e dintorni - Annameglio | Blog","isPartOf":{"@id":"http:\/\/news.annameglio.com\/#website"},"datePublished":"2013-09-19T11:05:21+00:00","dateModified":"2015-03-25T10:38:10+00:00","author":{"@id":"http:\/\/news.annameglio.com\/#\/schema\/person\/d8ae57e0838f7bf7b3ee362d58823d7d"},"breadcrumb":{"@id":"http:\/\/news.annameglio.com\/herno-kids-piumino-e-dintorni\/#breadcrumb"},"inLanguage":"en-US","potentialAction":[{"@type":"ReadAction","target":["http:\/\/news.annameglio.com\/herno-kids-piumino-e-dintorni\/"]}]},{"@type":"BreadcrumbList","@id":"http:\/\/news.annameglio.com\/herno-kids-piumino-e-dintorni\/#breadcrumb","itemListElement":[{"@type":"ListItem","position":1,"name":"Home","item":"http:\/\/news.annameglio.com\/"},{"@type":"ListItem","position":2,"name":"Herno kids: piumino e dintorni"}]},{"@type":"WebSite","@id":"http:\/\/news.annameglio.com\/#website","url":"http:\/\/news.annameglio.com\/","name":"Annameglio | Blog","description":"","potentialAction":[{"@type":"SearchAction","target":{"@type":"EntryPoint","urlTemplate":"http:\/\/news.annameglio.com\/?s={search_term_string}"},"query-input":"required name=search_term_string"}],"inLanguage":"en-US"},{"@type":"Person","@id":"http:\/\/news.annameglio.com\/#\/schema\/person\/d8ae57e0838f7bf7b3ee362d58823d7d","name":"editorial-staff@annameglio","image":{"@type":"ImageObject","inLanguage":"en-US","@id":"http:\/\/news.annameglio.com\/#\/schema\/person\/image\/","url":"http:\/\/0.gravatar.com\/avatar\/335f0a7fe767fb57e6045ac1fc00ed81?s=96&d=mm&r=g","contentUrl":"http:\/\/0.gravatar.com\/avatar\/335f0a7fe767fb57e6045ac1fc00ed81?s=96&d=mm&r=g","caption":"editorial-staff@annameglio"},"sameAs":["http:\/\/annameglio.com"],"url":"http:\/\/news.annameglio.com\/en\/author\/adminannameglio\/"}]}},"amp_enabled":false,"_links":{"self":[{"href":"http:\/\/news.annameglio.com\/en\/wp-json\/wp\/v2\/posts\/77"}],"collection":[{"href":"http:\/\/news.annameglio.com\/en\/wp-json\/wp\/v2\/posts"}],"about":[{"href":"http:\/\/news.annameglio.com\/en\/wp-json\/wp\/v2\/types\/post"}],"author":[{"embeddable":true,"href":"http:\/\/news.annameglio.com\/en\/wp-json\/wp\/v2\/users\/1"}],"replies":[{"embeddable":true,"href":"http:\/\/news.annameglio.com\/en\/wp-json\/wp\/v2\/comments?post=77"}],"version-history":[{"count":3,"href":"http:\/\/news.annameglio.com\/en\/wp-json\/wp\/v2\/posts\/77\/revisions"}],"predecessor-version":[{"id":641,"href":"http:\/\/news.annameglio.com\/en\/wp-json\/wp\/v2\/posts\/77\/revisions\/641"}],"wp:attachment":[{"href":"http:\/\/news.annameglio.com\/en\/wp-json\/wp\/v2\/media?parent=77"}],"wp:term":[{"taxonomy":"category","embeddable":true,"href":"http:\/\/news.annameglio.com\/en\/wp-json\/wp\/v2\/categories?post=77"},{"taxonomy":"post_tag","embeddable":true,"href":"http:\/\/news.annameglio.com\/en\/wp-json\/wp\/v2\/tags?post=77"}],"curies":[{"name":"wp","href":"https:\/\/api.w.org\/{rel}","templated":true}]}}