{"id":712,"date":"2015-05-14T15:31:00","date_gmt":"2015-05-14T15:31:00","guid":{"rendered":"http:\/\/news.annameglio.com\/?p=712"},"modified":"2015-10-27T18:30:03","modified_gmt":"2015-10-27T18:30:03","slug":"moncler-bambino-smanicati-e-piumini-ultraleggeri","status":"publish","type":"post","link":"http:\/\/news.annameglio.com\/en\/moncler-bambino-smanicati-e-piumini-ultraleggeri\/","title":{"rendered":"Moncler Bambino: smanicati e piumini ultraleggeri"},"content":{"rendered":"<p>La selezione di piumini, giacche e smanicati Moncler della collezione Primavera Estate 2015 \u00e8 molto accattivante, perfetta per affrontare con stile questa \u201cimprevedibile\u201d primavera o comunque per proteggersi dagli sbalzi termici tutto l\u2019anno.<br \/>\nPiumini ultraleggeri per le bambine dalle tinte vivaci o pastello, piumini smanicati da bambino in tessuto tecnico dai toni decisi.<\/p>\n<p><em>Moncler Kids Spring Summer 2015 Collection is very attractive and perfect to wear during this &#8220;unpredictable&#8221; spring or at least to protect themselves from changeable temperature of others period of the year.<\/em><br \/>\n<em>Ultralight down jackets for baby girls in bright or pastel colors and gilets for boys in tech fabric.<\/em><br \/>\n<a href=\"http:\/\/news.annameglio.com\/wp-content\/uploads\/2015\/05\/Moncler-Joelle-pink.jpg\"><img loading=\"lazy\" class=\"aligncenter size-full wp-image-718\" alt=\"Moncler Joelle pink\" src=\"http:\/\/news.annameglio.com\/wp-content\/uploads\/2015\/05\/Moncler-Joelle-pink.jpg\" width=\"1000\" height=\"1000\" \/><\/a><br \/>\n<!--more-->Piumini bambina ultraleggeri: <a title=\"Moncler Joelle \" href=\"http:\/\/shop.annameglio.com\/shop-it\/moncler-joelle-piumino-neonata-trapuntato-rosa\/\" target=\"_blank\">Moncler JOELLE<\/a>\u00a0&#8211;\u00a0Moncler Baby Girl down jacket:\u00a0<a title=\"Moncler Joelle shop en\" href=\"http:\/\/en-shop.annameglio.com\/store\/moncler-joelle-light-pink-quilted-jacket\" target=\"_blank\">Moncler Joelle<\/a><br \/>\nSmanicati per bambino: <a title=\"Moncler GUI bambino\" href=\"http:\/\/shop.annameglio.com\/shop-it\/moncler-smanicato-bambino-rosso\/\" target=\"_blank\">Moncler GUI<\/a>\u00a0&#8211;\u00a0Moncler Boys down padded gilet:\u00a0<a title=\"Moncler GUI shop en\" href=\"http:\/\/en-shop.annameglio.com\/store\/moncler-boys-gui-down-padded-gilet-red\" target=\"_blank\">Moncler GUI<\/a><a href=\"http:\/\/news.annameglio.com\/wp-content\/uploads\/2015\/05\/Moncler-GUI-red.jpg\"><img loading=\"lazy\" class=\"aligncenter size-full wp-image-719\" alt=\"Moncler GUI red\" src=\"http:\/\/news.annameglio.com\/wp-content\/uploads\/2015\/05\/Moncler-GUI-red.jpg\" width=\"1000\" height=\"1000\" \/><\/a><br \/>\nL\u2019eccellente qualit\u00e0 dei materiali Moncler garantisce traspirabilit\u00e0, impermeabilit\u00e0 ed estrema leggerezza.<br \/>\nI capi dei vostri bimbi diventano quindi impachettabili e di minimo ingombro, senza stropicciarsi. Sar\u00e0 cos\u00ec possibile metterli facilmente in valigia per le vacanze, stipandoli in un piccolo zainetto, per poi tirarli fuori, all&#8217;occorrenza, assolutamente perfetti!<\/p>\n<p><em> The excellence and quality of materials ensures breathability, water resistance and extreme lightness.<\/em><br \/>\n<em> The jacket of your children becomes so &#8220;packageable&#8221; with high space saving, without generate creasing. This will make possible put it easily in your suitcase for your holidays without generate creasing and then take them out, if necessary, absolutely perfect!<\/em><\/p>\n<p>Acquista gli smanicati bambino Moncler ed i piumini bambina Moncler\u00a0nei negozi Anna Meglio di Sora, Fiuggi e Frosinone ed anche online su\u00a0<a title=\"Anna Meglio online shop\" href=\"http:\/\/shop.annameglio.com\/\" target=\"_blank\">shop.annameglio.com<\/a>\u00a0Vai direttamente a Moncler =&gt; clicca\u00a0<a title=\"Moncler bambino\" href=\"http:\/\/shop.annameglio.com\/brand\/moncler\/\" target=\"_blank\">qui<\/a><\/p>\n<p><em>Moncler Kids Clothig Spring Summer 2015 collection is available in stores and online at\u00a0<a title=\"Anna Meglio en shop\" href=\"http:\/\/en-shop.annameglio.com\/\" target=\"_blank\">shop.annameglio.com<\/a>\u00a0Go directly to Moncler =&gt;\u00a0<a title=\"Moncler Kids\" href=\"http:\/\/en-shop.annameglio.com\/brand\/moncler-kids-en\" target=\"_blank\">click here<\/a><\/em><\/p>\n<p>&nbsp;<\/p>\n","protected":false},"excerpt":{"rendered":"<p>La selezione di piumini, giacche e smanicati Moncler della collezione Primavera Estate 2015 \u00e8 molto accattivante, perfetta per affrontare con stile questa \u201cimprevedibile\u201d primavera o comunque per proteggersi dagli sbalzi termici tutto l\u2019anno. Piumini ultraleggeri per le bambine dalle tinte vivaci o pastello, piumini smanicati&#8230;<\/p>\n","protected":false},"author":1,"featured_media":0,"comment_status":"open","ping_status":"open","sticky":false,"template":"","format":"standard","meta":[],"categories":[1],"tags":[140,91,139],"yoast_head":"<!-- This site is optimized with the Yoast SEO plugin v19.7.2 - https:\/\/yoast.com\/wordpress\/plugins\/seo\/ -->\n<title>Moncler Bambino: smanicati e piumini ultraleggeri - Annameglio | Blog<\/title>\n<meta name=\"robots\" content=\"index, follow, max-snippet:-1, max-image-preview:large, max-video-preview:-1\" \/>\n<link rel=\"canonical\" href=\"http:\/\/news.annameglio.com\/moncler-bambino-smanicati-e-piumini-ultraleggeri\/\" \/>\n<meta property=\"og:locale\" content=\"en_US\" \/>\n<meta property=\"og:type\" content=\"article\" \/>\n<meta property=\"og:title\" content=\"Moncler Bambino: smanicati e piumini ultraleggeri - Annameglio | Blog\" \/>\n<meta property=\"og:description\" content=\"La selezione di piumini, giacche e smanicati Moncler della collezione Primavera Estate 2015 \u00e8 molto accattivante, perfetta per affrontare con stile questa \u201cimprevedibile\u201d primavera o comunque per proteggersi dagli sbalzi termici tutto l\u2019anno. Piumini ultraleggeri per le bambine dalle tinte vivaci o pastello, piumini smanicati...\" \/>\n<meta property=\"og:url\" content=\"http:\/\/news.annameglio.com\/moncler-bambino-smanicati-e-piumini-ultraleggeri\/\" \/>\n<meta property=\"og:site_name\" content=\"Annameglio | Blog\" \/>\n<meta property=\"article:publisher\" content=\"https:\/\/www.facebook.com\/ANNAMEGLIO.news\" \/>\n<meta property=\"article:published_time\" content=\"2015-05-14T15:31:00+00:00\" \/>\n<meta property=\"article:modified_time\" content=\"2015-10-27T18:30:03+00:00\" \/>\n<meta property=\"og:image\" content=\"http:\/\/news.annameglio.com\/wp-content\/uploads\/2015\/05\/Moncler-Joelle-pink.jpg\" \/>\n<meta name=\"author\" content=\"editorial-staff@annameglio\" \/>\n<meta name=\"twitter:card\" content=\"summary\" \/>\n<meta name=\"twitter:creator\" content=\"@annameglio_com\" \/>\n<meta name=\"twitter:site\" content=\"@annameglio_com\" \/>\n<meta name=\"twitter:label1\" content=\"Written by\" \/>\n\t<meta name=\"twitter:data1\" content=\"editorial-staff@annameglio\" \/>\n\t<meta name=\"twitter:label2\" content=\"Est. reading time\" \/>\n\t<meta name=\"twitter:data2\" content=\"1 minute\" \/>\n<script type=\"application\/ld+json\" class=\"yoast-schema-graph\">{\"@context\":\"https:\/\/schema.org\",\"@graph\":[{\"@type\":\"WebPage\",\"@id\":\"http:\/\/news.annameglio.com\/moncler-bambino-smanicati-e-piumini-ultraleggeri\/\",\"url\":\"http:\/\/news.annameglio.com\/moncler-bambino-smanicati-e-piumini-ultraleggeri\/\",\"name\":\"Moncler Bambino: smanicati e piumini ultraleggeri - Annameglio | Blog\",\"isPartOf\":{\"@id\":\"http:\/\/news.annameglio.com\/#website\"},\"datePublished\":\"2015-05-14T15:31:00+00:00\",\"dateModified\":\"2015-10-27T18:30:03+00:00\",\"author\":{\"@id\":\"http:\/\/news.annameglio.com\/#\/schema\/person\/d8ae57e0838f7bf7b3ee362d58823d7d\"},\"breadcrumb\":{\"@id\":\"http:\/\/news.annameglio.com\/moncler-bambino-smanicati-e-piumini-ultraleggeri\/#breadcrumb\"},\"inLanguage\":\"en-US\",\"potentialAction\":[{\"@type\":\"ReadAction\",\"target\":[\"http:\/\/news.annameglio.com\/moncler-bambino-smanicati-e-piumini-ultraleggeri\/\"]}]},{\"@type\":\"BreadcrumbList\",\"@id\":\"http:\/\/news.annameglio.com\/moncler-bambino-smanicati-e-piumini-ultraleggeri\/#breadcrumb\",\"itemListElement\":[{\"@type\":\"ListItem\",\"position\":1,\"name\":\"Home\",\"item\":\"http:\/\/news.annameglio.com\/\"},{\"@type\":\"ListItem\",\"position\":2,\"name\":\"Moncler Bambino: smanicati e piumini ultraleggeri\"}]},{\"@type\":\"WebSite\",\"@id\":\"http:\/\/news.annameglio.com\/#website\",\"url\":\"http:\/\/news.annameglio.com\/\",\"name\":\"Annameglio | Blog\",\"description\":\"\",\"potentialAction\":[{\"@type\":\"SearchAction\",\"target\":{\"@type\":\"EntryPoint\",\"urlTemplate\":\"http:\/\/news.annameglio.com\/?s={search_term_string}\"},\"query-input\":\"required name=search_term_string\"}],\"inLanguage\":\"en-US\"},{\"@type\":\"Person\",\"@id\":\"http:\/\/news.annameglio.com\/#\/schema\/person\/d8ae57e0838f7bf7b3ee362d58823d7d\",\"name\":\"editorial-staff@annameglio\",\"image\":{\"@type\":\"ImageObject\",\"inLanguage\":\"en-US\",\"@id\":\"http:\/\/news.annameglio.com\/#\/schema\/person\/image\/\",\"url\":\"http:\/\/0.gravatar.com\/avatar\/335f0a7fe767fb57e6045ac1fc00ed81?s=96&d=mm&r=g\",\"contentUrl\":\"http:\/\/0.gravatar.com\/avatar\/335f0a7fe767fb57e6045ac1fc00ed81?s=96&d=mm&r=g\",\"caption\":\"editorial-staff@annameglio\"},\"sameAs\":[\"http:\/\/annameglio.com\"],\"url\":\"http:\/\/news.annameglio.com\/en\/author\/adminannameglio\/\"}]}<\/script>\n<!-- \/ Yoast SEO plugin. -->","yoast_head_json":{"title":"Moncler Bambino: smanicati e piumini ultraleggeri - Annameglio | Blog","robots":{"index":"index","follow":"follow","max-snippet":"max-snippet:-1","max-image-preview":"max-image-preview:large","max-video-preview":"max-video-preview:-1"},"canonical":"http:\/\/news.annameglio.com\/moncler-bambino-smanicati-e-piumini-ultraleggeri\/","og_locale":"en_US","og_type":"article","og_title":"Moncler Bambino: smanicati e piumini ultraleggeri - Annameglio | Blog","og_description":"La selezione di piumini, giacche e smanicati Moncler della collezione Primavera Estate 2015 \u00e8 molto accattivante, perfetta per affrontare con stile questa \u201cimprevedibile\u201d primavera o comunque per proteggersi dagli sbalzi termici tutto l\u2019anno. Piumini ultraleggeri per le bambine dalle tinte vivaci o pastello, piumini smanicati...","og_url":"http:\/\/news.annameglio.com\/moncler-bambino-smanicati-e-piumini-ultraleggeri\/","og_site_name":"Annameglio | Blog","article_publisher":"https:\/\/www.facebook.com\/ANNAMEGLIO.news","article_published_time":"2015-05-14T15:31:00+00:00","article_modified_time":"2015-10-27T18:30:03+00:00","og_image":[{"url":"http:\/\/news.annameglio.com\/wp-content\/uploads\/2015\/05\/Moncler-Joelle-pink.jpg"}],"author":"editorial-staff@annameglio","twitter_card":"summary","twitter_creator":"@annameglio_com","twitter_site":"@annameglio_com","twitter_misc":{"Written by":"editorial-staff@annameglio","Est. reading time":"1 minute"},"schema":{"@context":"https:\/\/schema.org","@graph":[{"@type":"WebPage","@id":"http:\/\/news.annameglio.com\/moncler-bambino-smanicati-e-piumini-ultraleggeri\/","url":"http:\/\/news.annameglio.com\/moncler-bambino-smanicati-e-piumini-ultraleggeri\/","name":"Moncler Bambino: smanicati e piumini ultraleggeri - Annameglio | Blog","isPartOf":{"@id":"http:\/\/news.annameglio.com\/#website"},"datePublished":"2015-05-14T15:31:00+00:00","dateModified":"2015-10-27T18:30:03+00:00","author":{"@id":"http:\/\/news.annameglio.com\/#\/schema\/person\/d8ae57e0838f7bf7b3ee362d58823d7d"},"breadcrumb":{"@id":"http:\/\/news.annameglio.com\/moncler-bambino-smanicati-e-piumini-ultraleggeri\/#breadcrumb"},"inLanguage":"en-US","potentialAction":[{"@type":"ReadAction","target":["http:\/\/news.annameglio.com\/moncler-bambino-smanicati-e-piumini-ultraleggeri\/"]}]},{"@type":"BreadcrumbList","@id":"http:\/\/news.annameglio.com\/moncler-bambino-smanicati-e-piumini-ultraleggeri\/#breadcrumb","itemListElement":[{"@type":"ListItem","position":1,"name":"Home","item":"http:\/\/news.annameglio.com\/"},{"@type":"ListItem","position":2,"name":"Moncler Bambino: smanicati e piumini ultraleggeri"}]},{"@type":"WebSite","@id":"http:\/\/news.annameglio.com\/#website","url":"http:\/\/news.annameglio.com\/","name":"Annameglio | Blog","description":"","potentialAction":[{"@type":"SearchAction","target":{"@type":"EntryPoint","urlTemplate":"http:\/\/news.annameglio.com\/?s={search_term_string}"},"query-input":"required name=search_term_string"}],"inLanguage":"en-US"},{"@type":"Person","@id":"http:\/\/news.annameglio.com\/#\/schema\/person\/d8ae57e0838f7bf7b3ee362d58823d7d","name":"editorial-staff@annameglio","image":{"@type":"ImageObject","inLanguage":"en-US","@id":"http:\/\/news.annameglio.com\/#\/schema\/person\/image\/","url":"http:\/\/0.gravatar.com\/avatar\/335f0a7fe767fb57e6045ac1fc00ed81?s=96&d=mm&r=g","contentUrl":"http:\/\/0.gravatar.com\/avatar\/335f0a7fe767fb57e6045ac1fc00ed81?s=96&d=mm&r=g","caption":"editorial-staff@annameglio"},"sameAs":["http:\/\/annameglio.com"],"url":"http:\/\/news.annameglio.com\/en\/author\/adminannameglio\/"}]}},"amp_enabled":false,"_links":{"self":[{"href":"http:\/\/news.annameglio.com\/en\/wp-json\/wp\/v2\/posts\/712"}],"collection":[{"href":"http:\/\/news.annameglio.com\/en\/wp-json\/wp\/v2\/posts"}],"about":[{"href":"http:\/\/news.annameglio.com\/en\/wp-json\/wp\/v2\/types\/post"}],"author":[{"embeddable":true,"href":"http:\/\/news.annameglio.com\/en\/wp-json\/wp\/v2\/users\/1"}],"replies":[{"embeddable":true,"href":"http:\/\/news.annameglio.com\/en\/wp-json\/wp\/v2\/comments?post=712"}],"version-history":[{"count":11,"href":"http:\/\/news.annameglio.com\/en\/wp-json\/wp\/v2\/posts\/712\/revisions"}],"predecessor-version":[{"id":921,"href":"http:\/\/news.annameglio.com\/en\/wp-json\/wp\/v2\/posts\/712\/revisions\/921"}],"wp:attachment":[{"href":"http:\/\/news.annameglio.com\/en\/wp-json\/wp\/v2\/media?parent=712"}],"wp:term":[{"taxonomy":"category","embeddable":true,"href":"http:\/\/news.annameglio.com\/en\/wp-json\/wp\/v2\/categories?post=712"},{"taxonomy":"post_tag","embeddable":true,"href":"http:\/\/news.annameglio.com\/en\/wp-json\/wp\/v2\/tags?post=712"}],"curies":[{"name":"wp","href":"https:\/\/api.w.org\/{rel}","templated":true}]}}