{"id":7010,"date":"2024-10-22T17:50:25","date_gmt":"2024-10-22T16:50:25","guid":{"rendered":"http:\/\/news.annameglio.com\/?p=7010"},"modified":"2024-10-28T17:36:35","modified_gmt":"2024-10-28T16:36:35","slug":"capispalla-2024-bambine-e-ragazze-must-have","status":"publish","type":"post","link":"http:\/\/news.annameglio.com\/en\/capispalla-2024-bambine-e-ragazze-must-have\/","title":{"rendered":"Outerwear for Girls and Teens must-have edition"},"content":{"rendered":"<p>As every year we want to give you a small taste of the captivating selection of outerwear for girls and young women. We have carefully chosen the new models, focusing especially on three crucial aspects: innovative design, quality of materials and sustainability.<\/p>\n<p><a href=\"https:\/\/www.annameglio.com\/en\/product\/herno\/light+pink+short+down+jacket+in+light+nylon\/\" target=\"_blank\" rel=\"https:\/\/www.annameglio.com\/en\/product\/herno\/light+pink+short+down+jacket+in+light+nylon\/ noopener\"><img loading=\"lazy\" class=\"aligncenter wp-image-7030 size-full\" src=\"http:\/\/news.annameglio.com\/wp-content\/uploads\/2024\/10\/herno-piumino-bomber-light-nylon-stretch-1.jpg\" alt=\"\" width=\"600\" height=\"900\" srcset=\"http:\/\/news.annameglio.com\/wp-content\/uploads\/2024\/10\/herno-piumino-bomber-light-nylon-stretch-1.jpg 600w, http:\/\/news.annameglio.com\/wp-content\/uploads\/2024\/10\/herno-piumino-bomber-light-nylon-stretch-1-200x300.jpg 200w\" sizes=\"(max-width: 600px) 100vw, 600px\" \/><\/a><\/p>\n<p>Very soft pink bomber jacket by HERNO in 20 denier warp-woven nylon. A pleasant-to-the-touch fabric that gives the garment a special shine. Perfect for teenagers (and for mothers who are lucky enough to wear sizes 12\/14 years), super comfortable fit, high neck, double-slider full-zip closure, metal logo. Goose down padding, water-repellent treatment. A classic by HERNO, the eco-wool and ultralight nylon parka in the refined Chantilly shade. Made of combed virgin wool twill, a garment that respects strict environmental, social and economic standards (Responsible Wool Standard). Sleeves and hood finished in the iconic Ultralight Nylon.<a href=\"https:\/\/www.annameglio.com\/en\/product\/herno\/short+camel+down+jacket+in+light+nylon\/\" target=\"_blank\" rel=\"https:\/\/www.annameglio.com\/en\/product\/herno\/short+camel+down+jacket+in+light+nylon\/ noopener\"><img loading=\"lazy\" class=\"aligncenter wp-image-7031 size-full\" src=\"http:\/\/news.annameglio.com\/wp-content\/uploads\/2024\/10\/herno-giacche-parka-bomber-ultra-light-bambine-ragazze-1.jpg\" alt=\"\" width=\"600\" height=\"900\" srcset=\"http:\/\/news.annameglio.com\/wp-content\/uploads\/2024\/10\/herno-giacche-parka-bomber-ultra-light-bambine-ragazze-1.jpg 600w, http:\/\/news.annameglio.com\/wp-content\/uploads\/2024\/10\/herno-giacche-parka-bomber-ultra-light-bambine-ragazze-1-200x300.jpg 200w\" sizes=\"(max-width: 600px) 100vw, 600px\" \/><\/a><\/p>\n<p>Exclusive camel bomber by HERNO. A warm, refined and very feminine nuance. A garment that lends itself to sporty or more sophisticated and demanding outfits. If you love a long and enveloping garment, you cannot miss the <a href=\"https:\/\/www.annameglio.com\/en\/product\/herno\/parka+in+nylon+signed+herno\/\" target=\"_blank\" rel=\"noopener\"><strong>ultralight nylon parka with teddy hood<\/strong><\/a>. The unmistakable A-shape cut by HERNO gives comfort and elegance, a touch of distinctive style of this prestigious 100% Made in Italy brand.<a href=\"https:\/\/www.annameglio.com\/en\/product\/herno\/soft+faux+fur+coat+by+herno\/\" target=\"_blank\" rel=\"https:\/\/www.annameglio.com\/en\/product\/herno\/soft+faux+fur+coat+by+herno\/ noopener\"><img loading=\"lazy\" class=\"aligncenter wp-image-7032 size-full\" src=\"http:\/\/news.annameglio.com\/wp-content\/uploads\/2024\/10\/herno-pelliccia-ecologica-herno-girl-1.jpg\" alt=\"\" width=\"600\" height=\"900\" srcset=\"http:\/\/news.annameglio.com\/wp-content\/uploads\/2024\/10\/herno-pelliccia-ecologica-herno-girl-1.jpg 600w, http:\/\/news.annameglio.com\/wp-content\/uploads\/2024\/10\/herno-pelliccia-ecologica-herno-girl-1-200x300.jpg 200w\" sizes=\"(max-width: 600px) 100vw, 600px\" \/><\/a><\/p>\n<p>If you love softness, comfort and elegance, you can&#8217;t miss the beautiful camel eco-fur coat by HERNO. An extraordinary garment with an oversized fit, a faithful companion to live the winter season as a protagonist. Like every year, we select only the best of the outerwear proposals for girls and young women. In this article we have given you just a small taste of our wide selection of outerwear; discover everything else on <a href=\"https:\/\/www.annameglio.com\/en\/\" target=\"_blank\" rel=\"noopener\"><strong>annameglio.com<\/strong><\/a> or in one of our boutiques!As every year we want to give you a small taste of the captivating selection of outerwear for girls and young women. We have carefully chosen the new models, focusing especially on three crucial aspects: innovative design, quality of materials and sustainability.<\/p>\n<p><a href=\"https:\/\/www.annameglio.com\/en\/product\/herno\/light+pink+short+down+jacket+in+light+nylon\/\" target=\"_blank\" rel=\"https:\/\/www.annameglio.com\/en\/product\/herno\/light+pink+short+down+jacket+in+light+nylon\/ noopener\"><img loading=\"lazy\" class=\"aligncenter wp-image-7030 size-full\" src=\"http:\/\/news.annameglio.com\/wp-content\/uploads\/2024\/10\/herno-piumino-bomber-light-nylon-stretch-1.jpg\" alt=\"\" width=\"600\" height=\"900\" srcset=\"http:\/\/news.annameglio.com\/wp-content\/uploads\/2024\/10\/herno-piumino-bomber-light-nylon-stretch-1.jpg 600w, http:\/\/news.annameglio.com\/wp-content\/uploads\/2024\/10\/herno-piumino-bomber-light-nylon-stretch-1-200x300.jpg 200w\" sizes=\"(max-width: 600px) 100vw, 600px\" \/><\/a><\/p>\n<p>Very soft pink bomber jacket by HERNO in 20 denier warp-woven nylon. A pleasant-to-the-touch fabric that gives the garment a special shine. Perfect for teenagers (and for mothers who are lucky enough to wear sizes 12\/14 years), super comfortable fit, high neck, double-slider full-zip closure, metal logo. Goose down padding, water-repellent treatment. A classic by HERNO, the eco-wool and ultralight nylon parka in the refined Chantilly shade. Made of combed virgin wool twill, a garment that respects strict environmental, social and economic standards (Responsible Wool Standard). Sleeves and hood finished in the iconic Ultralight Nylon.<a href=\"https:\/\/www.annameglio.com\/en\/product\/herno\/short+camel+down+jacket+in+light+nylon\/\" target=\"_blank\" rel=\"https:\/\/www.annameglio.com\/en\/product\/herno\/short+camel+down+jacket+in+light+nylon\/ noopener\"><img loading=\"lazy\" class=\"aligncenter wp-image-7031 size-full\" src=\"http:\/\/news.annameglio.com\/wp-content\/uploads\/2024\/10\/herno-giacche-parka-bomber-ultra-light-bambine-ragazze-1.jpg\" alt=\"\" width=\"600\" height=\"900\" srcset=\"http:\/\/news.annameglio.com\/wp-content\/uploads\/2024\/10\/herno-giacche-parka-bomber-ultra-light-bambine-ragazze-1.jpg 600w, http:\/\/news.annameglio.com\/wp-content\/uploads\/2024\/10\/herno-giacche-parka-bomber-ultra-light-bambine-ragazze-1-200x300.jpg 200w\" sizes=\"(max-width: 600px) 100vw, 600px\" \/><\/a><\/p>\n<p>Exclusive camel bomber by HERNO. A warm, refined and very feminine nuance. A garment that lends itself to sporty or more sophisticated and demanding outfits. If you love a long and enveloping garment, you cannot miss the <a href=\"https:\/\/www.annameglio.com\/en\/product\/herno\/parka+in+nylon+signed+herno\/\" target=\"_blank\" rel=\"noopener\"><strong>ultralight nylon parka with teddy hood<\/strong><\/a>. The unmistakable A-shape cut by HERNO gives comfort and elegance, a touch of distinctive style of this prestigious 100% Made in Italy brand.<a href=\"https:\/\/www.annameglio.com\/en\/product\/herno\/soft+faux+fur+coat+by+herno\/\" target=\"_blank\" rel=\"https:\/\/www.annameglio.com\/en\/product\/herno\/soft+faux+fur+coat+by+herno\/ noopener\"><img loading=\"lazy\" class=\"aligncenter wp-image-7032 size-full\" src=\"http:\/\/news.annameglio.com\/wp-content\/uploads\/2024\/10\/herno-pelliccia-ecologica-herno-girl-1.jpg\" alt=\"\" width=\"600\" height=\"900\" srcset=\"http:\/\/news.annameglio.com\/wp-content\/uploads\/2024\/10\/herno-pelliccia-ecologica-herno-girl-1.jpg 600w, http:\/\/news.annameglio.com\/wp-content\/uploads\/2024\/10\/herno-pelliccia-ecologica-herno-girl-1-200x300.jpg 200w\" sizes=\"(max-width: 600px) 100vw, 600px\" \/><\/a><\/p>\n<p>If you love softness, comfort and elegance, you can&#8217;t miss the beautiful camel eco-fur coat by HERNO. An extraordinary garment with an oversized fit, a faithful companion to live the winter season as a protagonist. Like every year, we select only the best of the outerwear proposals for girls and young women. In this article we have given you just a small taste of our wide selection of outerwear; discover everything else on <a href=\"https:\/\/www.annameglio.com\/en\/\" target=\"_blank\" rel=\"noopener\"><strong>annameglio.com<\/strong><\/a> or in one of our boutiques!<\/p>","protected":false},"excerpt":{"rendered":"<p>As every year we want to give you a small taste of the captivating selection of outerwear for girls and young women. We have carefully chosen the new models, focusing especially on three crucial aspects: innovative design, quality of materials and sustainability. Very soft pink&#8230;<\/p>\n","protected":false},"author":1,"featured_media":7011,"comment_status":"closed","ping_status":"closed","sticky":false,"template":"","format":"standard","meta":[],"categories":[1],"tags":[],"yoast_head":"<!-- This site is optimized with the Yoast SEO plugin v19.7.2 - https:\/\/yoast.com\/wordpress\/plugins\/seo\/ -->\n<title>Outerwear for Girls and Teens must-have edition - Annameglio | Blog<\/title>\n<meta name=\"description\" content=\"(Italiano) Capispalla 2024 per Bambine e Ragazze. Abbiamo scelto con cura i nuovi modelli concentrandoci soprattutto su tre aspetti cruciali: design innovativo, qualit\u00e0 dei materiali e sostenibilit\u00e0. Scopri di pi\u00f9 su annameglio.com shop online\" \/>\n<meta name=\"robots\" content=\"index, follow, max-snippet:-1, max-image-preview:large, max-video-preview:-1\" \/>\n<link rel=\"canonical\" href=\"http:\/\/news.annameglio.com\/capispalla-2024-bambine-e-ragazze-must-have\/\" \/>\n<meta property=\"og:locale\" content=\"en_US\" \/>\n<meta property=\"og:type\" content=\"article\" \/>\n<meta property=\"og:title\" content=\"Outerwear for Girls and Teens must-have edition - Annameglio | Blog\" \/>\n<meta property=\"og:description\" content=\"{:it}Capispalla 2024 per Bambine e Ragazze. Abbiamo scelto con cura i nuovi modelli concentrandoci soprattutto su tre aspetti cruciali: design innovativo, qualit\u00e0 dei materiali e sostenibilit\u00e0. Scopri di pi\u00f9 su annameglio.com shop online{:}\" \/>\n<meta property=\"og:url\" content=\"http:\/\/news.annameglio.com\/capispalla-2024-bambine-e-ragazze-must-have\/\" \/>\n<meta property=\"og:site_name\" content=\"Annameglio | Blog\" \/>\n<meta property=\"article:publisher\" content=\"https:\/\/www.facebook.com\/ANNAMEGLIO.news\" \/>\n<meta property=\"article:published_time\" content=\"2024-10-22T16:50:25+00:00\" \/>\n<meta property=\"article:modified_time\" content=\"2024-10-28T16:36:35+00:00\" \/>\n<meta property=\"og:image\" content=\"http:\/\/news.annameglio.com\/wp-content\/uploads\/2024\/10\/capispalla-firmati-bambina-fallwinter-annameglio.jpg\" \/>\n\t<meta property=\"og:image:width\" content=\"713\" \/>\n\t<meta property=\"og:image:height\" content=\"572\" \/>\n\t<meta property=\"og:image:type\" content=\"image\/jpeg\" \/>\n<meta name=\"author\" content=\"editorial-staff@annameglio\" \/>\n<meta name=\"twitter:card\" content=\"summary\" \/>\n<meta name=\"twitter:creator\" content=\"@annameglio_com\" \/>\n<meta name=\"twitter:site\" content=\"@annameglio_com\" \/>\n<meta name=\"twitter:label1\" content=\"Written by\" \/>\n\t<meta name=\"twitter:data1\" content=\"editorial-staff@annameglio\" \/>\n\t<meta name=\"twitter:label2\" content=\"Est. reading time\" \/>\n\t<meta name=\"twitter:data2\" content=\"5 minutes\" \/>\n<script type=\"application\/ld+json\" class=\"yoast-schema-graph\">{\"@context\":\"https:\/\/schema.org\",\"@graph\":[{\"@type\":\"WebPage\",\"@id\":\"http:\/\/news.annameglio.com\/capispalla-2024-bambine-e-ragazze-must-have\/\",\"url\":\"http:\/\/news.annameglio.com\/capispalla-2024-bambine-e-ragazze-must-have\/\",\"name\":\"Outerwear for Girls and Teens must-have edition - Annameglio | Blog\",\"isPartOf\":{\"@id\":\"http:\/\/news.annameglio.com\/#website\"},\"datePublished\":\"2024-10-22T16:50:25+00:00\",\"dateModified\":\"2024-10-28T16:36:35+00:00\",\"author\":{\"@id\":\"http:\/\/news.annameglio.com\/#\/schema\/person\/d8ae57e0838f7bf7b3ee362d58823d7d\"},\"description\":\"{:it}Capispalla 2024 per Bambine e Ragazze. Abbiamo scelto con cura i nuovi modelli concentrandoci soprattutto su tre aspetti cruciali: design innovativo, qualit\u00e0 dei materiali e sostenibilit\u00e0. Scopri di pi\u00f9 su annameglio.com shop online{:}\",\"breadcrumb\":{\"@id\":\"http:\/\/news.annameglio.com\/capispalla-2024-bambine-e-ragazze-must-have\/#breadcrumb\"},\"inLanguage\":\"en-US\",\"potentialAction\":[{\"@type\":\"ReadAction\",\"target\":[\"http:\/\/news.annameglio.com\/capispalla-2024-bambine-e-ragazze-must-have\/\"]}]},{\"@type\":\"BreadcrumbList\",\"@id\":\"http:\/\/news.annameglio.com\/capispalla-2024-bambine-e-ragazze-must-have\/#breadcrumb\",\"itemListElement\":[{\"@type\":\"ListItem\",\"position\":1,\"name\":\"Home\",\"item\":\"http:\/\/news.annameglio.com\/\"},{\"@type\":\"ListItem\",\"position\":2,\"name\":\"Capispalla 2024 per Bambine e Ragazze must-have edition\"}]},{\"@type\":\"WebSite\",\"@id\":\"http:\/\/news.annameglio.com\/#website\",\"url\":\"http:\/\/news.annameglio.com\/\",\"name\":\"Annameglio | Blog\",\"description\":\"\",\"potentialAction\":[{\"@type\":\"SearchAction\",\"target\":{\"@type\":\"EntryPoint\",\"urlTemplate\":\"http:\/\/news.annameglio.com\/?s={search_term_string}\"},\"query-input\":\"required name=search_term_string\"}],\"inLanguage\":\"en-US\"},{\"@type\":\"Person\",\"@id\":\"http:\/\/news.annameglio.com\/#\/schema\/person\/d8ae57e0838f7bf7b3ee362d58823d7d\",\"name\":\"editorial-staff@annameglio\",\"image\":{\"@type\":\"ImageObject\",\"inLanguage\":\"en-US\",\"@id\":\"http:\/\/news.annameglio.com\/#\/schema\/person\/image\/\",\"url\":\"http:\/\/0.gravatar.com\/avatar\/335f0a7fe767fb57e6045ac1fc00ed81?s=96&d=mm&r=g\",\"contentUrl\":\"http:\/\/0.gravatar.com\/avatar\/335f0a7fe767fb57e6045ac1fc00ed81?s=96&d=mm&r=g\",\"caption\":\"editorial-staff@annameglio\"},\"sameAs\":[\"http:\/\/annameglio.com\"],\"url\":\"http:\/\/news.annameglio.com\/en\/author\/adminannameglio\/\"}]}<\/script>\n<!-- \/ Yoast SEO plugin. -->","yoast_head_json":{"title":"Outerwear for Girls and Teens must-have edition - Annameglio | Blog","description":"(Italiano) Capispalla 2024 per Bambine e Ragazze. Abbiamo scelto con cura i nuovi modelli concentrandoci soprattutto su tre aspetti cruciali: design innovativo, qualit\u00e0 dei materiali e sostenibilit\u00e0. Scopri di pi\u00f9 su annameglio.com shop online","robots":{"index":"index","follow":"follow","max-snippet":"max-snippet:-1","max-image-preview":"max-image-preview:large","max-video-preview":"max-video-preview:-1"},"canonical":"http:\/\/news.annameglio.com\/capispalla-2024-bambine-e-ragazze-must-have\/","og_locale":"en_US","og_type":"article","og_title":"Outerwear for Girls and Teens must-have edition - Annameglio | Blog","og_description":"{:it}Capispalla 2024 per Bambine e Ragazze. Abbiamo scelto con cura i nuovi modelli concentrandoci soprattutto su tre aspetti cruciali: design innovativo, qualit\u00e0 dei materiali e sostenibilit\u00e0. Scopri di pi\u00f9 su annameglio.com shop online{:}","og_url":"http:\/\/news.annameglio.com\/capispalla-2024-bambine-e-ragazze-must-have\/","og_site_name":"Annameglio | Blog","article_publisher":"https:\/\/www.facebook.com\/ANNAMEGLIO.news","article_published_time":"2024-10-22T16:50:25+00:00","article_modified_time":"2024-10-28T16:36:35+00:00","og_image":[{"width":713,"height":572,"url":"http:\/\/news.annameglio.com\/wp-content\/uploads\/2024\/10\/capispalla-firmati-bambina-fallwinter-annameglio.jpg","type":"image\/jpeg"}],"author":"editorial-staff@annameglio","twitter_card":"summary","twitter_creator":"@annameglio_com","twitter_site":"@annameglio_com","twitter_misc":{"Written by":"editorial-staff@annameglio","Est. reading time":"5 minutes"},"schema":{"@context":"https:\/\/schema.org","@graph":[{"@type":"WebPage","@id":"http:\/\/news.annameglio.com\/capispalla-2024-bambine-e-ragazze-must-have\/","url":"http:\/\/news.annameglio.com\/capispalla-2024-bambine-e-ragazze-must-have\/","name":"Outerwear for Girls and Teens must-have edition - Annameglio | Blog","isPartOf":{"@id":"http:\/\/news.annameglio.com\/#website"},"datePublished":"2024-10-22T16:50:25+00:00","dateModified":"2024-10-28T16:36:35+00:00","author":{"@id":"http:\/\/news.annameglio.com\/#\/schema\/person\/d8ae57e0838f7bf7b3ee362d58823d7d"},"description":"{:it}Capispalla 2024 per Bambine e Ragazze. Abbiamo scelto con cura i nuovi modelli concentrandoci soprattutto su tre aspetti cruciali: design innovativo, qualit\u00e0 dei materiali e sostenibilit\u00e0. Scopri di pi\u00f9 su annameglio.com shop online{:}","breadcrumb":{"@id":"http:\/\/news.annameglio.com\/capispalla-2024-bambine-e-ragazze-must-have\/#breadcrumb"},"inLanguage":"en-US","potentialAction":[{"@type":"ReadAction","target":["http:\/\/news.annameglio.com\/capispalla-2024-bambine-e-ragazze-must-have\/"]}]},{"@type":"BreadcrumbList","@id":"http:\/\/news.annameglio.com\/capispalla-2024-bambine-e-ragazze-must-have\/#breadcrumb","itemListElement":[{"@type":"ListItem","position":1,"name":"Home","item":"http:\/\/news.annameglio.com\/"},{"@type":"ListItem","position":2,"name":"Capispalla 2024 per Bambine e Ragazze must-have edition"}]},{"@type":"WebSite","@id":"http:\/\/news.annameglio.com\/#website","url":"http:\/\/news.annameglio.com\/","name":"Annameglio | Blog","description":"","potentialAction":[{"@type":"SearchAction","target":{"@type":"EntryPoint","urlTemplate":"http:\/\/news.annameglio.com\/?s={search_term_string}"},"query-input":"required name=search_term_string"}],"inLanguage":"en-US"},{"@type":"Person","@id":"http:\/\/news.annameglio.com\/#\/schema\/person\/d8ae57e0838f7bf7b3ee362d58823d7d","name":"editorial-staff@annameglio","image":{"@type":"ImageObject","inLanguage":"en-US","@id":"http:\/\/news.annameglio.com\/#\/schema\/person\/image\/","url":"http:\/\/0.gravatar.com\/avatar\/335f0a7fe767fb57e6045ac1fc00ed81?s=96&d=mm&r=g","contentUrl":"http:\/\/0.gravatar.com\/avatar\/335f0a7fe767fb57e6045ac1fc00ed81?s=96&d=mm&r=g","caption":"editorial-staff@annameglio"},"sameAs":["http:\/\/annameglio.com"],"url":"http:\/\/news.annameglio.com\/en\/author\/adminannameglio\/"}]}},"amp_enabled":false,"_links":{"self":[{"href":"http:\/\/news.annameglio.com\/en\/wp-json\/wp\/v2\/posts\/7010"}],"collection":[{"href":"http:\/\/news.annameglio.com\/en\/wp-json\/wp\/v2\/posts"}],"about":[{"href":"http:\/\/news.annameglio.com\/en\/wp-json\/wp\/v2\/types\/post"}],"author":[{"embeddable":true,"href":"http:\/\/news.annameglio.com\/en\/wp-json\/wp\/v2\/users\/1"}],"replies":[{"embeddable":true,"href":"http:\/\/news.annameglio.com\/en\/wp-json\/wp\/v2\/comments?post=7010"}],"version-history":[{"count":35,"href":"http:\/\/news.annameglio.com\/en\/wp-json\/wp\/v2\/posts\/7010\/revisions"}],"predecessor-version":[{"id":7053,"href":"http:\/\/news.annameglio.com\/en\/wp-json\/wp\/v2\/posts\/7010\/revisions\/7053"}],"wp:featuredmedia":[{"embeddable":true,"href":"http:\/\/news.annameglio.com\/en\/wp-json\/wp\/v2\/media\/7011"}],"wp:attachment":[{"href":"http:\/\/news.annameglio.com\/en\/wp-json\/wp\/v2\/media?parent=7010"}],"wp:term":[{"taxonomy":"category","embeddable":true,"href":"http:\/\/news.annameglio.com\/en\/wp-json\/wp\/v2\/categories?post=7010"},{"taxonomy":"post_tag","embeddable":true,"href":"http:\/\/news.annameglio.com\/en\/wp-json\/wp\/v2\/tags?post=7010"}],"curies":[{"name":"wp","href":"https:\/\/api.w.org\/{rel}","templated":true}]}}