{"id":62,"date":"2013-10-25T10:55:34","date_gmt":"2013-10-25T10:55:34","guid":{"rendered":"http:\/\/localhost\/newsannameglio\/?p=62"},"modified":"2015-03-25T10:34:46","modified_gmt":"2015-03-25T10:34:46","slug":"minifix-e-twin-set-girl-labito-da-bambina-tra-stile-pudico-e-pin-up","status":"publish","type":"post","link":"http:\/\/news.annameglio.com\/en\/minifix-e-twin-set-girl-labito-da-bambina-tra-stile-pudico-e-pin-up\/","title":{"rendered":"Minifix e Twin-Set Girl: l\u2019abito da bambina tra stile pudico e pin-up"},"content":{"rendered":"<p>La moda \u00e8 birichina proprio come una bambina. Ed ecco che per quest\u2019inverno l\u2019abito si fa in due, con delle proposte agli antipodi che oscillano tra uno stile pudico con linee pure e lunghezze fin sotto il ginocchio che si contrappone ad uno stile pin-up caratterizzato da dettagli luminosi e femminili.<\/p>\n<p><a href=\"http:\/\/news.annameglio.com\/wp-content\/uploads\/2014\/01\/Twin-Set-Girl-Simona-Barbie.jpg\"><img loading=\"lazy\" class=\"aligncenter size-full wp-image-63\" alt=\"Twin-Set-Girl-Simona-Barbie\" src=\"http:\/\/news.annameglio.com\/wp-content\/uploads\/2014\/01\/Twin-Set-Girl-Simona-Barbie.jpg\" width=\"380\" height=\"242\" \/><\/a><\/p>\n<p>Ben rappresentano questo trend Minifix e Twin Set Girl. Dedicato alle piccole di casa Fixdesign, \u00e8 l\u2019abito dalle tonalit\u00e0 delicate e dalle linee pure che nasce nel solco della dolcezza, per trasformare in magia anche l\u2019inverno pi\u00f9 intenso. Per Minifix infatti l\u2019abito raffinato \u00e8 quasi una tunica, iper pudico nelle lunghezze ed anche nei dettagli, vedi il colletto dalle forme tonde e tinta unita. Unico vezzo concesso \u00e8 una discreta balza alla gonna.<\/p>\n<p><a href=\"http:\/\/news.annameglio.com\/wp-content\/uploads\/2014\/01\/Minifix-abito-colleto.jpg\"><img loading=\"lazy\" class=\"aligncenter size-full wp-image-64\" alt=\"Minifix-abito-colleto\" src=\"http:\/\/news.annameglio.com\/wp-content\/uploads\/2014\/01\/Minifix-abito-colleto.jpg\" width=\"380\" height=\"380\" \/><\/a><\/p>\n<p>Twin\u2013Set Girl invece strizza l\u2019occhio a sottovesti in pizzo un po\u2019 malandrine che spuntano sotto l\u2019abito in lana rosa, che arriva appena al ginocchio. Si cede inoltre alle tentazioni del colore con un intarsio fatto di ricami e paillettes, perch\u00e9 da che moda \u00e8 moda, osare non \u00e8 peccato!<\/p>\n<p><strong>Minifix and Twin-Set Girl: demure or pin-up girl style<\/strong><\/p>\n<p>Fashion is just like a naughty girl and this winter the dress includes from a modest style with clean lines and lengths below the knee to a pin-up style characterized by bright and female accents .<\/p>\n<p>Well represent this trend Minifix and Twin Set Girl. Fixdesign dedicates to young girls the dress of delicate shades and pure lines (in the box on the left) that comes in the wake of sweetness,\u00a0 to transform even the most intense winter in a magic moment.\u00a0 For Minifix in fact the dress is almost a fine tunic , hyper modest in length and also in the details, see the collar round shapes and solid colors. The only quirk granted is a discrete flounce on the dress .<\/p>\n<p>Twin-Set Girl winks lace petticoats springing up under the dress in pink wool, which comes just to the knee. It also gives in to the temptations of color with an inlay made \u200b\u200bof embroidery and sequins, because that fashion is fashion, and daring is not a sin !<\/p>\n","protected":false},"excerpt":{"rendered":"<p>La moda \u00e8 birichina proprio come una bambina. Ed ecco che per quest\u2019inverno l\u2019abito si fa in due, con delle proposte agli antipodi che oscillano tra uno stile pudico con linee pure e lunghezze fin sotto il ginocchio che si contrappone ad uno stile pin-up&#8230;<\/p>\n","protected":false},"author":1,"featured_media":0,"comment_status":"open","ping_status":"open","sticky":false,"template":"","format":"standard","meta":[],"categories":[1],"tags":[86,6,222,87],"yoast_head":"<!-- This site is optimized with the Yoast SEO plugin v19.7.2 - https:\/\/yoast.com\/wordpress\/plugins\/seo\/ -->\n<title>Minifix e Twin-Set Girl: l\u2019abito da bambina tra stile pudico e pin-up - Annameglio | Blog<\/title>\n<meta name=\"robots\" content=\"index, follow, max-snippet:-1, max-image-preview:large, max-video-preview:-1\" \/>\n<link rel=\"canonical\" href=\"http:\/\/news.annameglio.com\/minifix-e-twin-set-girl-labito-da-bambina-tra-stile-pudico-e-pin-up\/\" \/>\n<meta property=\"og:locale\" content=\"en_US\" \/>\n<meta property=\"og:type\" content=\"article\" \/>\n<meta property=\"og:title\" content=\"Minifix e Twin-Set Girl: l\u2019abito da bambina tra stile pudico e pin-up - Annameglio | Blog\" \/>\n<meta property=\"og:description\" content=\"La moda \u00e8 birichina proprio come una bambina. Ed ecco che per quest\u2019inverno l\u2019abito si fa in due, con delle proposte agli antipodi che oscillano tra uno stile pudico con linee pure e lunghezze fin sotto il ginocchio che si contrappone ad uno stile pin-up...\" \/>\n<meta property=\"og:url\" content=\"http:\/\/news.annameglio.com\/minifix-e-twin-set-girl-labito-da-bambina-tra-stile-pudico-e-pin-up\/\" \/>\n<meta property=\"og:site_name\" content=\"Annameglio | Blog\" \/>\n<meta property=\"article:publisher\" content=\"https:\/\/www.facebook.com\/ANNAMEGLIO.news\" \/>\n<meta property=\"article:published_time\" content=\"2013-10-25T10:55:34+00:00\" \/>\n<meta property=\"article:modified_time\" content=\"2015-03-25T10:34:46+00:00\" \/>\n<meta property=\"og:image\" content=\"http:\/\/news.annameglio.com\/wp-content\/uploads\/2014\/01\/Twin-Set-Girl-Simona-Barbie.jpg\" \/>\n<meta name=\"author\" content=\"editorial-staff@annameglio\" \/>\n<meta name=\"twitter:card\" content=\"summary\" \/>\n<meta name=\"twitter:creator\" content=\"@annameglio_com\" \/>\n<meta name=\"twitter:site\" content=\"@annameglio_com\" \/>\n<meta name=\"twitter:label1\" content=\"Written by\" \/>\n\t<meta name=\"twitter:data1\" content=\"editorial-staff@annameglio\" \/>\n\t<meta name=\"twitter:label2\" content=\"Est. reading time\" \/>\n\t<meta name=\"twitter:data2\" content=\"2 minutes\" \/>\n<script type=\"application\/ld+json\" class=\"yoast-schema-graph\">{\"@context\":\"https:\/\/schema.org\",\"@graph\":[{\"@type\":\"WebPage\",\"@id\":\"http:\/\/news.annameglio.com\/minifix-e-twin-set-girl-labito-da-bambina-tra-stile-pudico-e-pin-up\/\",\"url\":\"http:\/\/news.annameglio.com\/minifix-e-twin-set-girl-labito-da-bambina-tra-stile-pudico-e-pin-up\/\",\"name\":\"Minifix e Twin-Set Girl: l\u2019abito da bambina tra stile pudico e pin-up - Annameglio | Blog\",\"isPartOf\":{\"@id\":\"http:\/\/news.annameglio.com\/#website\"},\"datePublished\":\"2013-10-25T10:55:34+00:00\",\"dateModified\":\"2015-03-25T10:34:46+00:00\",\"author\":{\"@id\":\"http:\/\/news.annameglio.com\/#\/schema\/person\/d8ae57e0838f7bf7b3ee362d58823d7d\"},\"breadcrumb\":{\"@id\":\"http:\/\/news.annameglio.com\/minifix-e-twin-set-girl-labito-da-bambina-tra-stile-pudico-e-pin-up\/#breadcrumb\"},\"inLanguage\":\"en-US\",\"potentialAction\":[{\"@type\":\"ReadAction\",\"target\":[\"http:\/\/news.annameglio.com\/minifix-e-twin-set-girl-labito-da-bambina-tra-stile-pudico-e-pin-up\/\"]}]},{\"@type\":\"BreadcrumbList\",\"@id\":\"http:\/\/news.annameglio.com\/minifix-e-twin-set-girl-labito-da-bambina-tra-stile-pudico-e-pin-up\/#breadcrumb\",\"itemListElement\":[{\"@type\":\"ListItem\",\"position\":1,\"name\":\"Home\",\"item\":\"http:\/\/news.annameglio.com\/\"},{\"@type\":\"ListItem\",\"position\":2,\"name\":\"Minifix e Twin-Set Girl: l\u2019abito da bambina tra stile pudico e pin-up\"}]},{\"@type\":\"WebSite\",\"@id\":\"http:\/\/news.annameglio.com\/#website\",\"url\":\"http:\/\/news.annameglio.com\/\",\"name\":\"Annameglio | Blog\",\"description\":\"\",\"potentialAction\":[{\"@type\":\"SearchAction\",\"target\":{\"@type\":\"EntryPoint\",\"urlTemplate\":\"http:\/\/news.annameglio.com\/?s={search_term_string}\"},\"query-input\":\"required name=search_term_string\"}],\"inLanguage\":\"en-US\"},{\"@type\":\"Person\",\"@id\":\"http:\/\/news.annameglio.com\/#\/schema\/person\/d8ae57e0838f7bf7b3ee362d58823d7d\",\"name\":\"editorial-staff@annameglio\",\"image\":{\"@type\":\"ImageObject\",\"inLanguage\":\"en-US\",\"@id\":\"http:\/\/news.annameglio.com\/#\/schema\/person\/image\/\",\"url\":\"http:\/\/0.gravatar.com\/avatar\/335f0a7fe767fb57e6045ac1fc00ed81?s=96&d=mm&r=g\",\"contentUrl\":\"http:\/\/0.gravatar.com\/avatar\/335f0a7fe767fb57e6045ac1fc00ed81?s=96&d=mm&r=g\",\"caption\":\"editorial-staff@annameglio\"},\"sameAs\":[\"http:\/\/annameglio.com\"],\"url\":\"http:\/\/news.annameglio.com\/en\/author\/adminannameglio\/\"}]}<\/script>\n<!-- \/ Yoast SEO plugin. -->","yoast_head_json":{"title":"Minifix e Twin-Set Girl: l\u2019abito da bambina tra stile pudico e pin-up - Annameglio | Blog","robots":{"index":"index","follow":"follow","max-snippet":"max-snippet:-1","max-image-preview":"max-image-preview:large","max-video-preview":"max-video-preview:-1"},"canonical":"http:\/\/news.annameglio.com\/minifix-e-twin-set-girl-labito-da-bambina-tra-stile-pudico-e-pin-up\/","og_locale":"en_US","og_type":"article","og_title":"Minifix e Twin-Set Girl: l\u2019abito da bambina tra stile pudico e pin-up - Annameglio | Blog","og_description":"La moda \u00e8 birichina proprio come una bambina. Ed ecco che per quest\u2019inverno l\u2019abito si fa in due, con delle proposte agli antipodi che oscillano tra uno stile pudico con linee pure e lunghezze fin sotto il ginocchio che si contrappone ad uno stile pin-up...","og_url":"http:\/\/news.annameglio.com\/minifix-e-twin-set-girl-labito-da-bambina-tra-stile-pudico-e-pin-up\/","og_site_name":"Annameglio | Blog","article_publisher":"https:\/\/www.facebook.com\/ANNAMEGLIO.news","article_published_time":"2013-10-25T10:55:34+00:00","article_modified_time":"2015-03-25T10:34:46+00:00","og_image":[{"url":"http:\/\/news.annameglio.com\/wp-content\/uploads\/2014\/01\/Twin-Set-Girl-Simona-Barbie.jpg"}],"author":"editorial-staff@annameglio","twitter_card":"summary","twitter_creator":"@annameglio_com","twitter_site":"@annameglio_com","twitter_misc":{"Written by":"editorial-staff@annameglio","Est. reading time":"2 minutes"},"schema":{"@context":"https:\/\/schema.org","@graph":[{"@type":"WebPage","@id":"http:\/\/news.annameglio.com\/minifix-e-twin-set-girl-labito-da-bambina-tra-stile-pudico-e-pin-up\/","url":"http:\/\/news.annameglio.com\/minifix-e-twin-set-girl-labito-da-bambina-tra-stile-pudico-e-pin-up\/","name":"Minifix e Twin-Set Girl: l\u2019abito da bambina tra stile pudico e pin-up - Annameglio | Blog","isPartOf":{"@id":"http:\/\/news.annameglio.com\/#website"},"datePublished":"2013-10-25T10:55:34+00:00","dateModified":"2015-03-25T10:34:46+00:00","author":{"@id":"http:\/\/news.annameglio.com\/#\/schema\/person\/d8ae57e0838f7bf7b3ee362d58823d7d"},"breadcrumb":{"@id":"http:\/\/news.annameglio.com\/minifix-e-twin-set-girl-labito-da-bambina-tra-stile-pudico-e-pin-up\/#breadcrumb"},"inLanguage":"en-US","potentialAction":[{"@type":"ReadAction","target":["http:\/\/news.annameglio.com\/minifix-e-twin-set-girl-labito-da-bambina-tra-stile-pudico-e-pin-up\/"]}]},{"@type":"BreadcrumbList","@id":"http:\/\/news.annameglio.com\/minifix-e-twin-set-girl-labito-da-bambina-tra-stile-pudico-e-pin-up\/#breadcrumb","itemListElement":[{"@type":"ListItem","position":1,"name":"Home","item":"http:\/\/news.annameglio.com\/"},{"@type":"ListItem","position":2,"name":"Minifix e Twin-Set Girl: l\u2019abito da bambina tra stile pudico e pin-up"}]},{"@type":"WebSite","@id":"http:\/\/news.annameglio.com\/#website","url":"http:\/\/news.annameglio.com\/","name":"Annameglio | Blog","description":"","potentialAction":[{"@type":"SearchAction","target":{"@type":"EntryPoint","urlTemplate":"http:\/\/news.annameglio.com\/?s={search_term_string}"},"query-input":"required name=search_term_string"}],"inLanguage":"en-US"},{"@type":"Person","@id":"http:\/\/news.annameglio.com\/#\/schema\/person\/d8ae57e0838f7bf7b3ee362d58823d7d","name":"editorial-staff@annameglio","image":{"@type":"ImageObject","inLanguage":"en-US","@id":"http:\/\/news.annameglio.com\/#\/schema\/person\/image\/","url":"http:\/\/0.gravatar.com\/avatar\/335f0a7fe767fb57e6045ac1fc00ed81?s=96&d=mm&r=g","contentUrl":"http:\/\/0.gravatar.com\/avatar\/335f0a7fe767fb57e6045ac1fc00ed81?s=96&d=mm&r=g","caption":"editorial-staff@annameglio"},"sameAs":["http:\/\/annameglio.com"],"url":"http:\/\/news.annameglio.com\/en\/author\/adminannameglio\/"}]}},"amp_enabled":false,"_links":{"self":[{"href":"http:\/\/news.annameglio.com\/en\/wp-json\/wp\/v2\/posts\/62"}],"collection":[{"href":"http:\/\/news.annameglio.com\/en\/wp-json\/wp\/v2\/posts"}],"about":[{"href":"http:\/\/news.annameglio.com\/en\/wp-json\/wp\/v2\/types\/post"}],"author":[{"embeddable":true,"href":"http:\/\/news.annameglio.com\/en\/wp-json\/wp\/v2\/users\/1"}],"replies":[{"embeddable":true,"href":"http:\/\/news.annameglio.com\/en\/wp-json\/wp\/v2\/comments?post=62"}],"version-history":[{"count":5,"href":"http:\/\/news.annameglio.com\/en\/wp-json\/wp\/v2\/posts\/62\/revisions"}],"predecessor-version":[{"id":637,"href":"http:\/\/news.annameglio.com\/en\/wp-json\/wp\/v2\/posts\/62\/revisions\/637"}],"wp:attachment":[{"href":"http:\/\/news.annameglio.com\/en\/wp-json\/wp\/v2\/media?parent=62"}],"wp:term":[{"taxonomy":"category","embeddable":true,"href":"http:\/\/news.annameglio.com\/en\/wp-json\/wp\/v2\/categories?post=62"},{"taxonomy":"post_tag","embeddable":true,"href":"http:\/\/news.annameglio.com\/en\/wp-json\/wp\/v2\/tags?post=62"}],"curies":[{"name":"wp","href":"https:\/\/api.w.org\/{rel}","templated":true}]}}