{"id":6,"date":"2013-12-01T16:22:35","date_gmt":"2013-12-01T16:22:35","guid":{"rendered":"http:\/\/localhost\/newsannameglio\/?p=6"},"modified":"2015-03-25T10:16:54","modified_gmt":"2015-03-25T10:16:54","slug":"anna-meglio-vi-invita-al-suo-christmas-shopping-days-15-di-sconto-dal-3-al-5-dicembre","status":"publish","type":"post","link":"http:\/\/news.annameglio.com\/en\/anna-meglio-vi-invita-al-suo-christmas-shopping-days-15-di-sconto-dal-3-al-5-dicembre\/","title":{"rendered":"Anna Meglio vi invita al suo Christmas Shopping Days, 15% di sconto dal 3 al 5 Dicembre!"},"content":{"rendered":"<p>Raccogliete i desideri dei vostri bimbi ed entrate su shop.annameglio.com.\u00a0Da marted\u00ec 3 Dicembre a Gioved\u00ec 5 Dicembre<strong> <\/strong>\u00e8 Christmas Shopping Days!<\/p>\n<p>Inserendo il codice sconto pubblicato sulla nostra bacheca Facebook otterrete uno sconto del 15%* sull\u2019acquisto dei prodotti in vendita sul nostro online shop!<\/p>\n<p><a href=\"http:\/\/news.annameglio.com\/wp-content\/uploads\/2013\/12\/Christmas-shopping-days-copia1.jpg\"><img loading=\"lazy\" class=\"size-full wp-image-8 alignnone\" alt=\"Natale\" src=\"http:\/\/news.annameglio.com\/wp-content\/uploads\/2013\/12\/Christmas-shopping-days-copia1.jpg\" width=\"400\" height=\"400\" \/><\/a><\/p>\n<p>&nbsp;<\/p>\n<p>*Promozione valida solo per acquisti online. Lo sconto non si applica ai prodotti in Outlet.<\/p>\n<p><strong>Anna Meglio is proud to present the Christmas Shopping Days, from 3 to 5 December<\/strong><\/p>\n<p>Check the wish list of your kids and click shop.annameglio.com. From Tuesday December 3 to Thursday December 5 is Christmas Shopping Days!<\/p>\n<p>Insert the discount code posted on our Facebook Wall and get a discount of 15%* on all products for sale!<\/p>\n<p>* Promotion valid only for online purchases. The discount does not apply to products in the Outlet.<\/p>\n","protected":false},"excerpt":{"rendered":"<p>Raccogliete i desideri dei vostri bimbi ed entrate su shop.annameglio.com.\u00a0Da marted\u00ec 3 Dicembre a Gioved\u00ec 5 Dicembre \u00e8 Christmas Shopping Days! Inserendo il codice sconto pubblicato sulla nostra bacheca Facebook otterrete uno sconto del 15%* sull\u2019acquisto dei prodotti in vendita sul nostro online shop! &nbsp;&#8230;<\/p>\n","protected":false},"author":1,"featured_media":0,"comment_status":"open","ping_status":"open","sticky":false,"template":"","format":"standard","meta":[],"categories":[1],"tags":[76,77,78],"yoast_head":"<!-- This site is optimized with the Yoast SEO plugin v19.7.2 - https:\/\/yoast.com\/wordpress\/plugins\/seo\/ -->\n<title>Anna Meglio vi invita al suo Christmas Shopping Days, 15% di sconto dal 3 al 5 Dicembre! - Annameglio | Blog<\/title>\n<meta name=\"robots\" content=\"index, follow, max-snippet:-1, max-image-preview:large, max-video-preview:-1\" \/>\n<link rel=\"canonical\" href=\"http:\/\/news.annameglio.com\/en\/anna-meglio-vi-invita-al-suo-christmas-shopping-days-15-di-sconto-dal-3-al-5-dicembre\/\" \/>\n<meta property=\"og:locale\" content=\"en_US\" \/>\n<meta property=\"og:type\" content=\"article\" \/>\n<meta property=\"og:title\" content=\"Anna Meglio vi invita al suo Christmas Shopping Days, 15% di sconto dal 3 al 5 Dicembre! - Annameglio | Blog\" \/>\n<meta property=\"og:description\" content=\"Raccogliete i desideri dei vostri bimbi ed entrate su shop.annameglio.com.\u00a0Da marted\u00ec 3 Dicembre a Gioved\u00ec 5 Dicembre \u00e8 Christmas Shopping Days! Inserendo il codice sconto pubblicato sulla nostra bacheca Facebook otterrete uno sconto del 15%* sull\u2019acquisto dei prodotti in vendita sul nostro online shop! &nbsp;...\" \/>\n<meta property=\"og:url\" content=\"http:\/\/news.annameglio.com\/en\/anna-meglio-vi-invita-al-suo-christmas-shopping-days-15-di-sconto-dal-3-al-5-dicembre\/\" \/>\n<meta property=\"og:site_name\" content=\"Annameglio | Blog\" \/>\n<meta property=\"article:publisher\" content=\"https:\/\/www.facebook.com\/ANNAMEGLIO.news\" \/>\n<meta property=\"article:published_time\" content=\"2013-12-01T16:22:35+00:00\" \/>\n<meta property=\"article:modified_time\" content=\"2015-03-25T10:16:54+00:00\" \/>\n<meta property=\"og:image\" content=\"http:\/\/news.annameglio.com\/wp-content\/uploads\/2013\/12\/Christmas-shopping-days-copia1.jpg\" \/>\n<meta name=\"author\" content=\"editorial-staff@annameglio\" \/>\n<meta name=\"twitter:card\" content=\"summary\" \/>\n<meta name=\"twitter:creator\" content=\"@annameglio_com\" \/>\n<meta name=\"twitter:site\" content=\"@annameglio_com\" \/>\n<meta name=\"twitter:label1\" content=\"Written by\" \/>\n\t<meta name=\"twitter:data1\" content=\"editorial-staff@annameglio\" \/>\n\t<meta name=\"twitter:label2\" content=\"Est. reading time\" \/>\n\t<meta name=\"twitter:data2\" content=\"1 minute\" \/>\n<script type=\"application\/ld+json\" class=\"yoast-schema-graph\">{\"@context\":\"https:\/\/schema.org\",\"@graph\":[{\"@type\":\"WebPage\",\"@id\":\"http:\/\/news.annameglio.com\/en\/anna-meglio-vi-invita-al-suo-christmas-shopping-days-15-di-sconto-dal-3-al-5-dicembre\/\",\"url\":\"http:\/\/news.annameglio.com\/en\/anna-meglio-vi-invita-al-suo-christmas-shopping-days-15-di-sconto-dal-3-al-5-dicembre\/\",\"name\":\"Anna Meglio vi invita al suo Christmas Shopping Days, 15% di sconto dal 3 al 5 Dicembre! - Annameglio | Blog\",\"isPartOf\":{\"@id\":\"http:\/\/news.annameglio.com\/#website\"},\"datePublished\":\"2013-12-01T16:22:35+00:00\",\"dateModified\":\"2015-03-25T10:16:54+00:00\",\"author\":{\"@id\":\"http:\/\/news.annameglio.com\/#\/schema\/person\/d8ae57e0838f7bf7b3ee362d58823d7d\"},\"breadcrumb\":{\"@id\":\"http:\/\/news.annameglio.com\/en\/anna-meglio-vi-invita-al-suo-christmas-shopping-days-15-di-sconto-dal-3-al-5-dicembre\/#breadcrumb\"},\"inLanguage\":\"en-US\",\"potentialAction\":[{\"@type\":\"ReadAction\",\"target\":[\"http:\/\/news.annameglio.com\/en\/anna-meglio-vi-invita-al-suo-christmas-shopping-days-15-di-sconto-dal-3-al-5-dicembre\/\"]}]},{\"@type\":\"BreadcrumbList\",\"@id\":\"http:\/\/news.annameglio.com\/en\/anna-meglio-vi-invita-al-suo-christmas-shopping-days-15-di-sconto-dal-3-al-5-dicembre\/#breadcrumb\",\"itemListElement\":[{\"@type\":\"ListItem\",\"position\":1,\"name\":\"Home\",\"item\":\"http:\/\/news.annameglio.com\/\"},{\"@type\":\"ListItem\",\"position\":2,\"name\":\"Anna Meglio vi invita al suo Christmas Shopping Days, 15% di sconto dal 3 al 5 Dicembre!\"}]},{\"@type\":\"WebSite\",\"@id\":\"http:\/\/news.annameglio.com\/#website\",\"url\":\"http:\/\/news.annameglio.com\/\",\"name\":\"Annameglio | Blog\",\"description\":\"\",\"potentialAction\":[{\"@type\":\"SearchAction\",\"target\":{\"@type\":\"EntryPoint\",\"urlTemplate\":\"http:\/\/news.annameglio.com\/?s={search_term_string}\"},\"query-input\":\"required name=search_term_string\"}],\"inLanguage\":\"en-US\"},{\"@type\":\"Person\",\"@id\":\"http:\/\/news.annameglio.com\/#\/schema\/person\/d8ae57e0838f7bf7b3ee362d58823d7d\",\"name\":\"editorial-staff@annameglio\",\"image\":{\"@type\":\"ImageObject\",\"inLanguage\":\"en-US\",\"@id\":\"http:\/\/news.annameglio.com\/#\/schema\/person\/image\/\",\"url\":\"http:\/\/0.gravatar.com\/avatar\/335f0a7fe767fb57e6045ac1fc00ed81?s=96&d=mm&r=g\",\"contentUrl\":\"http:\/\/0.gravatar.com\/avatar\/335f0a7fe767fb57e6045ac1fc00ed81?s=96&d=mm&r=g\",\"caption\":\"editorial-staff@annameglio\"},\"sameAs\":[\"http:\/\/annameglio.com\"],\"url\":\"http:\/\/news.annameglio.com\/en\/author\/adminannameglio\/\"}]}<\/script>\n<!-- \/ Yoast SEO plugin. -->","yoast_head_json":{"title":"Anna Meglio vi invita al suo Christmas Shopping Days, 15% di sconto dal 3 al 5 Dicembre! - Annameglio | Blog","robots":{"index":"index","follow":"follow","max-snippet":"max-snippet:-1","max-image-preview":"max-image-preview:large","max-video-preview":"max-video-preview:-1"},"canonical":"http:\/\/news.annameglio.com\/en\/anna-meglio-vi-invita-al-suo-christmas-shopping-days-15-di-sconto-dal-3-al-5-dicembre\/","og_locale":"en_US","og_type":"article","og_title":"Anna Meglio vi invita al suo Christmas Shopping Days, 15% di sconto dal 3 al 5 Dicembre! - Annameglio | Blog","og_description":"Raccogliete i desideri dei vostri bimbi ed entrate su shop.annameglio.com.\u00a0Da marted\u00ec 3 Dicembre a Gioved\u00ec 5 Dicembre \u00e8 Christmas Shopping Days! Inserendo il codice sconto pubblicato sulla nostra bacheca Facebook otterrete uno sconto del 15%* sull\u2019acquisto dei prodotti in vendita sul nostro online shop! &nbsp;...","og_url":"http:\/\/news.annameglio.com\/en\/anna-meglio-vi-invita-al-suo-christmas-shopping-days-15-di-sconto-dal-3-al-5-dicembre\/","og_site_name":"Annameglio | Blog","article_publisher":"https:\/\/www.facebook.com\/ANNAMEGLIO.news","article_published_time":"2013-12-01T16:22:35+00:00","article_modified_time":"2015-03-25T10:16:54+00:00","og_image":[{"url":"http:\/\/news.annameglio.com\/wp-content\/uploads\/2013\/12\/Christmas-shopping-days-copia1.jpg"}],"author":"editorial-staff@annameglio","twitter_card":"summary","twitter_creator":"@annameglio_com","twitter_site":"@annameglio_com","twitter_misc":{"Written by":"editorial-staff@annameglio","Est. reading time":"1 minute"},"schema":{"@context":"https:\/\/schema.org","@graph":[{"@type":"WebPage","@id":"http:\/\/news.annameglio.com\/en\/anna-meglio-vi-invita-al-suo-christmas-shopping-days-15-di-sconto-dal-3-al-5-dicembre\/","url":"http:\/\/news.annameglio.com\/en\/anna-meglio-vi-invita-al-suo-christmas-shopping-days-15-di-sconto-dal-3-al-5-dicembre\/","name":"Anna Meglio vi invita al suo Christmas Shopping Days, 15% di sconto dal 3 al 5 Dicembre! - Annameglio | Blog","isPartOf":{"@id":"http:\/\/news.annameglio.com\/#website"},"datePublished":"2013-12-01T16:22:35+00:00","dateModified":"2015-03-25T10:16:54+00:00","author":{"@id":"http:\/\/news.annameglio.com\/#\/schema\/person\/d8ae57e0838f7bf7b3ee362d58823d7d"},"breadcrumb":{"@id":"http:\/\/news.annameglio.com\/en\/anna-meglio-vi-invita-al-suo-christmas-shopping-days-15-di-sconto-dal-3-al-5-dicembre\/#breadcrumb"},"inLanguage":"en-US","potentialAction":[{"@type":"ReadAction","target":["http:\/\/news.annameglio.com\/en\/anna-meglio-vi-invita-al-suo-christmas-shopping-days-15-di-sconto-dal-3-al-5-dicembre\/"]}]},{"@type":"BreadcrumbList","@id":"http:\/\/news.annameglio.com\/en\/anna-meglio-vi-invita-al-suo-christmas-shopping-days-15-di-sconto-dal-3-al-5-dicembre\/#breadcrumb","itemListElement":[{"@type":"ListItem","position":1,"name":"Home","item":"http:\/\/news.annameglio.com\/"},{"@type":"ListItem","position":2,"name":"Anna Meglio vi invita al suo Christmas Shopping Days, 15% di sconto dal 3 al 5 Dicembre!"}]},{"@type":"WebSite","@id":"http:\/\/news.annameglio.com\/#website","url":"http:\/\/news.annameglio.com\/","name":"Annameglio | Blog","description":"","potentialAction":[{"@type":"SearchAction","target":{"@type":"EntryPoint","urlTemplate":"http:\/\/news.annameglio.com\/?s={search_term_string}"},"query-input":"required name=search_term_string"}],"inLanguage":"en-US"},{"@type":"Person","@id":"http:\/\/news.annameglio.com\/#\/schema\/person\/d8ae57e0838f7bf7b3ee362d58823d7d","name":"editorial-staff@annameglio","image":{"@type":"ImageObject","inLanguage":"en-US","@id":"http:\/\/news.annameglio.com\/#\/schema\/person\/image\/","url":"http:\/\/0.gravatar.com\/avatar\/335f0a7fe767fb57e6045ac1fc00ed81?s=96&d=mm&r=g","contentUrl":"http:\/\/0.gravatar.com\/avatar\/335f0a7fe767fb57e6045ac1fc00ed81?s=96&d=mm&r=g","caption":"editorial-staff@annameglio"},"sameAs":["http:\/\/annameglio.com"],"url":"http:\/\/news.annameglio.com\/en\/author\/adminannameglio\/"}]}},"amp_enabled":false,"_links":{"self":[{"href":"http:\/\/news.annameglio.com\/en\/wp-json\/wp\/v2\/posts\/6"}],"collection":[{"href":"http:\/\/news.annameglio.com\/en\/wp-json\/wp\/v2\/posts"}],"about":[{"href":"http:\/\/news.annameglio.com\/en\/wp-json\/wp\/v2\/types\/post"}],"author":[{"embeddable":true,"href":"http:\/\/news.annameglio.com\/en\/wp-json\/wp\/v2\/users\/1"}],"replies":[{"embeddable":true,"href":"http:\/\/news.annameglio.com\/en\/wp-json\/wp\/v2\/comments?post=6"}],"version-history":[{"count":9,"href":"http:\/\/news.annameglio.com\/en\/wp-json\/wp\/v2\/posts\/6\/revisions"}],"predecessor-version":[{"id":140,"href":"http:\/\/news.annameglio.com\/en\/wp-json\/wp\/v2\/posts\/6\/revisions\/140"}],"wp:attachment":[{"href":"http:\/\/news.annameglio.com\/en\/wp-json\/wp\/v2\/media?parent=6"}],"wp:term":[{"taxonomy":"category","embeddable":true,"href":"http:\/\/news.annameglio.com\/en\/wp-json\/wp\/v2\/categories?post=6"},{"taxonomy":"post_tag","embeddable":true,"href":"http:\/\/news.annameglio.com\/en\/wp-json\/wp\/v2\/tags?post=6"}],"curies":[{"name":"wp","href":"https:\/\/api.w.org\/{rel}","templated":true}]}}