{"id":58,"date":"2013-10-30T10:46:21","date_gmt":"2013-10-30T10:46:21","guid":{"rendered":"http:\/\/localhost\/newsannameglio\/?p=58"},"modified":"2015-03-25T10:33:28","modified_gmt":"2015-03-25T10:33:28","slug":"lo-stile-incontra-la-tecnologia-add-il-piumino-ultralight-per-il-bambino","status":"publish","type":"post","link":"http:\/\/news.annameglio.com\/en\/lo-stile-incontra-la-tecnologia-add-il-piumino-ultralight-per-il-bambino\/","title":{"rendered":"Lo stile incontra la tecnologia: ADD il piumino ultralight per il bambino"},"content":{"rendered":"<p><a title=\"ADD pagina brand\" href=\"http:\/\/shop.annameglio.com\/product-tag\/add\/\">ADD<\/a> propone quest\u2019anno la sua seconda collezione di piumini da bambino prodotta con l\u2019innovativa tecnica di accoppiamento dei tessuti, la termosaldatura, \u00a0che garantisce performance impeccabili anche con le condizioni meteo pi\u00f9 avverse.<\/p>\n<p><a href=\"http:\/\/news.annameglio.com\/wp-content\/uploads\/2014\/01\/ADDdown-ultralight.jpg\"><img loading=\"lazy\" class=\"aligncenter size-full wp-image-59\" alt=\"ADDdown-ultralight\" src=\"http:\/\/news.annameglio.com\/wp-content\/uploads\/2014\/01\/ADDdown-ultralight.jpg\" width=\"380\" height=\"260\" \/><\/a><\/p>\n<p>Ma chi \u00e8 <a title=\"ADD piumini per bambini\" href=\"http:\/\/shop.annameglio.com\/brand\/add\/\" target=\"_blank\">ADDdown<\/a> e cosa fa? ADD, \u00e8 un brand innovativo e dal cuore tecnico, nato nel \u00a01999 e da subito specializzatosi \u00a0in giacche e duvet in piuma d\u2019oca ultra light.\u00a0 Il processo di sperimentazione di nuove forme e materiali, ha portato la casa di moda a lanciare lo scorso anno, in occasione di Coterie, la linea \u00a0ADD ultralight autunno inverno 2012-2013, espressione della pi\u00f9 avanzata ricerca di purezza ultra leggera unita all\u2019expertise e allo stile inconfondibili ADD.<\/p>\n<p>La linea ultralight si caratterizza per l\u2019eliminazione del sacco piuma dal capo, e dall\u2019iniezione diretta della piuma d\u2019oca extrafine europea tra due teli ultra light in tessuto nylon micro ripstop, termosaldati a canali. Il risultato di questo processo \u00e8 un capospalla leggero, \u00a0capace di offrire allo stesso tempo il massimo del calore e del confort.<\/p>\n<p>I piumini Add ultralight della linea junior Autunno Inverno 2013-3014 sono in vendita sul nostro <a title=\"Home Page Online shop\" href=\"shop.annameglio.com\/\" target=\"_blank\">online shop<\/a> nelle taglie 12 mesi, 18 mesi, 2 anni e 3 anni. I colori proposti quest\u2019anno dalla casa di moda sono il verde ed il blu. Le giacche bomber dotate di cappuccio,\u00a0 presentano una calda imbottitura in piuma,\u00a0 e garantiscono la massima libert\u00e0 di movimento ai pi\u00f9 piccini, senza rinunciare all\u2019eccellenza estetica.<\/p>\n<p>I capi disponibili sul nostro online shop sono tutti dotati di un pendaglio che riporta un codice univoco chiamato \u201cCLG Code\u201d per la verifica dell\u2019autenticit\u00e0 del capo.<\/p>\n<p><strong>When style meets technology: ADD\u00a0 ultra light\u00a0down jackets for kids<\/strong><\/p>\n<p>ADD proposes this year its second collection of\u00a0down jackets for kids produced with the innovative fabric welding technique, the Thermal Welding Technology, that guarantees high performance even with the coldest weather.<\/p>\n<p>But who is ADDdown and what they do? ADD, is an innovative brand with a technical heart, it was born in 1999 and then it specializes in ultralight goose down duvet and jackets. Research brings Add to launch last year, during Coterie F\/W 2012-2013, its first collection of ultra light\u00a0down jackets. It expresses the most advanced research of ultralight purity coupled with ADD\u2019s expertise and unmistakable style.<\/p>\n<p>Ultra light means elimination of down bag, direct injection of ultra-fine European goose down between two ultralight layers of thermally welded and channeled micro ripstop nylon fabric. The result is an ultra light duvet that guarantee comfort and warmth.<\/p>\n<p>The F\/W 2013-2014 collection of ultra light down jackets is on sale on our <a title=\"Home Page Online shop\" href=\"http:\/\/en-shop.annameglio.com\/\" target=\"_blank\">online shop<\/a> for baby boys of 12 and 18 months and for those of 2 or\u00a0 3 years old. The colors available are green and blue. These down jackets with hood, feature elimination of the sleeping bag, direct injection of extra-fine European goose down between two sheets ultra light micro ripstop nylon fabric, welded to channels. All to guarantee free movement for kids and style.<\/p>\n<p>These items available on our\u00a0 online shop are marked with a unique identification code called the \u201cCLG Code\u201d printed on the label. This give you the unique opportunity to authenticate your product anytime by simply entering the code into Certilogo\u2019s authentication platform.<\/p>\n","protected":false},"excerpt":{"rendered":"<p>ADD propone quest\u2019anno la sua seconda collezione di piumini da bambino prodotta con l\u2019innovativa tecnica di accoppiamento dei tessuti, la termosaldatura, \u00a0che garantisce performance impeccabili anche con le condizioni meteo pi\u00f9 avverse. Ma chi \u00e8 ADDdown e cosa fa? ADD, \u00e8 un brand innovativo e&#8230;<\/p>\n","protected":false},"author":1,"featured_media":0,"comment_status":"open","ping_status":"open","sticky":false,"template":"","format":"standard","meta":[],"categories":[1],"tags":[84,85],"yoast_head":"<!-- This site is optimized with the Yoast SEO plugin v19.7.2 - https:\/\/yoast.com\/wordpress\/plugins\/seo\/ -->\n<title>Lo stile incontra la tecnologia: ADD il piumino ultralight per il bambino - Annameglio | Blog<\/title>\n<meta name=\"robots\" content=\"index, follow, max-snippet:-1, max-image-preview:large, max-video-preview:-1\" \/>\n<link rel=\"canonical\" href=\"http:\/\/news.annameglio.com\/lo-stile-incontra-la-tecnologia-add-il-piumino-ultralight-per-il-bambino\/\" \/>\n<meta property=\"og:locale\" content=\"en_US\" \/>\n<meta property=\"og:type\" content=\"article\" \/>\n<meta property=\"og:title\" content=\"Lo stile incontra la tecnologia: ADD il piumino ultralight per il bambino - Annameglio | Blog\" \/>\n<meta property=\"og:description\" content=\"ADD propone quest\u2019anno la sua seconda collezione di piumini da bambino prodotta con l\u2019innovativa tecnica di accoppiamento dei tessuti, la termosaldatura, \u00a0che garantisce performance impeccabili anche con le condizioni meteo pi\u00f9 avverse. Ma chi \u00e8 ADDdown e cosa fa? ADD, \u00e8 un brand innovativo e...\" \/>\n<meta property=\"og:url\" content=\"http:\/\/news.annameglio.com\/lo-stile-incontra-la-tecnologia-add-il-piumino-ultralight-per-il-bambino\/\" \/>\n<meta property=\"og:site_name\" content=\"Annameglio | Blog\" \/>\n<meta property=\"article:publisher\" content=\"https:\/\/www.facebook.com\/ANNAMEGLIO.news\" \/>\n<meta property=\"article:published_time\" content=\"2013-10-30T10:46:21+00:00\" \/>\n<meta property=\"article:modified_time\" content=\"2015-03-25T10:33:28+00:00\" \/>\n<meta property=\"og:image\" content=\"http:\/\/news.annameglio.com\/wp-content\/uploads\/2014\/01\/ADDdown-ultralight.jpg\" \/>\n<meta name=\"author\" content=\"editorial-staff@annameglio\" \/>\n<meta name=\"twitter:card\" content=\"summary\" \/>\n<meta name=\"twitter:creator\" content=\"@annameglio_com\" \/>\n<meta name=\"twitter:site\" content=\"@annameglio_com\" \/>\n<meta name=\"twitter:label1\" content=\"Written by\" \/>\n\t<meta name=\"twitter:data1\" content=\"editorial-staff@annameglio\" \/>\n\t<meta name=\"twitter:label2\" content=\"Est. reading time\" \/>\n\t<meta name=\"twitter:data2\" content=\"3 minutes\" \/>\n<script type=\"application\/ld+json\" class=\"yoast-schema-graph\">{\"@context\":\"https:\/\/schema.org\",\"@graph\":[{\"@type\":\"WebPage\",\"@id\":\"http:\/\/news.annameglio.com\/lo-stile-incontra-la-tecnologia-add-il-piumino-ultralight-per-il-bambino\/\",\"url\":\"http:\/\/news.annameglio.com\/lo-stile-incontra-la-tecnologia-add-il-piumino-ultralight-per-il-bambino\/\",\"name\":\"Lo stile incontra la tecnologia: ADD il piumino ultralight per il bambino - Annameglio | Blog\",\"isPartOf\":{\"@id\":\"http:\/\/news.annameglio.com\/#website\"},\"datePublished\":\"2013-10-30T10:46:21+00:00\",\"dateModified\":\"2015-03-25T10:33:28+00:00\",\"author\":{\"@id\":\"http:\/\/news.annameglio.com\/#\/schema\/person\/d8ae57e0838f7bf7b3ee362d58823d7d\"},\"breadcrumb\":{\"@id\":\"http:\/\/news.annameglio.com\/lo-stile-incontra-la-tecnologia-add-il-piumino-ultralight-per-il-bambino\/#breadcrumb\"},\"inLanguage\":\"en-US\",\"potentialAction\":[{\"@type\":\"ReadAction\",\"target\":[\"http:\/\/news.annameglio.com\/lo-stile-incontra-la-tecnologia-add-il-piumino-ultralight-per-il-bambino\/\"]}]},{\"@type\":\"BreadcrumbList\",\"@id\":\"http:\/\/news.annameglio.com\/lo-stile-incontra-la-tecnologia-add-il-piumino-ultralight-per-il-bambino\/#breadcrumb\",\"itemListElement\":[{\"@type\":\"ListItem\",\"position\":1,\"name\":\"Home\",\"item\":\"http:\/\/news.annameglio.com\/\"},{\"@type\":\"ListItem\",\"position\":2,\"name\":\"Lo stile incontra la tecnologia: ADD il piumino ultralight per il bambino\"}]},{\"@type\":\"WebSite\",\"@id\":\"http:\/\/news.annameglio.com\/#website\",\"url\":\"http:\/\/news.annameglio.com\/\",\"name\":\"Annameglio | Blog\",\"description\":\"\",\"potentialAction\":[{\"@type\":\"SearchAction\",\"target\":{\"@type\":\"EntryPoint\",\"urlTemplate\":\"http:\/\/news.annameglio.com\/?s={search_term_string}\"},\"query-input\":\"required name=search_term_string\"}],\"inLanguage\":\"en-US\"},{\"@type\":\"Person\",\"@id\":\"http:\/\/news.annameglio.com\/#\/schema\/person\/d8ae57e0838f7bf7b3ee362d58823d7d\",\"name\":\"editorial-staff@annameglio\",\"image\":{\"@type\":\"ImageObject\",\"inLanguage\":\"en-US\",\"@id\":\"http:\/\/news.annameglio.com\/#\/schema\/person\/image\/\",\"url\":\"http:\/\/0.gravatar.com\/avatar\/335f0a7fe767fb57e6045ac1fc00ed81?s=96&d=mm&r=g\",\"contentUrl\":\"http:\/\/0.gravatar.com\/avatar\/335f0a7fe767fb57e6045ac1fc00ed81?s=96&d=mm&r=g\",\"caption\":\"editorial-staff@annameglio\"},\"sameAs\":[\"http:\/\/annameglio.com\"],\"url\":\"http:\/\/news.annameglio.com\/en\/author\/adminannameglio\/\"}]}<\/script>\n<!-- \/ Yoast SEO plugin. -->","yoast_head_json":{"title":"Lo stile incontra la tecnologia: ADD il piumino ultralight per il bambino - Annameglio | Blog","robots":{"index":"index","follow":"follow","max-snippet":"max-snippet:-1","max-image-preview":"max-image-preview:large","max-video-preview":"max-video-preview:-1"},"canonical":"http:\/\/news.annameglio.com\/lo-stile-incontra-la-tecnologia-add-il-piumino-ultralight-per-il-bambino\/","og_locale":"en_US","og_type":"article","og_title":"Lo stile incontra la tecnologia: ADD il piumino ultralight per il bambino - Annameglio | Blog","og_description":"ADD propone quest\u2019anno la sua seconda collezione di piumini da bambino prodotta con l\u2019innovativa tecnica di accoppiamento dei tessuti, la termosaldatura, \u00a0che garantisce performance impeccabili anche con le condizioni meteo pi\u00f9 avverse. Ma chi \u00e8 ADDdown e cosa fa? ADD, \u00e8 un brand innovativo e...","og_url":"http:\/\/news.annameglio.com\/lo-stile-incontra-la-tecnologia-add-il-piumino-ultralight-per-il-bambino\/","og_site_name":"Annameglio | Blog","article_publisher":"https:\/\/www.facebook.com\/ANNAMEGLIO.news","article_published_time":"2013-10-30T10:46:21+00:00","article_modified_time":"2015-03-25T10:33:28+00:00","og_image":[{"url":"http:\/\/news.annameglio.com\/wp-content\/uploads\/2014\/01\/ADDdown-ultralight.jpg"}],"author":"editorial-staff@annameglio","twitter_card":"summary","twitter_creator":"@annameglio_com","twitter_site":"@annameglio_com","twitter_misc":{"Written by":"editorial-staff@annameglio","Est. reading time":"3 minutes"},"schema":{"@context":"https:\/\/schema.org","@graph":[{"@type":"WebPage","@id":"http:\/\/news.annameglio.com\/lo-stile-incontra-la-tecnologia-add-il-piumino-ultralight-per-il-bambino\/","url":"http:\/\/news.annameglio.com\/lo-stile-incontra-la-tecnologia-add-il-piumino-ultralight-per-il-bambino\/","name":"Lo stile incontra la tecnologia: ADD il piumino ultralight per il bambino - Annameglio | Blog","isPartOf":{"@id":"http:\/\/news.annameglio.com\/#website"},"datePublished":"2013-10-30T10:46:21+00:00","dateModified":"2015-03-25T10:33:28+00:00","author":{"@id":"http:\/\/news.annameglio.com\/#\/schema\/person\/d8ae57e0838f7bf7b3ee362d58823d7d"},"breadcrumb":{"@id":"http:\/\/news.annameglio.com\/lo-stile-incontra-la-tecnologia-add-il-piumino-ultralight-per-il-bambino\/#breadcrumb"},"inLanguage":"en-US","potentialAction":[{"@type":"ReadAction","target":["http:\/\/news.annameglio.com\/lo-stile-incontra-la-tecnologia-add-il-piumino-ultralight-per-il-bambino\/"]}]},{"@type":"BreadcrumbList","@id":"http:\/\/news.annameglio.com\/lo-stile-incontra-la-tecnologia-add-il-piumino-ultralight-per-il-bambino\/#breadcrumb","itemListElement":[{"@type":"ListItem","position":1,"name":"Home","item":"http:\/\/news.annameglio.com\/"},{"@type":"ListItem","position":2,"name":"Lo stile incontra la tecnologia: ADD il piumino ultralight per il bambino"}]},{"@type":"WebSite","@id":"http:\/\/news.annameglio.com\/#website","url":"http:\/\/news.annameglio.com\/","name":"Annameglio | Blog","description":"","potentialAction":[{"@type":"SearchAction","target":{"@type":"EntryPoint","urlTemplate":"http:\/\/news.annameglio.com\/?s={search_term_string}"},"query-input":"required name=search_term_string"}],"inLanguage":"en-US"},{"@type":"Person","@id":"http:\/\/news.annameglio.com\/#\/schema\/person\/d8ae57e0838f7bf7b3ee362d58823d7d","name":"editorial-staff@annameglio","image":{"@type":"ImageObject","inLanguage":"en-US","@id":"http:\/\/news.annameglio.com\/#\/schema\/person\/image\/","url":"http:\/\/0.gravatar.com\/avatar\/335f0a7fe767fb57e6045ac1fc00ed81?s=96&d=mm&r=g","contentUrl":"http:\/\/0.gravatar.com\/avatar\/335f0a7fe767fb57e6045ac1fc00ed81?s=96&d=mm&r=g","caption":"editorial-staff@annameglio"},"sameAs":["http:\/\/annameglio.com"],"url":"http:\/\/news.annameglio.com\/en\/author\/adminannameglio\/"}]}},"amp_enabled":false,"_links":{"self":[{"href":"http:\/\/news.annameglio.com\/en\/wp-json\/wp\/v2\/posts\/58"}],"collection":[{"href":"http:\/\/news.annameglio.com\/en\/wp-json\/wp\/v2\/posts"}],"about":[{"href":"http:\/\/news.annameglio.com\/en\/wp-json\/wp\/v2\/types\/post"}],"author":[{"embeddable":true,"href":"http:\/\/news.annameglio.com\/en\/wp-json\/wp\/v2\/users\/1"}],"replies":[{"embeddable":true,"href":"http:\/\/news.annameglio.com\/en\/wp-json\/wp\/v2\/comments?post=58"}],"version-history":[{"count":5,"href":"http:\/\/news.annameglio.com\/en\/wp-json\/wp\/v2\/posts\/58\/revisions"}],"predecessor-version":[{"id":635,"href":"http:\/\/news.annameglio.com\/en\/wp-json\/wp\/v2\/posts\/58\/revisions\/635"}],"wp:attachment":[{"href":"http:\/\/news.annameglio.com\/en\/wp-json\/wp\/v2\/media?parent=58"}],"wp:term":[{"taxonomy":"category","embeddable":true,"href":"http:\/\/news.annameglio.com\/en\/wp-json\/wp\/v2\/categories?post=58"},{"taxonomy":"post_tag","embeddable":true,"href":"http:\/\/news.annameglio.com\/en\/wp-json\/wp\/v2\/tags?post=58"}],"curies":[{"name":"wp","href":"https:\/\/api.w.org\/{rel}","templated":true}]}}