{"id":561,"date":"2015-02-12T08:40:07","date_gmt":"2015-02-12T08:40:07","guid":{"rendered":"http:\/\/news.annameglio.com\/?p=561"},"modified":"2015-10-27T18:35:30","modified_gmt":"2015-10-27T18:35:30","slug":"new-in-jean-paul-gaultier-junior","status":"publish","type":"post","link":"http:\/\/news.annameglio.com\/en\/new-in-jean-paul-gaultier-junior\/","title":{"rendered":"New In: Jean Paul Gaultier Junior"},"content":{"rendered":"<p>La prima New In della primavera estate 2015 che vogliamo mostrarvi \u00e8 la collezione Junior Gaultier.<\/p>\n<p><em>The first New In for spring summer 2015 seson that we want to share with you is Junior Gaultier.<\/em><\/p>\n<p>Per la nuova stagione, il marchio francese ha rivisitato le sue tradizionali righe dipingendole con i colori dell\u2019indaco e dell\u2019arancio intenso, proponendo abiti, gonne asimmetriche e jampsuit dallo stile un po\u2019 gypsy.<\/p>\n<p><em>For the new season, the French brand has revisited its traditional navy stripes, painting them with the colours of indigo and intense orange. We have particularly liked the dress, the asymmetrical skirt and jampsuit with a gypsy style!<\/em><\/p>\n<p><a href=\"http:\/\/news.annameglio.com\/wp-content\/uploads\/2015\/02\/Junior-Gaultier-summer-seas.jpg\"><img loading=\"lazy\" class=\"aligncenter size-full wp-image-568\" alt=\"Junior-Gaultier\" src=\"http:\/\/news.annameglio.com\/wp-content\/uploads\/2015\/02\/Junior-Gaultier-summer-seas.jpg\" width=\"460\" height=\"320\" \/><\/a><\/p>\n<p><!--more-->Ma Gaultier \u00e8 noto soprattutto per la capacit\u00e0 di associare temi di ispirazione nautica con grafici e stampe originali e questa stagione non far\u00e0 eccezione. Ne \u00e8 esempio l\u2019abito Ensamble disponibile all&#8217;interno del nostro shop. Un capo <em>unico<\/em>\u00a0per la sua originalit\u00e0, composto di due pezzi: un tubino ultra morbido in \u00a0jersey di viscosa stretch e elastane con stampa a righe e, sopra, un abito trasparente con stampa all-over a fantasia marina e spalline sottili con un\u00a0taglio asimmetrico sulla base. Noi, dello staff di Anna Meglio, ce ne siamo innamorati!<\/p>\n<p><em>But Gaultier is well known for combining nautical inspired themes with original graphics and prints, and next year will not make exception. An example? The dress we calleds Ensemble, available in our shop. A unique item for its originality, composed of two dresses: an <em>ultra soft<\/em>\u00a0sheath dress \u00a0made of stretch viscose jersey with elastane with a striped print and, above, a transparent dress with an all-over marine print, thin straps and asymmetrical cut.\u00a0<\/em><\/p>\n<p>Per completare questa rassegna, vogliamo solo accennare ai bellissimi capi, gonne in tulle e maglie dalle tonalit\u00e0 rosa cipria, meravigliosamente luminosi grazie ad inserti in paillettes, che ricordano i romantici abiti indossati dalle ballerine di danza classica. L&#8217;attrazione che il balletto esercita sullo stilista francese \u00e8 noto da tempo. Tutti infatti abbiamo ammirato\u00a0gli splendidi costumi disegnati dallo stilista Jean Paul Gaultier per lo spettacolo\u00a0Biancaneve del Ballet Preljocaj e da cui recupera il suo tocco un p\u00f2 dark per donarlo alla linea Junior.<\/p>\n<p>Gli abiti Junior Gaultier \u00a0collezione Primavera Estate 2015 sono disponibili nei negozi Anna Meglio di Sora, Fiuggi e Frosinone ed anche online su\u00a0<a title=\"Anna Meglio online shop\" href=\"http:\/\/shop.annameglio.com\/\" target=\"_blank\">shop.annameglio.com<\/a>\u00a0Vai direttamente a Junior Gaultier =&gt; clicca\u00a0<a title=\"Junior Gaultier abbigliamento bambina\" href=\"http:\/\/shop.annameglio.com\/brand\/junior-gaultier\/\" target=\"_blank\">qui<\/a><\/p>\n<p><em>To complete this highlight\u00a0we desire to mention the beautiful\u00a0garments, tulle skirts and the <em>powder pink\u00a0<\/em>tops, wonderfully bright thanks to <em>\u00a0sequins<\/em>\u00a0inserts, reminiscent of the romantic dresses worn by ballet dancers. The attraction that ballet exercises on French fashion designer is well known. All of us have admired the beautiful costumes designed by fashion designer Jean Paul Gaultier for Ballet Preljocaj and from which he retrieves the touch of dark to donate it to the Junior line.<\/em><\/p>\n<p>Junior Gaultier Clothig Spring Summer 2015 collection is available in stores and online at\u00a0<a title=\"Anna Meglio en shop\" href=\"http:\/\/en-shop.annameglio.com\/\" target=\"_blank\">shop.annameglio.com<\/a>Go directly to Junior Gaultier =&gt;\u00a0<a title=\"Junior Gaultier\" href=\"http:\/\/en-shop.annameglio.com\/brand\/gaultier-en\" target=\"_blank\">click here<\/a><\/p>\n","protected":false},"excerpt":{"rendered":"<p>La prima New In della primavera estate 2015 che vogliamo mostrarvi \u00e8 la collezione Junior Gaultier. The first New In for spring summer 2015 seson that we want to share with you is Junior Gaultier. Per la nuova stagione, il marchio francese ha rivisitato le&#8230;<\/p>\n","protected":false},"author":1,"featured_media":0,"comment_status":"open","ping_status":"open","sticky":false,"template":"","format":"standard","meta":[],"categories":[68],"tags":[134],"yoast_head":"<!-- This site is optimized with the Yoast SEO plugin v19.7.2 - https:\/\/yoast.com\/wordpress\/plugins\/seo\/ -->\n<title>New In: Jean Paul Gaultier Junior - Annameglio | Blog<\/title>\n<meta name=\"robots\" content=\"index, follow, max-snippet:-1, max-image-preview:large, max-video-preview:-1\" \/>\n<link rel=\"canonical\" href=\"http:\/\/news.annameglio.com\/en\/new-in-jean-paul-gaultier-junior\/\" \/>\n<meta property=\"og:locale\" content=\"en_US\" \/>\n<meta property=\"og:type\" content=\"article\" \/>\n<meta property=\"og:title\" content=\"New In: Jean Paul Gaultier Junior - Annameglio | Blog\" \/>\n<meta property=\"og:description\" content=\"La prima New In della primavera estate 2015 che vogliamo mostrarvi \u00e8 la collezione Junior Gaultier. The first New In for spring summer 2015 seson that we want to share with you is Junior Gaultier. Per la nuova stagione, il marchio francese ha rivisitato le...\" \/>\n<meta property=\"og:url\" content=\"http:\/\/news.annameglio.com\/en\/new-in-jean-paul-gaultier-junior\/\" \/>\n<meta property=\"og:site_name\" content=\"Annameglio | Blog\" \/>\n<meta property=\"article:publisher\" content=\"https:\/\/www.facebook.com\/ANNAMEGLIO.news\" \/>\n<meta property=\"article:published_time\" content=\"2015-02-12T08:40:07+00:00\" \/>\n<meta property=\"article:modified_time\" content=\"2015-10-27T18:35:30+00:00\" \/>\n<meta property=\"og:image\" content=\"http:\/\/news.annameglio.com\/wp-content\/uploads\/2015\/02\/Junior-Gaultier-summer-seas.jpg\" \/>\n<meta name=\"author\" content=\"editorial-staff@annameglio\" \/>\n<meta name=\"twitter:card\" content=\"summary\" \/>\n<meta name=\"twitter:creator\" content=\"@annameglio_com\" \/>\n<meta name=\"twitter:site\" content=\"@annameglio_com\" \/>\n<meta name=\"twitter:label1\" content=\"Written by\" \/>\n\t<meta name=\"twitter:data1\" content=\"editorial-staff@annameglio\" \/>\n\t<meta name=\"twitter:label2\" content=\"Est. reading time\" \/>\n\t<meta name=\"twitter:data2\" content=\"2 minutes\" \/>\n<script type=\"application\/ld+json\" class=\"yoast-schema-graph\">{\"@context\":\"https:\/\/schema.org\",\"@graph\":[{\"@type\":\"WebPage\",\"@id\":\"http:\/\/news.annameglio.com\/en\/new-in-jean-paul-gaultier-junior\/\",\"url\":\"http:\/\/news.annameglio.com\/en\/new-in-jean-paul-gaultier-junior\/\",\"name\":\"New In: Jean Paul Gaultier Junior - Annameglio | Blog\",\"isPartOf\":{\"@id\":\"http:\/\/news.annameglio.com\/#website\"},\"datePublished\":\"2015-02-12T08:40:07+00:00\",\"dateModified\":\"2015-10-27T18:35:30+00:00\",\"author\":{\"@id\":\"http:\/\/news.annameglio.com\/#\/schema\/person\/d8ae57e0838f7bf7b3ee362d58823d7d\"},\"breadcrumb\":{\"@id\":\"http:\/\/news.annameglio.com\/en\/new-in-jean-paul-gaultier-junior\/#breadcrumb\"},\"inLanguage\":\"en-US\",\"potentialAction\":[{\"@type\":\"ReadAction\",\"target\":[\"http:\/\/news.annameglio.com\/en\/new-in-jean-paul-gaultier-junior\/\"]}]},{\"@type\":\"BreadcrumbList\",\"@id\":\"http:\/\/news.annameglio.com\/en\/new-in-jean-paul-gaultier-junior\/#breadcrumb\",\"itemListElement\":[{\"@type\":\"ListItem\",\"position\":1,\"name\":\"Home\",\"item\":\"http:\/\/news.annameglio.com\/\"},{\"@type\":\"ListItem\",\"position\":2,\"name\":\"New In: Jean Paul Gaultier Junior\"}]},{\"@type\":\"WebSite\",\"@id\":\"http:\/\/news.annameglio.com\/#website\",\"url\":\"http:\/\/news.annameglio.com\/\",\"name\":\"Annameglio | Blog\",\"description\":\"\",\"potentialAction\":[{\"@type\":\"SearchAction\",\"target\":{\"@type\":\"EntryPoint\",\"urlTemplate\":\"http:\/\/news.annameglio.com\/?s={search_term_string}\"},\"query-input\":\"required name=search_term_string\"}],\"inLanguage\":\"en-US\"},{\"@type\":\"Person\",\"@id\":\"http:\/\/news.annameglio.com\/#\/schema\/person\/d8ae57e0838f7bf7b3ee362d58823d7d\",\"name\":\"editorial-staff@annameglio\",\"image\":{\"@type\":\"ImageObject\",\"inLanguage\":\"en-US\",\"@id\":\"http:\/\/news.annameglio.com\/#\/schema\/person\/image\/\",\"url\":\"http:\/\/0.gravatar.com\/avatar\/335f0a7fe767fb57e6045ac1fc00ed81?s=96&d=mm&r=g\",\"contentUrl\":\"http:\/\/0.gravatar.com\/avatar\/335f0a7fe767fb57e6045ac1fc00ed81?s=96&d=mm&r=g\",\"caption\":\"editorial-staff@annameglio\"},\"sameAs\":[\"http:\/\/annameglio.com\"],\"url\":\"http:\/\/news.annameglio.com\/en\/author\/adminannameglio\/\"}]}<\/script>\n<!-- \/ Yoast SEO plugin. -->","yoast_head_json":{"title":"New In: Jean Paul Gaultier Junior - Annameglio | Blog","robots":{"index":"index","follow":"follow","max-snippet":"max-snippet:-1","max-image-preview":"max-image-preview:large","max-video-preview":"max-video-preview:-1"},"canonical":"http:\/\/news.annameglio.com\/en\/new-in-jean-paul-gaultier-junior\/","og_locale":"en_US","og_type":"article","og_title":"New In: Jean Paul Gaultier Junior - Annameglio | Blog","og_description":"La prima New In della primavera estate 2015 che vogliamo mostrarvi \u00e8 la collezione Junior Gaultier. The first New In for spring summer 2015 seson that we want to share with you is Junior Gaultier. Per la nuova stagione, il marchio francese ha rivisitato le...","og_url":"http:\/\/news.annameglio.com\/en\/new-in-jean-paul-gaultier-junior\/","og_site_name":"Annameglio | Blog","article_publisher":"https:\/\/www.facebook.com\/ANNAMEGLIO.news","article_published_time":"2015-02-12T08:40:07+00:00","article_modified_time":"2015-10-27T18:35:30+00:00","og_image":[{"url":"http:\/\/news.annameglio.com\/wp-content\/uploads\/2015\/02\/Junior-Gaultier-summer-seas.jpg"}],"author":"editorial-staff@annameglio","twitter_card":"summary","twitter_creator":"@annameglio_com","twitter_site":"@annameglio_com","twitter_misc":{"Written by":"editorial-staff@annameglio","Est. reading time":"2 minutes"},"schema":{"@context":"https:\/\/schema.org","@graph":[{"@type":"WebPage","@id":"http:\/\/news.annameglio.com\/en\/new-in-jean-paul-gaultier-junior\/","url":"http:\/\/news.annameglio.com\/en\/new-in-jean-paul-gaultier-junior\/","name":"New In: Jean Paul Gaultier Junior - Annameglio | Blog","isPartOf":{"@id":"http:\/\/news.annameglio.com\/#website"},"datePublished":"2015-02-12T08:40:07+00:00","dateModified":"2015-10-27T18:35:30+00:00","author":{"@id":"http:\/\/news.annameglio.com\/#\/schema\/person\/d8ae57e0838f7bf7b3ee362d58823d7d"},"breadcrumb":{"@id":"http:\/\/news.annameglio.com\/en\/new-in-jean-paul-gaultier-junior\/#breadcrumb"},"inLanguage":"en-US","potentialAction":[{"@type":"ReadAction","target":["http:\/\/news.annameglio.com\/en\/new-in-jean-paul-gaultier-junior\/"]}]},{"@type":"BreadcrumbList","@id":"http:\/\/news.annameglio.com\/en\/new-in-jean-paul-gaultier-junior\/#breadcrumb","itemListElement":[{"@type":"ListItem","position":1,"name":"Home","item":"http:\/\/news.annameglio.com\/"},{"@type":"ListItem","position":2,"name":"New In: Jean Paul Gaultier Junior"}]},{"@type":"WebSite","@id":"http:\/\/news.annameglio.com\/#website","url":"http:\/\/news.annameglio.com\/","name":"Annameglio | Blog","description":"","potentialAction":[{"@type":"SearchAction","target":{"@type":"EntryPoint","urlTemplate":"http:\/\/news.annameglio.com\/?s={search_term_string}"},"query-input":"required name=search_term_string"}],"inLanguage":"en-US"},{"@type":"Person","@id":"http:\/\/news.annameglio.com\/#\/schema\/person\/d8ae57e0838f7bf7b3ee362d58823d7d","name":"editorial-staff@annameglio","image":{"@type":"ImageObject","inLanguage":"en-US","@id":"http:\/\/news.annameglio.com\/#\/schema\/person\/image\/","url":"http:\/\/0.gravatar.com\/avatar\/335f0a7fe767fb57e6045ac1fc00ed81?s=96&d=mm&r=g","contentUrl":"http:\/\/0.gravatar.com\/avatar\/335f0a7fe767fb57e6045ac1fc00ed81?s=96&d=mm&r=g","caption":"editorial-staff@annameglio"},"sameAs":["http:\/\/annameglio.com"],"url":"http:\/\/news.annameglio.com\/en\/author\/adminannameglio\/"}]}},"amp_enabled":false,"_links":{"self":[{"href":"http:\/\/news.annameglio.com\/en\/wp-json\/wp\/v2\/posts\/561"}],"collection":[{"href":"http:\/\/news.annameglio.com\/en\/wp-json\/wp\/v2\/posts"}],"about":[{"href":"http:\/\/news.annameglio.com\/en\/wp-json\/wp\/v2\/types\/post"}],"author":[{"embeddable":true,"href":"http:\/\/news.annameglio.com\/en\/wp-json\/wp\/v2\/users\/1"}],"replies":[{"embeddable":true,"href":"http:\/\/news.annameglio.com\/en\/wp-json\/wp\/v2\/comments?post=561"}],"version-history":[{"count":15,"href":"http:\/\/news.annameglio.com\/en\/wp-json\/wp\/v2\/posts\/561\/revisions"}],"predecessor-version":[{"id":929,"href":"http:\/\/news.annameglio.com\/en\/wp-json\/wp\/v2\/posts\/561\/revisions\/929"}],"wp:attachment":[{"href":"http:\/\/news.annameglio.com\/en\/wp-json\/wp\/v2\/media?parent=561"}],"wp:term":[{"taxonomy":"category","embeddable":true,"href":"http:\/\/news.annameglio.com\/en\/wp-json\/wp\/v2\/categories?post=561"},{"taxonomy":"post_tag","embeddable":true,"href":"http:\/\/news.annameglio.com\/en\/wp-json\/wp\/v2\/tags?post=561"}],"curies":[{"name":"wp","href":"https:\/\/api.w.org\/{rel}","templated":true}]}}