{"id":55,"date":"2013-11-07T10:43:54","date_gmt":"2013-11-07T10:43:54","guid":{"rendered":"http:\/\/localhost\/newsannameglio\/?p=55"},"modified":"2015-03-25T10:30:36","modified_gmt":"2015-03-25T10:30:36","slug":"capospalla-bambina-larctic-parka-woolrich","status":"publish","type":"post","link":"http:\/\/news.annameglio.com\/en\/capospalla-bambina-larctic-parka-woolrich\/","title":{"rendered":"Capospalla bambina: l\u2019Arctic Parka Woolrich"},"content":{"rendered":"<p>Il Woolrich Artic Parka da bambino \u00e8 uno dei piumini pi\u00f9 ricercati con l\u2019arrivo del freddo. Questo modello, infatti, realizzato dal noto marchio americano di abbigliamento \u00e8 decisamente famoso perch\u00e9\u00a0 viene prodotto, sin dalla sua prima versione, comparsa nel 1972, in vera piuma d\u2019oca.<\/p>\n<p>Qui di seguito, nella versione da bambina della linea kids Autunno Inverno 2013-2014, vi presentiamo l\u2019Artic Parka Woolrich in tre differenti colori: nero, rosso e rosa.<\/p>\n<p><a href=\"http:\/\/news.annameglio.com\/wp-content\/uploads\/2014\/01\/Woolrich-girl-copia.jpg\"><img loading=\"lazy\" class=\"aligncenter size-full wp-image-56\" alt=\"Woolrich-girl-copia\" src=\"http:\/\/news.annameglio.com\/wp-content\/uploads\/2014\/01\/Woolrich-girl-copia.jpg\" width=\"380\" height=\"260\" \/><\/a><\/p>\n<p>I capi in tinta nera e rossa hanno una lunghezza \u00be e presentano un taglio slim, ispirato al classico parka Woolrich della collezione donna.\u00a0 Sono entrambe dotati di un cappuccio rimovibile, di una cerniera frontale a doppio cursore\u00a0 e chiusura a bottoni nascosti e di polsini elastici a costine anch\u2019essi nascosti.<\/p>\n<p>I capi sono realizzati in cotone nylon 60\/40 trattato teflon, con imbottitura in piuma d\u2019oca e bordatura del cappuccio in pelliccia di coyote rimovibile. Questo consente a chi lo indossa di scegliere se indossare la bordatura in pelliccia oppure rimuoverla a seconda delle condizione esterne.<\/p>\n<p>Si tratta quindi di capospalla che garantiscono stile e comfort nelle giornate pi\u00f9 fredde, senza per\u00f2 compromettere la vestibilit\u00e0. Questi giubbotti sono disponibili nel nostro <a title=\"Anna Meglio Home Page\" href=\"http:\/\/shop.annameglio.com\/\" target=\"_blank\">online shop<\/a> nelle taglie da\u00a0 4 a 14 anni.<\/p>\n<p>Altrettanto interessante sia dal punto di vista delle prestazioni che dell\u2019aspetto esteriore, \u00e8 il terzo capo che vi proponiamo l\u2019Artic Parka Woolrich da bambina di colore rosa. Un giubbotto corto ma sempre sfiancato e femminile con tasche scaldamani, corona di pelo racoon staccabile e con all\u2019 interno polsi in costina 1\u00d71 per ulteriore protezione dal freddo. Imbottito in piuma 70\/30.<\/p>\n<p>Anch\u2019esso, declinazione kid della collezione donna, \u00e8 in vendita online ed \u00e8 disponibile nelle taglie da 10 a 14 anni.<\/p>\n<p><strong>Coats for girl: Woolrich Arctic Parka<\/strong><\/p>\n<p>The Woolrich Arctic Parka for kids is one of the most sought after with the arrival of the cold. This model, in fact, made by the famous American brand of clothing is very famous because it is produced, since its first version, which appeared in 1972, in soft duck feathers.<\/p>\n<p>Above the Artic Parka Woolrich for girl in three different colors : black, red and pink.<\/p>\n<p>The garments dyed in red and black have a \u00be length and a slim fit. Inspired by the classic Woolrich Parka from women\u2019s collection, they are both equipped with a detachable hood, internal zip fastening with front flap and a second fastening with hidden snap buttons and ribbed elastic cuffs hidden too.<\/p>\n<p>The garments are made of cotton nylon 60\/40 Teflon treated, padded with goose down and have racoon fur hood trimming. This allows the wearer to choose whether to wear the fur edging or remove it depending on the external conditions .<\/p>\n<p>It is therefore an outerwear that provide style and comfort on the coldest days, without compromising fit. These vests are available in our <a title=\"Anna Meglio Home Page en\" href=\"http:\/\/en-shop.annameglio.com\/\" target=\"_blank\">online shop<\/a> in sizes from 4 to 14 years.<\/p>\n<p>Equally interesting from the point of view of performance and the outward appearance, it is the third garment that we offer, the Woolrich Arctic Parka for girl in pink color. A short coat but always exhausted and female with hand warmer pockets, and detachable racoon fur crown with all \u2018 inner wrists in 1 \u00d7 1 rib for extra protection from the cold. Down filled 70\/30 .<\/p>\n<p>It is a kid declination of the women\u2019s collection too, and it is on sale online and is available in sizes from 10 to 14 years.<\/p>\n","protected":false},"excerpt":{"rendered":"<p>Il Woolrich Artic Parka da bambino \u00e8 uno dei piumini pi\u00f9 ricercati con l\u2019arrivo del freddo. Questo modello, infatti, realizzato dal noto marchio americano di abbigliamento \u00e8 decisamente famoso perch\u00e9\u00a0 viene prodotto, sin dalla sua prima versione, comparsa nel 1972, in vera piuma d\u2019oca. Qui&#8230;<\/p>\n","protected":false},"author":1,"featured_media":0,"comment_status":"open","ping_status":"open","sticky":false,"template":"","format":"standard","meta":[],"categories":[1],"tags":[12,37],"yoast_head":"<!-- This site is optimized with the Yoast SEO plugin v19.7.2 - https:\/\/yoast.com\/wordpress\/plugins\/seo\/ -->\n<title>Capospalla bambina: l\u2019Arctic Parka Woolrich - Annameglio | Blog<\/title>\n<meta name=\"robots\" content=\"index, follow, max-snippet:-1, max-image-preview:large, max-video-preview:-1\" \/>\n<link rel=\"canonical\" href=\"http:\/\/news.annameglio.com\/capospalla-bambina-larctic-parka-woolrich\/\" \/>\n<meta property=\"og:locale\" content=\"en_US\" \/>\n<meta property=\"og:type\" content=\"article\" \/>\n<meta property=\"og:title\" content=\"Capospalla bambina: l\u2019Arctic Parka Woolrich - Annameglio | Blog\" \/>\n<meta property=\"og:description\" content=\"Il Woolrich Artic Parka da bambino \u00e8 uno dei piumini pi\u00f9 ricercati con l\u2019arrivo del freddo. Questo modello, infatti, realizzato dal noto marchio americano di abbigliamento \u00e8 decisamente famoso perch\u00e9\u00a0 viene prodotto, sin dalla sua prima versione, comparsa nel 1972, in vera piuma d\u2019oca. Qui...\" \/>\n<meta property=\"og:url\" content=\"http:\/\/news.annameglio.com\/capospalla-bambina-larctic-parka-woolrich\/\" \/>\n<meta property=\"og:site_name\" content=\"Annameglio | Blog\" \/>\n<meta property=\"article:publisher\" content=\"https:\/\/www.facebook.com\/ANNAMEGLIO.news\" \/>\n<meta property=\"article:published_time\" content=\"2013-11-07T10:43:54+00:00\" \/>\n<meta property=\"article:modified_time\" content=\"2015-03-25T10:30:36+00:00\" \/>\n<meta property=\"og:image\" content=\"http:\/\/news.annameglio.com\/wp-content\/uploads\/2014\/01\/Woolrich-girl-copia.jpg\" \/>\n<meta name=\"author\" content=\"editorial-staff@annameglio\" \/>\n<meta name=\"twitter:card\" content=\"summary\" \/>\n<meta name=\"twitter:creator\" content=\"@annameglio_com\" \/>\n<meta name=\"twitter:site\" content=\"@annameglio_com\" \/>\n<meta name=\"twitter:label1\" content=\"Written by\" \/>\n\t<meta name=\"twitter:data1\" content=\"editorial-staff@annameglio\" \/>\n\t<meta name=\"twitter:label2\" content=\"Est. reading time\" \/>\n\t<meta name=\"twitter:data2\" content=\"3 minutes\" \/>\n<script type=\"application\/ld+json\" class=\"yoast-schema-graph\">{\"@context\":\"https:\/\/schema.org\",\"@graph\":[{\"@type\":\"WebPage\",\"@id\":\"http:\/\/news.annameglio.com\/capospalla-bambina-larctic-parka-woolrich\/\",\"url\":\"http:\/\/news.annameglio.com\/capospalla-bambina-larctic-parka-woolrich\/\",\"name\":\"Capospalla bambina: l\u2019Arctic Parka Woolrich - Annameglio | Blog\",\"isPartOf\":{\"@id\":\"http:\/\/news.annameglio.com\/#website\"},\"datePublished\":\"2013-11-07T10:43:54+00:00\",\"dateModified\":\"2015-03-25T10:30:36+00:00\",\"author\":{\"@id\":\"http:\/\/news.annameglio.com\/#\/schema\/person\/d8ae57e0838f7bf7b3ee362d58823d7d\"},\"breadcrumb\":{\"@id\":\"http:\/\/news.annameglio.com\/capospalla-bambina-larctic-parka-woolrich\/#breadcrumb\"},\"inLanguage\":\"en-US\",\"potentialAction\":[{\"@type\":\"ReadAction\",\"target\":[\"http:\/\/news.annameglio.com\/capospalla-bambina-larctic-parka-woolrich\/\"]}]},{\"@type\":\"BreadcrumbList\",\"@id\":\"http:\/\/news.annameglio.com\/capospalla-bambina-larctic-parka-woolrich\/#breadcrumb\",\"itemListElement\":[{\"@type\":\"ListItem\",\"position\":1,\"name\":\"Home\",\"item\":\"http:\/\/news.annameglio.com\/\"},{\"@type\":\"ListItem\",\"position\":2,\"name\":\"Capospalla bambina: l\u2019Arctic Parka Woolrich\"}]},{\"@type\":\"WebSite\",\"@id\":\"http:\/\/news.annameglio.com\/#website\",\"url\":\"http:\/\/news.annameglio.com\/\",\"name\":\"Annameglio | Blog\",\"description\":\"\",\"potentialAction\":[{\"@type\":\"SearchAction\",\"target\":{\"@type\":\"EntryPoint\",\"urlTemplate\":\"http:\/\/news.annameglio.com\/?s={search_term_string}\"},\"query-input\":\"required name=search_term_string\"}],\"inLanguage\":\"en-US\"},{\"@type\":\"Person\",\"@id\":\"http:\/\/news.annameglio.com\/#\/schema\/person\/d8ae57e0838f7bf7b3ee362d58823d7d\",\"name\":\"editorial-staff@annameglio\",\"image\":{\"@type\":\"ImageObject\",\"inLanguage\":\"en-US\",\"@id\":\"http:\/\/news.annameglio.com\/#\/schema\/person\/image\/\",\"url\":\"http:\/\/0.gravatar.com\/avatar\/335f0a7fe767fb57e6045ac1fc00ed81?s=96&d=mm&r=g\",\"contentUrl\":\"http:\/\/0.gravatar.com\/avatar\/335f0a7fe767fb57e6045ac1fc00ed81?s=96&d=mm&r=g\",\"caption\":\"editorial-staff@annameglio\"},\"sameAs\":[\"http:\/\/annameglio.com\"],\"url\":\"http:\/\/news.annameglio.com\/en\/author\/adminannameglio\/\"}]}<\/script>\n<!-- \/ Yoast SEO plugin. -->","yoast_head_json":{"title":"Capospalla bambina: l\u2019Arctic Parka Woolrich - Annameglio | Blog","robots":{"index":"index","follow":"follow","max-snippet":"max-snippet:-1","max-image-preview":"max-image-preview:large","max-video-preview":"max-video-preview:-1"},"canonical":"http:\/\/news.annameglio.com\/capospalla-bambina-larctic-parka-woolrich\/","og_locale":"en_US","og_type":"article","og_title":"Capospalla bambina: l\u2019Arctic Parka Woolrich - Annameglio | Blog","og_description":"Il Woolrich Artic Parka da bambino \u00e8 uno dei piumini pi\u00f9 ricercati con l\u2019arrivo del freddo. Questo modello, infatti, realizzato dal noto marchio americano di abbigliamento \u00e8 decisamente famoso perch\u00e9\u00a0 viene prodotto, sin dalla sua prima versione, comparsa nel 1972, in vera piuma d\u2019oca. Qui...","og_url":"http:\/\/news.annameglio.com\/capospalla-bambina-larctic-parka-woolrich\/","og_site_name":"Annameglio | Blog","article_publisher":"https:\/\/www.facebook.com\/ANNAMEGLIO.news","article_published_time":"2013-11-07T10:43:54+00:00","article_modified_time":"2015-03-25T10:30:36+00:00","og_image":[{"url":"http:\/\/news.annameglio.com\/wp-content\/uploads\/2014\/01\/Woolrich-girl-copia.jpg"}],"author":"editorial-staff@annameglio","twitter_card":"summary","twitter_creator":"@annameglio_com","twitter_site":"@annameglio_com","twitter_misc":{"Written by":"editorial-staff@annameglio","Est. reading time":"3 minutes"},"schema":{"@context":"https:\/\/schema.org","@graph":[{"@type":"WebPage","@id":"http:\/\/news.annameglio.com\/capospalla-bambina-larctic-parka-woolrich\/","url":"http:\/\/news.annameglio.com\/capospalla-bambina-larctic-parka-woolrich\/","name":"Capospalla bambina: l\u2019Arctic Parka Woolrich - Annameglio | Blog","isPartOf":{"@id":"http:\/\/news.annameglio.com\/#website"},"datePublished":"2013-11-07T10:43:54+00:00","dateModified":"2015-03-25T10:30:36+00:00","author":{"@id":"http:\/\/news.annameglio.com\/#\/schema\/person\/d8ae57e0838f7bf7b3ee362d58823d7d"},"breadcrumb":{"@id":"http:\/\/news.annameglio.com\/capospalla-bambina-larctic-parka-woolrich\/#breadcrumb"},"inLanguage":"en-US","potentialAction":[{"@type":"ReadAction","target":["http:\/\/news.annameglio.com\/capospalla-bambina-larctic-parka-woolrich\/"]}]},{"@type":"BreadcrumbList","@id":"http:\/\/news.annameglio.com\/capospalla-bambina-larctic-parka-woolrich\/#breadcrumb","itemListElement":[{"@type":"ListItem","position":1,"name":"Home","item":"http:\/\/news.annameglio.com\/"},{"@type":"ListItem","position":2,"name":"Capospalla bambina: l\u2019Arctic Parka Woolrich"}]},{"@type":"WebSite","@id":"http:\/\/news.annameglio.com\/#website","url":"http:\/\/news.annameglio.com\/","name":"Annameglio | Blog","description":"","potentialAction":[{"@type":"SearchAction","target":{"@type":"EntryPoint","urlTemplate":"http:\/\/news.annameglio.com\/?s={search_term_string}"},"query-input":"required name=search_term_string"}],"inLanguage":"en-US"},{"@type":"Person","@id":"http:\/\/news.annameglio.com\/#\/schema\/person\/d8ae57e0838f7bf7b3ee362d58823d7d","name":"editorial-staff@annameglio","image":{"@type":"ImageObject","inLanguage":"en-US","@id":"http:\/\/news.annameglio.com\/#\/schema\/person\/image\/","url":"http:\/\/0.gravatar.com\/avatar\/335f0a7fe767fb57e6045ac1fc00ed81?s=96&d=mm&r=g","contentUrl":"http:\/\/0.gravatar.com\/avatar\/335f0a7fe767fb57e6045ac1fc00ed81?s=96&d=mm&r=g","caption":"editorial-staff@annameglio"},"sameAs":["http:\/\/annameglio.com"],"url":"http:\/\/news.annameglio.com\/en\/author\/adminannameglio\/"}]}},"amp_enabled":false,"_links":{"self":[{"href":"http:\/\/news.annameglio.com\/en\/wp-json\/wp\/v2\/posts\/55"}],"collection":[{"href":"http:\/\/news.annameglio.com\/en\/wp-json\/wp\/v2\/posts"}],"about":[{"href":"http:\/\/news.annameglio.com\/en\/wp-json\/wp\/v2\/types\/post"}],"author":[{"embeddable":true,"href":"http:\/\/news.annameglio.com\/en\/wp-json\/wp\/v2\/users\/1"}],"replies":[{"embeddable":true,"href":"http:\/\/news.annameglio.com\/en\/wp-json\/wp\/v2\/comments?post=55"}],"version-history":[{"count":4,"href":"http:\/\/news.annameglio.com\/en\/wp-json\/wp\/v2\/posts\/55\/revisions"}],"predecessor-version":[{"id":633,"href":"http:\/\/news.annameglio.com\/en\/wp-json\/wp\/v2\/posts\/55\/revisions\/633"}],"wp:attachment":[{"href":"http:\/\/news.annameglio.com\/en\/wp-json\/wp\/v2\/media?parent=55"}],"wp:term":[{"taxonomy":"category","embeddable":true,"href":"http:\/\/news.annameglio.com\/en\/wp-json\/wp\/v2\/categories?post=55"},{"taxonomy":"post_tag","embeddable":true,"href":"http:\/\/news.annameglio.com\/en\/wp-json\/wp\/v2\/tags?post=55"}],"curies":[{"name":"wp","href":"https:\/\/api.w.org\/{rel}","templated":true}]}}