{"id":5474,"date":"2022-04-26T15:13:47","date_gmt":"2022-04-26T14:13:47","guid":{"rendered":"http:\/\/news.annameglio.com\/?p=5474"},"modified":"2022-05-13T16:12:52","modified_gmt":"2022-05-13T15:12:52","slug":"les-coyotes-de-paris-ss22-collection","status":"publish","type":"post","link":"http:\/\/news.annameglio.com\/en\/les-coyotes-de-paris-ss22-collection\/","title":{"rendered":"LES COYOTES DE PARIS SS22 COLLECTION"},"content":{"rendered":"<p><strong>THE GOOD SEASON HAS ARRIVED AND WE DON&#8217;T WANT TO BE CAUGHT UNPREPARED! THE BRAND LES COYOTES DE PARIS DRESSES DETERMINED TEENAGERS, WHO LOVE TO DARE!<\/strong><\/p>\n<p>The new collection by<strong>\u00a0<a href=\"https:\/\/www.annameglio.com\/shop\/designer\/les+coyotes+de+paris\/\" target=\"_blank\" rel=\"noopener noreferrer\">Les Coyotes De Paris<\/a><\/strong> is an eye-catching mix of bold garments and accessories with a strong personality. Garments with a minimal chic design, easy to wear and match, a passepartout ideal for every girl\u2019s wardrobe. Be inspired by all the outfits selected by <strong><a href=\"https:\/\/www.annameglio.com\/\" target=\"_blank\" rel=\"noopener noreferrer\">Annameglio<\/a><\/strong> for you.<\/p>\n<div id=\"attachment_5476\" style=\"width: 1120px\" class=\"wp-caption alignnone\"><a href=\"https:\/\/www.annameglio.com\/prodotto\/les+coyotes+de+paris\/pantalone+tae+bianco+naturale+bambina+e+teenager\/\" target=\"_blank\" rel=\"https:\/\/www.annameglio.com\/prodotto\/les+coyotes+de+paris\/pantalone+tae+bianco+naturale+bambina+e+teenager\/ noopener noreferrer\"><img aria-describedby=\"caption-attachment-5476\" loading=\"lazy\" class=\"wp-image-5476 size-full\" src=\"http:\/\/news.annameglio.com\/wp-content\/uploads\/2022\/04\/Les_Coyotes_De_Paris_2.jpg\" alt=\"Les Coyotes De Paris Tae Pants\" width=\"1110\" height=\"735\" srcset=\"http:\/\/news.annameglio.com\/wp-content\/uploads\/2022\/04\/Les_Coyotes_De_Paris_2.jpg 1110w, http:\/\/news.annameglio.com\/wp-content\/uploads\/2022\/04\/Les_Coyotes_De_Paris_2-300x199.jpg 300w, http:\/\/news.annameglio.com\/wp-content\/uploads\/2022\/04\/Les_Coyotes_De_Paris_2-768x509.jpg 768w, http:\/\/news.annameglio.com\/wp-content\/uploads\/2022\/04\/Les_Coyotes_De_Paris_2-1024x678.jpg 1024w\" sizes=\"(max-width: 1110px) 100vw, 1110px\" \/><\/a><p id=\"caption-attachment-5476\" class=\"wp-caption-text\">Les Coyotes De Paris Tae Pants<\/p><\/div>\n<p>The monochrome look, trend of the new season, is back! How to do?! Just create a look with a single color from head to toe and you\u2019re done! The <strong><a href=\"https:\/\/www.annameglio.com\/prodotto\/les+coyotes+de+paris\/pantalone+tae+bianco+naturale+bambina+e+teenager\/\" target=\"_blank\" rel=\"noopener noreferrer\">Tae denim cotton pants<\/a><\/strong> is a classic palazzo high-waisted model, with a perfect fit. It\u2019s available in Junior and Teen sizes (12 to 18 years). Extremely versatile garment, must-have of spring, to have always ready in the wardrobe!<\/p>\n<div id=\"attachment_5477\" style=\"width: 1120px\" class=\"wp-caption alignnone\"><a href=\"https:\/\/www.annameglio.com\/prodotto\/les+coyotes+de+paris\/gilet+kendi+bianco+e+glicine+bambina+e+teen\/\" target=\"_blank\" rel=\"https:\/\/www.annameglio.com\/prodotto\/les+coyotes+de+paris\/gilet+kendi+bianco+e+glicine+bambina+e+teen\/ noopener noreferrer\"><img aria-describedby=\"caption-attachment-5477\" loading=\"lazy\" class=\"wp-image-5477 size-full\" src=\"http:\/\/news.annameglio.com\/wp-content\/uploads\/2022\/04\/Les_Coyotes_De_Paris_3.jpg\" alt=\"\" width=\"1110\" height=\"735\" srcset=\"http:\/\/news.annameglio.com\/wp-content\/uploads\/2022\/04\/Les_Coyotes_De_Paris_3.jpg 1110w, http:\/\/news.annameglio.com\/wp-content\/uploads\/2022\/04\/Les_Coyotes_De_Paris_3-300x199.jpg 300w, http:\/\/news.annameglio.com\/wp-content\/uploads\/2022\/04\/Les_Coyotes_De_Paris_3-768x509.jpg 768w, http:\/\/news.annameglio.com\/wp-content\/uploads\/2022\/04\/Les_Coyotes_De_Paris_3-1024x678.jpg 1024w\" sizes=\"(max-width: 1110px) 100vw, 1110px\" \/><\/a><p id=\"caption-attachment-5477\" class=\"wp-caption-text\">Les Coyotes De Paris Kendi Vest<\/p><\/div>\n<p>The <strong><a href=\"https:\/\/www.annameglio.com\/prodotto\/les+coyotes+de+paris\/gilet+kendi+bianco+e+glicine+bambina+e+teen\/\" target=\"_blank\" rel=\"noopener noreferrer\">Kendi Vest<\/a><\/strong> with its wisteria details is a garment that can not miss\u00a0in the closet! A comfortable model, with a sporty cut with a wide V-neck, worked in soft wool blend yarn, can be easily worn on any occasion. Combined with a jeans, as under jacket, with a shirt, it is always perfect! Available in Junior and Teen sizes (from 12 to 18 years).<\/p>\n<div id=\"attachment_5481\" style=\"width: 1120px\" class=\"wp-caption alignnone\"><a href=\"https:\/\/www.annameglio.com\/prodotto\/les+coyotes+de+paris\/pullover+gilet+korris+beige+bambina+e+teen\/\" target=\"_blank\" rel=\"https:\/\/www.annameglio.com\/prodotto\/les+coyotes+de+paris\/pullover+gilet+korris+beige+bambina+e+teen\/ noopener noreferrer\"><img aria-describedby=\"caption-attachment-5481\" loading=\"lazy\" class=\"wp-image-5481 size-full\" src=\"http:\/\/news.annameglio.com\/wp-content\/uploads\/2022\/04\/Les_Coyotes_De_Paris_7.jpg\" alt=\"\" width=\"1110\" height=\"735\" srcset=\"http:\/\/news.annameglio.com\/wp-content\/uploads\/2022\/04\/Les_Coyotes_De_Paris_7.jpg 1110w, http:\/\/news.annameglio.com\/wp-content\/uploads\/2022\/04\/Les_Coyotes_De_Paris_7-300x199.jpg 300w, http:\/\/news.annameglio.com\/wp-content\/uploads\/2022\/04\/Les_Coyotes_De_Paris_7-768x509.jpg 768w, http:\/\/news.annameglio.com\/wp-content\/uploads\/2022\/04\/Les_Coyotes_De_Paris_7-1024x678.jpg 1024w\" sizes=\"(max-width: 1110px) 100vw, 1110px\" \/><\/a><p id=\"caption-attachment-5481\" class=\"wp-caption-text\">Les Coyotes De Paris Korris Vest<\/p><\/div>\n<p>A casual chic mix of <strong><a href=\"https:\/\/www.annameglio.com\/prodotto\/les+coyotes+de+paris\/pantalone+tae+bianco+naturale+bambina+e+teenager\/\" target=\"_blank\" rel=\"noopener noreferrer\">Tae trousers<\/a><\/strong> combined with the <strong><a href=\"https:\/\/www.annameglio.com\/prodotto\/les+coyotes+de+paris\/pullover+gilet+korris+beige+bambina+e+teen\/\" target=\"_blank\" rel=\"noopener noreferrer\">Korris pullover vest<\/a><\/strong>. A slightly oversized pattern with all-over fuxia jacquard logos, made of super soft cotton blend yarn for maximum comfort. The look is available in Junior and Teen sizes (from 12 to 18 years).<\/p>\n<div id=\"attachment_5478\" style=\"width: 1120px\" class=\"wp-caption alignnone\"><a href=\"https:\/\/www.annameglio.com\/prodotto\/les+coyotes+de+paris\/borsa+shopper+flora+glicine+e+multicolor\/\" target=\"_blank\" rel=\"https:\/\/www.annameglio.com\/prodotto\/les+coyotes+de+paris\/borsa+shopper+flora+glicine+e+multicolor\/ noopener noreferrer\"><img aria-describedby=\"caption-attachment-5478\" loading=\"lazy\" class=\"wp-image-5478 size-full\" src=\"http:\/\/news.annameglio.com\/wp-content\/uploads\/2022\/04\/Les_Coyotes_De_Paris_4.jpg\" alt=\"\" width=\"1110\" height=\"735\" srcset=\"http:\/\/news.annameglio.com\/wp-content\/uploads\/2022\/04\/Les_Coyotes_De_Paris_4.jpg 1110w, http:\/\/news.annameglio.com\/wp-content\/uploads\/2022\/04\/Les_Coyotes_De_Paris_4-300x199.jpg 300w, http:\/\/news.annameglio.com\/wp-content\/uploads\/2022\/04\/Les_Coyotes_De_Paris_4-768x509.jpg 768w, http:\/\/news.annameglio.com\/wp-content\/uploads\/2022\/04\/Les_Coyotes_De_Paris_4-1024x678.jpg 1024w\" sizes=\"(max-width: 1110px) 100vw, 1110px\" \/><\/a><p id=\"caption-attachment-5478\" class=\"wp-caption-text\">Les Coyotes De Paris Flora Shopper<\/p><\/div>\n<p>The <a href=\"https:\/\/www.annameglio.com\/prodotto\/les+coyotes+de+paris\/borsa+shopper+flora+glicine+e+multicolor\/\" target=\"_blank\" rel=\"noopener noreferrer\"><strong>Flora shopper bag<\/strong><\/a> is a perfect accessory to color your outfits! Crochet, entirely handmade, wisteria with a water green crochet pattern, beige-orange is a 70\u2019s inspired pattern reinterpreted in a modern way, an absolute trend of Spring Summer 22.<\/p>\n<div id=\"attachment_5479\" style=\"width: 1120px\" class=\"wp-caption alignnone\"><a href=\"https:\/\/www.annameglio.com\/prodotto\/les+coyotes+de+paris\/gilet+crochet+kenny+multicolor+bambina+e+teen\/\" target=\"_blank\" rel=\"https:\/\/www.annameglio.com\/prodotto\/les+coyotes+de+paris\/gilet+crochet+kenny+multicolor+bambina+e+teen\/ noopener noreferrer\"><img aria-describedby=\"caption-attachment-5479\" loading=\"lazy\" class=\"wp-image-5479 size-full\" src=\"http:\/\/news.annameglio.com\/wp-content\/uploads\/2022\/04\/Les_Coyotes_De_Paris_5.jpg\" alt=\"\" width=\"1110\" height=\"735\" srcset=\"http:\/\/news.annameglio.com\/wp-content\/uploads\/2022\/04\/Les_Coyotes_De_Paris_5.jpg 1110w, http:\/\/news.annameglio.com\/wp-content\/uploads\/2022\/04\/Les_Coyotes_De_Paris_5-300x199.jpg 300w, http:\/\/news.annameglio.com\/wp-content\/uploads\/2022\/04\/Les_Coyotes_De_Paris_5-768x509.jpg 768w, http:\/\/news.annameglio.com\/wp-content\/uploads\/2022\/04\/Les_Coyotes_De_Paris_5-1024x678.jpg 1024w\" sizes=\"(max-width: 1110px) 100vw, 1110px\" \/><\/a><p id=\"caption-attachment-5479\" class=\"wp-caption-text\">Les Coyotes De Paris Kenny Vest<\/p><\/div>\n<p>Crochet trend? <strong><a href=\"https:\/\/www.annameglio.com\/prodotto\/les+coyotes+de+paris\/gilet+crochet+kenny+multicolor+bambina+e+teen\/\" target=\"_blank\" rel=\"noopener noreferrer\">The Kenny vest <\/a><\/strong>is a model with a regular fit cut, worked in crochet, wisteria with a water green, beige-orange pattern, made of soft pure cotton yarn. A piece of the new collection with bright tones, suitable for special occasions or for your everyday life. Available in Junior and Teen sizes (from 12 to 18 years).<\/p>\n<div id=\"attachment_5480\" style=\"width: 1120px\" class=\"wp-caption alignnone\"><a href=\"https:\/\/www.annameglio.com\/prodotto\/les+coyotes+de+paris\/felpa+len+color+crema+bambina+e+teen\/\" target=\"_blank\" rel=\"https:\/\/www.annameglio.com\/prodotto\/les+coyotes+de+paris\/felpa+len+color+crema+bambina+e+teen\/ noopener noreferrer\"><img aria-describedby=\"caption-attachment-5480\" loading=\"lazy\" class=\"wp-image-5480 size-full\" src=\"http:\/\/news.annameglio.com\/wp-content\/uploads\/2022\/04\/Les_Coyotes_De_Paris_6.jpg\" alt=\"\" width=\"1110\" height=\"735\" srcset=\"http:\/\/news.annameglio.com\/wp-content\/uploads\/2022\/04\/Les_Coyotes_De_Paris_6.jpg 1110w, http:\/\/news.annameglio.com\/wp-content\/uploads\/2022\/04\/Les_Coyotes_De_Paris_6-300x199.jpg 300w, http:\/\/news.annameglio.com\/wp-content\/uploads\/2022\/04\/Les_Coyotes_De_Paris_6-768x509.jpg 768w, http:\/\/news.annameglio.com\/wp-content\/uploads\/2022\/04\/Les_Coyotes_De_Paris_6-1024x678.jpg 1024w\" sizes=\"(max-width: 1110px) 100vw, 1110px\" \/><\/a><p id=\"caption-attachment-5480\" class=\"wp-caption-text\">Les Coyotes De Paris Len Sweatshirt<\/p><\/div>\n<p>For a more casual style, the cream-colored <a href=\"https:\/\/www.annameglio.com\/prodotto\/les+coyotes+de+paris\/felpa+len+color+crema+bambina+e+teen\/\" target=\"_blank\" rel=\"noopener noreferrer\"><strong>Len sweatshirt<\/strong> <\/a>is perfect to wear in your free time. A sporty chic model with an oversized hood cut, made of soft pure cotton jersey, for maximum comfort. Available in Junior and Teen sizes (from 12 to 18 years).<\/p>\n<div id=\"attachment_5482\" style=\"width: 1120px\" class=\"wp-caption alignnone\"><a href=\"https:\/\/www.annameglio.com\/prodotto\/les+coyotes+de+paris\/cappello+bucket+hailey+bianco+panna\/\" target=\"_blank\" rel=\"https:\/\/www.annameglio.com\/prodotto\/les+coyotes+de+paris\/cappello+bucket+hailey+bianco+panna\/ noopener noreferrer\"><img aria-describedby=\"caption-attachment-5482\" loading=\"lazy\" class=\"wp-image-5482 size-full\" src=\"http:\/\/news.annameglio.com\/wp-content\/uploads\/2022\/04\/Les_Coyotes_De_Paris_8.jpg\" alt=\"\" width=\"1110\" height=\"735\" srcset=\"http:\/\/news.annameglio.com\/wp-content\/uploads\/2022\/04\/Les_Coyotes_De_Paris_8.jpg 1110w, http:\/\/news.annameglio.com\/wp-content\/uploads\/2022\/04\/Les_Coyotes_De_Paris_8-300x199.jpg 300w, http:\/\/news.annameglio.com\/wp-content\/uploads\/2022\/04\/Les_Coyotes_De_Paris_8-768x509.jpg 768w, http:\/\/news.annameglio.com\/wp-content\/uploads\/2022\/04\/Les_Coyotes_De_Paris_8-1024x678.jpg 1024w\" sizes=\"(max-width: 1110px) 100vw, 1110px\" \/><\/a><p id=\"caption-attachment-5482\" class=\"wp-caption-text\">Les Coyotes De Paris Bucket Hat<\/p><\/div>\n<p>The <a href=\"https:\/\/www.annameglio.com\/prodotto\/les+coyotes+de+paris\/cappello+bucket+hailey+bianco+panna\/\" target=\"_blank\" rel=\"noopener noreferrer\"><strong>Bucket hat<\/strong><\/a> is another trendy accessory that can not miss in this new season. Model &#8220;fisherman&#8221;, made of soft and resistant fabric of pure raw cotton. It\u2019s a versatile accessory, which offers a touch of originality and glamorous style to every outfit.<\/p>\n<p>The <a href=\"https:\/\/www.annameglio.com\/shop\/designer\/les+coyotes+de+paris\/\" target=\"_blank\" rel=\"noopener noreferrer\"><strong>Spring Summer 22<\/strong><\/a> Collection by Les Coyotes De Paris awaits you in the Store or on <a href=\"https:\/\/www.annameglio.com\/\"><strong>Annameglio.com<\/strong><\/a>.<\/p>","protected":false},"excerpt":{"rendered":"<p>THE GOOD SEASON HAS ARRIVED AND WE DON&#8217;T WANT TO BE CAUGHT UNPREPARED! THE BRAND LES COYOTES DE PARIS DRESSES DETERMINED TEENAGERS, WHO LOVE TO DARE! The new collection by\u00a0Les Coyotes De Paris is an eye-catching mix of bold garments and accessories with a strong&#8230;<\/p>\n","protected":false},"author":1,"featured_media":5475,"comment_status":"closed","ping_status":"closed","sticky":false,"template":"","format":"standard","meta":[],"categories":[1],"tags":[337,336],"yoast_head":"<!-- This site is optimized with the Yoast SEO plugin v19.7.2 - https:\/\/yoast.com\/wordpress\/plugins\/seo\/ -->\n<title>LES COYOTES DE PARIS SS22 COLLECTION - Annameglio | Blog<\/title>\n<meta name=\"description\" content=\"(Italiano) Les Coyotes De Paris nuova collezione SS22 \u00e8 un mix accattivante di capi ed accessori audaci e dalla forte personalit\u00e0. Scopri di pi\u00f9 su annameglio.com shop online\" \/>\n<meta name=\"robots\" content=\"index, follow, max-snippet:-1, max-image-preview:large, max-video-preview:-1\" \/>\n<link rel=\"canonical\" href=\"http:\/\/news.annameglio.com\/les-coyotes-de-paris-ss22-collection\/\" \/>\n<meta property=\"og:locale\" content=\"en_US\" \/>\n<meta property=\"og:type\" content=\"article\" \/>\n<meta property=\"og:title\" content=\"LES COYOTES DE PARIS SS22 COLLECTION - Annameglio | Blog\" \/>\n<meta property=\"og:description\" content=\"{:it}Les Coyotes De Paris nuova collezione SS22 \u00e8 un mix accattivante di capi ed accessori audaci e dalla forte personalit\u00e0. Scopri di pi\u00f9 su annameglio.com shop online{:}\" \/>\n<meta property=\"og:url\" content=\"http:\/\/news.annameglio.com\/les-coyotes-de-paris-ss22-collection\/\" \/>\n<meta property=\"og:site_name\" content=\"Annameglio | Blog\" \/>\n<meta property=\"article:publisher\" content=\"https:\/\/www.facebook.com\/ANNAMEGLIO.news\" \/>\n<meta property=\"article:published_time\" content=\"2022-04-26T14:13:47+00:00\" \/>\n<meta property=\"article:modified_time\" content=\"2022-05-13T15:12:52+00:00\" \/>\n<meta property=\"og:image\" content=\"http:\/\/news.annameglio.com\/wp-content\/uploads\/2022\/04\/Les_Coyotes_De_Paris_1.jpg\" \/>\n\t<meta property=\"og:image:width\" content=\"1110\" \/>\n\t<meta property=\"og:image:height\" content=\"735\" \/>\n\t<meta property=\"og:image:type\" content=\"image\/jpeg\" \/>\n<meta name=\"author\" content=\"editorial-staff@annameglio\" \/>\n<meta name=\"twitter:card\" content=\"summary\" \/>\n<meta name=\"twitter:creator\" content=\"@annameglio_com\" \/>\n<meta name=\"twitter:site\" content=\"@annameglio_com\" \/>\n<meta name=\"twitter:label1\" content=\"Written by\" \/>\n\t<meta name=\"twitter:data1\" content=\"editorial-staff@annameglio\" \/>\n\t<meta name=\"twitter:label2\" content=\"Est. reading time\" \/>\n\t<meta name=\"twitter:data2\" content=\"5 minutes\" \/>\n<script type=\"application\/ld+json\" class=\"yoast-schema-graph\">{\"@context\":\"https:\/\/schema.org\",\"@graph\":[{\"@type\":\"WebPage\",\"@id\":\"http:\/\/news.annameglio.com\/les-coyotes-de-paris-ss22-collection\/\",\"url\":\"http:\/\/news.annameglio.com\/les-coyotes-de-paris-ss22-collection\/\",\"name\":\"LES COYOTES DE PARIS SS22 COLLECTION - Annameglio | Blog\",\"isPartOf\":{\"@id\":\"http:\/\/news.annameglio.com\/#website\"},\"datePublished\":\"2022-04-26T14:13:47+00:00\",\"dateModified\":\"2022-05-13T15:12:52+00:00\",\"author\":{\"@id\":\"http:\/\/news.annameglio.com\/#\/schema\/person\/d8ae57e0838f7bf7b3ee362d58823d7d\"},\"description\":\"{:it}Les Coyotes De Paris nuova collezione SS22 \u00e8 un mix accattivante di capi ed accessori audaci e dalla forte personalit\u00e0. Scopri di pi\u00f9 su annameglio.com shop online{:}\",\"breadcrumb\":{\"@id\":\"http:\/\/news.annameglio.com\/les-coyotes-de-paris-ss22-collection\/#breadcrumb\"},\"inLanguage\":\"en-US\",\"potentialAction\":[{\"@type\":\"ReadAction\",\"target\":[\"http:\/\/news.annameglio.com\/les-coyotes-de-paris-ss22-collection\/\"]}]},{\"@type\":\"BreadcrumbList\",\"@id\":\"http:\/\/news.annameglio.com\/les-coyotes-de-paris-ss22-collection\/#breadcrumb\",\"itemListElement\":[{\"@type\":\"ListItem\",\"position\":1,\"name\":\"Home\",\"item\":\"http:\/\/news.annameglio.com\/\"},{\"@type\":\"ListItem\",\"position\":2,\"name\":\"LES COYOTES DE PARIS SS22 COLLECTION\"}]},{\"@type\":\"WebSite\",\"@id\":\"http:\/\/news.annameglio.com\/#website\",\"url\":\"http:\/\/news.annameglio.com\/\",\"name\":\"Annameglio | Blog\",\"description\":\"\",\"potentialAction\":[{\"@type\":\"SearchAction\",\"target\":{\"@type\":\"EntryPoint\",\"urlTemplate\":\"http:\/\/news.annameglio.com\/?s={search_term_string}\"},\"query-input\":\"required name=search_term_string\"}],\"inLanguage\":\"en-US\"},{\"@type\":\"Person\",\"@id\":\"http:\/\/news.annameglio.com\/#\/schema\/person\/d8ae57e0838f7bf7b3ee362d58823d7d\",\"name\":\"editorial-staff@annameglio\",\"image\":{\"@type\":\"ImageObject\",\"inLanguage\":\"en-US\",\"@id\":\"http:\/\/news.annameglio.com\/#\/schema\/person\/image\/\",\"url\":\"http:\/\/0.gravatar.com\/avatar\/335f0a7fe767fb57e6045ac1fc00ed81?s=96&d=mm&r=g\",\"contentUrl\":\"http:\/\/0.gravatar.com\/avatar\/335f0a7fe767fb57e6045ac1fc00ed81?s=96&d=mm&r=g\",\"caption\":\"editorial-staff@annameglio\"},\"sameAs\":[\"http:\/\/annameglio.com\"],\"url\":\"http:\/\/news.annameglio.com\/en\/author\/adminannameglio\/\"}]}<\/script>\n<!-- \/ Yoast SEO plugin. -->","yoast_head_json":{"title":"LES COYOTES DE PARIS SS22 COLLECTION - Annameglio | Blog","description":"(Italiano) Les Coyotes De Paris nuova collezione SS22 \u00e8 un mix accattivante di capi ed accessori audaci e dalla forte personalit\u00e0. Scopri di pi\u00f9 su annameglio.com shop online","robots":{"index":"index","follow":"follow","max-snippet":"max-snippet:-1","max-image-preview":"max-image-preview:large","max-video-preview":"max-video-preview:-1"},"canonical":"http:\/\/news.annameglio.com\/les-coyotes-de-paris-ss22-collection\/","og_locale":"en_US","og_type":"article","og_title":"LES COYOTES DE PARIS SS22 COLLECTION - Annameglio | Blog","og_description":"{:it}Les Coyotes De Paris nuova collezione SS22 \u00e8 un mix accattivante di capi ed accessori audaci e dalla forte personalit\u00e0. Scopri di pi\u00f9 su annameglio.com shop online{:}","og_url":"http:\/\/news.annameglio.com\/les-coyotes-de-paris-ss22-collection\/","og_site_name":"Annameglio | Blog","article_publisher":"https:\/\/www.facebook.com\/ANNAMEGLIO.news","article_published_time":"2022-04-26T14:13:47+00:00","article_modified_time":"2022-05-13T15:12:52+00:00","og_image":[{"width":1110,"height":735,"url":"http:\/\/news.annameglio.com\/wp-content\/uploads\/2022\/04\/Les_Coyotes_De_Paris_1.jpg","type":"image\/jpeg"}],"author":"editorial-staff@annameglio","twitter_card":"summary","twitter_creator":"@annameglio_com","twitter_site":"@annameglio_com","twitter_misc":{"Written by":"editorial-staff@annameglio","Est. reading time":"5 minutes"},"schema":{"@context":"https:\/\/schema.org","@graph":[{"@type":"WebPage","@id":"http:\/\/news.annameglio.com\/les-coyotes-de-paris-ss22-collection\/","url":"http:\/\/news.annameglio.com\/les-coyotes-de-paris-ss22-collection\/","name":"LES COYOTES DE PARIS SS22 COLLECTION - Annameglio | Blog","isPartOf":{"@id":"http:\/\/news.annameglio.com\/#website"},"datePublished":"2022-04-26T14:13:47+00:00","dateModified":"2022-05-13T15:12:52+00:00","author":{"@id":"http:\/\/news.annameglio.com\/#\/schema\/person\/d8ae57e0838f7bf7b3ee362d58823d7d"},"description":"{:it}Les Coyotes De Paris nuova collezione SS22 \u00e8 un mix accattivante di capi ed accessori audaci e dalla forte personalit\u00e0. Scopri di pi\u00f9 su annameglio.com shop online{:}","breadcrumb":{"@id":"http:\/\/news.annameglio.com\/les-coyotes-de-paris-ss22-collection\/#breadcrumb"},"inLanguage":"en-US","potentialAction":[{"@type":"ReadAction","target":["http:\/\/news.annameglio.com\/les-coyotes-de-paris-ss22-collection\/"]}]},{"@type":"BreadcrumbList","@id":"http:\/\/news.annameglio.com\/les-coyotes-de-paris-ss22-collection\/#breadcrumb","itemListElement":[{"@type":"ListItem","position":1,"name":"Home","item":"http:\/\/news.annameglio.com\/"},{"@type":"ListItem","position":2,"name":"LES COYOTES DE PARIS SS22 COLLECTION"}]},{"@type":"WebSite","@id":"http:\/\/news.annameglio.com\/#website","url":"http:\/\/news.annameglio.com\/","name":"Annameglio | Blog","description":"","potentialAction":[{"@type":"SearchAction","target":{"@type":"EntryPoint","urlTemplate":"http:\/\/news.annameglio.com\/?s={search_term_string}"},"query-input":"required name=search_term_string"}],"inLanguage":"en-US"},{"@type":"Person","@id":"http:\/\/news.annameglio.com\/#\/schema\/person\/d8ae57e0838f7bf7b3ee362d58823d7d","name":"editorial-staff@annameglio","image":{"@type":"ImageObject","inLanguage":"en-US","@id":"http:\/\/news.annameglio.com\/#\/schema\/person\/image\/","url":"http:\/\/0.gravatar.com\/avatar\/335f0a7fe767fb57e6045ac1fc00ed81?s=96&d=mm&r=g","contentUrl":"http:\/\/0.gravatar.com\/avatar\/335f0a7fe767fb57e6045ac1fc00ed81?s=96&d=mm&r=g","caption":"editorial-staff@annameglio"},"sameAs":["http:\/\/annameglio.com"],"url":"http:\/\/news.annameglio.com\/en\/author\/adminannameglio\/"}]}},"amp_enabled":false,"_links":{"self":[{"href":"http:\/\/news.annameglio.com\/en\/wp-json\/wp\/v2\/posts\/5474"}],"collection":[{"href":"http:\/\/news.annameglio.com\/en\/wp-json\/wp\/v2\/posts"}],"about":[{"href":"http:\/\/news.annameglio.com\/en\/wp-json\/wp\/v2\/types\/post"}],"author":[{"embeddable":true,"href":"http:\/\/news.annameglio.com\/en\/wp-json\/wp\/v2\/users\/1"}],"replies":[{"embeddable":true,"href":"http:\/\/news.annameglio.com\/en\/wp-json\/wp\/v2\/comments?post=5474"}],"version-history":[{"count":39,"href":"http:\/\/news.annameglio.com\/en\/wp-json\/wp\/v2\/posts\/5474\/revisions"}],"predecessor-version":[{"id":5524,"href":"http:\/\/news.annameglio.com\/en\/wp-json\/wp\/v2\/posts\/5474\/revisions\/5524"}],"wp:featuredmedia":[{"embeddable":true,"href":"http:\/\/news.annameglio.com\/en\/wp-json\/wp\/v2\/media\/5475"}],"wp:attachment":[{"href":"http:\/\/news.annameglio.com\/en\/wp-json\/wp\/v2\/media?parent=5474"}],"wp:term":[{"taxonomy":"category","embeddable":true,"href":"http:\/\/news.annameglio.com\/en\/wp-json\/wp\/v2\/categories?post=5474"},{"taxonomy":"post_tag","embeddable":true,"href":"http:\/\/news.annameglio.com\/en\/wp-json\/wp\/v2\/tags?post=5474"}],"curies":[{"name":"wp","href":"https:\/\/api.w.org\/{rel}","templated":true}]}}