{"id":541,"date":"2015-02-24T10:22:32","date_gmt":"2015-02-24T10:22:32","guid":{"rendered":"http:\/\/news.annameglio.com\/?p=541"},"modified":"2015-10-27T18:34:42","modified_gmt":"2015-10-27T18:34:42","slug":"impselfs-spring-summer-2015","status":"publish","type":"post","link":"http:\/\/news.annameglio.com\/en\/impselfs-spring-summer-2015\/","title":{"rendered":"Imps&#038;Elfs Spring Summer 2015"},"content":{"rendered":"<p>Imps&amp;Elfs veste i bambini pi\u00f9 piccoli (0-4 anni), con l&#8217;ambizione di mostrare la bellezza di un neonato con capi di abbigliamento che ne sottolineano la forma e ne mettono in risalto il corpo.<\/p>\n<p>It has been years that Imps&amp;Elfs, the dauch brand, focus on new borns and toddlers with\u00a0the ambitius to show the beauty of a child with clothes that underline the shapes and the child&#8217;s body.<\/p>\n<p><a href=\"http:\/\/news.annameglio.com\/wp-content\/uploads\/2015\/02\/Presentazione_Blog.jpg\"><img loading=\"lazy\" class=\"aligncenter size-full wp-image-543\" alt=\"Presentazione_Blog\" src=\"http:\/\/news.annameglio.com\/wp-content\/uploads\/2015\/02\/Presentazione_Blog.jpg\" width=\"448\" height=\"234\" \/><\/a><\/p>\n<p><!--more-->Colori, qualit\u00e0 nei materiali, un approccio comodo alla vestibilit\u00e0 che privilegia sempre il comfort e la praticit\u00e0 dei capi. Imps&amp;Elfs si ispira ad un bimbo sempre in movimento, vestito con tessuti di qualit\u00e0, con cotone bio al 100%.<\/p>\n<p>Colors, quality in materials, a comfortable approach to wearability\u00a0for a practical aim. Imps&amp;Elfs always thinks to a baby in movement, dressed with quality fabrics, 100% organic cotton.<\/p>\n<p>Sar\u00e0 una piacevole scoperta la qualit\u00e0 ed il comfort della Collezione Primavera Estate 2015 \u00a0firmata Imps&amp;Elfs, in esclusiva negli store Anna Meglio ed anche on line!<\/p>\n<p>Will be a pleasure to discover the quality &amp; comfort of the new Spring Summer 2015 Collection &#8211; Discover Imps&amp;Elfs in store and on-line soon!<\/p>\n","protected":false},"excerpt":{"rendered":"<p>Imps&amp;Elfs veste i bambini pi\u00f9 piccoli (0-4 anni), con l&#8217;ambizione di mostrare la bellezza di un neonato con capi di abbigliamento che ne sottolineano la forma e ne mettono in risalto il corpo. It has been years that Imps&amp;Elfs, the dauch brand, focus on new&#8230;<\/p>\n","protected":false},"author":1,"featured_media":0,"comment_status":"open","ping_status":"open","sticky":false,"template":"","format":"standard","meta":[],"categories":[1],"tags":[228,135],"yoast_head":"<!-- This site is optimized with the Yoast SEO plugin v19.7.2 - https:\/\/yoast.com\/wordpress\/plugins\/seo\/ -->\n<title>Imps&amp;Elfs Spring Summer 2015 - Annameglio | Blog<\/title>\n<meta name=\"robots\" content=\"index, follow, max-snippet:-1, max-image-preview:large, max-video-preview:-1\" \/>\n<link rel=\"canonical\" href=\"http:\/\/news.annameglio.com\/en\/impselfs-spring-summer-2015\/\" \/>\n<meta property=\"og:locale\" content=\"en_US\" \/>\n<meta property=\"og:type\" content=\"article\" \/>\n<meta property=\"og:title\" content=\"Imps&amp;Elfs Spring Summer 2015 - Annameglio | Blog\" \/>\n<meta property=\"og:description\" content=\"Imps&amp;Elfs veste i bambini pi\u00f9 piccoli (0-4 anni), con l&#8217;ambizione di mostrare la bellezza di un neonato con capi di abbigliamento che ne sottolineano la forma e ne mettono in risalto il corpo. It has been years that Imps&amp;Elfs, the dauch brand, focus on new...\" \/>\n<meta property=\"og:url\" content=\"http:\/\/news.annameglio.com\/en\/impselfs-spring-summer-2015\/\" \/>\n<meta property=\"og:site_name\" content=\"Annameglio | Blog\" \/>\n<meta property=\"article:publisher\" content=\"https:\/\/www.facebook.com\/ANNAMEGLIO.news\" \/>\n<meta property=\"article:published_time\" content=\"2015-02-24T10:22:32+00:00\" \/>\n<meta property=\"article:modified_time\" content=\"2015-10-27T18:34:42+00:00\" \/>\n<meta property=\"og:image\" content=\"http:\/\/news.annameglio.com\/wp-content\/uploads\/2015\/02\/Presentazione_Blog.jpg\" \/>\n<meta name=\"author\" content=\"editorial-staff@annameglio\" \/>\n<meta name=\"twitter:card\" content=\"summary\" \/>\n<meta name=\"twitter:creator\" content=\"@annameglio_com\" \/>\n<meta name=\"twitter:site\" content=\"@annameglio_com\" \/>\n<meta name=\"twitter:label1\" content=\"Written by\" \/>\n\t<meta name=\"twitter:data1\" content=\"editorial-staff@annameglio\" \/>\n\t<meta name=\"twitter:label2\" content=\"Est. reading time\" \/>\n\t<meta name=\"twitter:data2\" content=\"1 minute\" \/>\n<script type=\"application\/ld+json\" class=\"yoast-schema-graph\">{\"@context\":\"https:\/\/schema.org\",\"@graph\":[{\"@type\":\"WebPage\",\"@id\":\"http:\/\/news.annameglio.com\/en\/impselfs-spring-summer-2015\/\",\"url\":\"http:\/\/news.annameglio.com\/en\/impselfs-spring-summer-2015\/\",\"name\":\"Imps&Elfs Spring Summer 2015 - Annameglio | Blog\",\"isPartOf\":{\"@id\":\"http:\/\/news.annameglio.com\/#website\"},\"datePublished\":\"2015-02-24T10:22:32+00:00\",\"dateModified\":\"2015-10-27T18:34:42+00:00\",\"author\":{\"@id\":\"http:\/\/news.annameglio.com\/#\/schema\/person\/d8ae57e0838f7bf7b3ee362d58823d7d\"},\"breadcrumb\":{\"@id\":\"http:\/\/news.annameglio.com\/en\/impselfs-spring-summer-2015\/#breadcrumb\"},\"inLanguage\":\"en-US\",\"potentialAction\":[{\"@type\":\"ReadAction\",\"target\":[\"http:\/\/news.annameglio.com\/en\/impselfs-spring-summer-2015\/\"]}]},{\"@type\":\"BreadcrumbList\",\"@id\":\"http:\/\/news.annameglio.com\/en\/impselfs-spring-summer-2015\/#breadcrumb\",\"itemListElement\":[{\"@type\":\"ListItem\",\"position\":1,\"name\":\"Home\",\"item\":\"http:\/\/news.annameglio.com\/\"},{\"@type\":\"ListItem\",\"position\":2,\"name\":\"Imps&#038;Elfs Spring Summer 2015\"}]},{\"@type\":\"WebSite\",\"@id\":\"http:\/\/news.annameglio.com\/#website\",\"url\":\"http:\/\/news.annameglio.com\/\",\"name\":\"Annameglio | Blog\",\"description\":\"\",\"potentialAction\":[{\"@type\":\"SearchAction\",\"target\":{\"@type\":\"EntryPoint\",\"urlTemplate\":\"http:\/\/news.annameglio.com\/?s={search_term_string}\"},\"query-input\":\"required name=search_term_string\"}],\"inLanguage\":\"en-US\"},{\"@type\":\"Person\",\"@id\":\"http:\/\/news.annameglio.com\/#\/schema\/person\/d8ae57e0838f7bf7b3ee362d58823d7d\",\"name\":\"editorial-staff@annameglio\",\"image\":{\"@type\":\"ImageObject\",\"inLanguage\":\"en-US\",\"@id\":\"http:\/\/news.annameglio.com\/#\/schema\/person\/image\/\",\"url\":\"http:\/\/0.gravatar.com\/avatar\/335f0a7fe767fb57e6045ac1fc00ed81?s=96&d=mm&r=g\",\"contentUrl\":\"http:\/\/0.gravatar.com\/avatar\/335f0a7fe767fb57e6045ac1fc00ed81?s=96&d=mm&r=g\",\"caption\":\"editorial-staff@annameglio\"},\"sameAs\":[\"http:\/\/annameglio.com\"],\"url\":\"http:\/\/news.annameglio.com\/en\/author\/adminannameglio\/\"}]}<\/script>\n<!-- \/ Yoast SEO plugin. -->","yoast_head_json":{"title":"Imps&Elfs Spring Summer 2015 - Annameglio | Blog","robots":{"index":"index","follow":"follow","max-snippet":"max-snippet:-1","max-image-preview":"max-image-preview:large","max-video-preview":"max-video-preview:-1"},"canonical":"http:\/\/news.annameglio.com\/en\/impselfs-spring-summer-2015\/","og_locale":"en_US","og_type":"article","og_title":"Imps&Elfs Spring Summer 2015 - Annameglio | Blog","og_description":"Imps&amp;Elfs veste i bambini pi\u00f9 piccoli (0-4 anni), con l&#8217;ambizione di mostrare la bellezza di un neonato con capi di abbigliamento che ne sottolineano la forma e ne mettono in risalto il corpo. It has been years that Imps&amp;Elfs, the dauch brand, focus on new...","og_url":"http:\/\/news.annameglio.com\/en\/impselfs-spring-summer-2015\/","og_site_name":"Annameglio | Blog","article_publisher":"https:\/\/www.facebook.com\/ANNAMEGLIO.news","article_published_time":"2015-02-24T10:22:32+00:00","article_modified_time":"2015-10-27T18:34:42+00:00","og_image":[{"url":"http:\/\/news.annameglio.com\/wp-content\/uploads\/2015\/02\/Presentazione_Blog.jpg"}],"author":"editorial-staff@annameglio","twitter_card":"summary","twitter_creator":"@annameglio_com","twitter_site":"@annameglio_com","twitter_misc":{"Written by":"editorial-staff@annameglio","Est. reading time":"1 minute"},"schema":{"@context":"https:\/\/schema.org","@graph":[{"@type":"WebPage","@id":"http:\/\/news.annameglio.com\/en\/impselfs-spring-summer-2015\/","url":"http:\/\/news.annameglio.com\/en\/impselfs-spring-summer-2015\/","name":"Imps&Elfs Spring Summer 2015 - Annameglio | Blog","isPartOf":{"@id":"http:\/\/news.annameglio.com\/#website"},"datePublished":"2015-02-24T10:22:32+00:00","dateModified":"2015-10-27T18:34:42+00:00","author":{"@id":"http:\/\/news.annameglio.com\/#\/schema\/person\/d8ae57e0838f7bf7b3ee362d58823d7d"},"breadcrumb":{"@id":"http:\/\/news.annameglio.com\/en\/impselfs-spring-summer-2015\/#breadcrumb"},"inLanguage":"en-US","potentialAction":[{"@type":"ReadAction","target":["http:\/\/news.annameglio.com\/en\/impselfs-spring-summer-2015\/"]}]},{"@type":"BreadcrumbList","@id":"http:\/\/news.annameglio.com\/en\/impselfs-spring-summer-2015\/#breadcrumb","itemListElement":[{"@type":"ListItem","position":1,"name":"Home","item":"http:\/\/news.annameglio.com\/"},{"@type":"ListItem","position":2,"name":"Imps&#038;Elfs Spring Summer 2015"}]},{"@type":"WebSite","@id":"http:\/\/news.annameglio.com\/#website","url":"http:\/\/news.annameglio.com\/","name":"Annameglio | Blog","description":"","potentialAction":[{"@type":"SearchAction","target":{"@type":"EntryPoint","urlTemplate":"http:\/\/news.annameglio.com\/?s={search_term_string}"},"query-input":"required name=search_term_string"}],"inLanguage":"en-US"},{"@type":"Person","@id":"http:\/\/news.annameglio.com\/#\/schema\/person\/d8ae57e0838f7bf7b3ee362d58823d7d","name":"editorial-staff@annameglio","image":{"@type":"ImageObject","inLanguage":"en-US","@id":"http:\/\/news.annameglio.com\/#\/schema\/person\/image\/","url":"http:\/\/0.gravatar.com\/avatar\/335f0a7fe767fb57e6045ac1fc00ed81?s=96&d=mm&r=g","contentUrl":"http:\/\/0.gravatar.com\/avatar\/335f0a7fe767fb57e6045ac1fc00ed81?s=96&d=mm&r=g","caption":"editorial-staff@annameglio"},"sameAs":["http:\/\/annameglio.com"],"url":"http:\/\/news.annameglio.com\/en\/author\/adminannameglio\/"}]}},"amp_enabled":false,"_links":{"self":[{"href":"http:\/\/news.annameglio.com\/en\/wp-json\/wp\/v2\/posts\/541"}],"collection":[{"href":"http:\/\/news.annameglio.com\/en\/wp-json\/wp\/v2\/posts"}],"about":[{"href":"http:\/\/news.annameglio.com\/en\/wp-json\/wp\/v2\/types\/post"}],"author":[{"embeddable":true,"href":"http:\/\/news.annameglio.com\/en\/wp-json\/wp\/v2\/users\/1"}],"replies":[{"embeddable":true,"href":"http:\/\/news.annameglio.com\/en\/wp-json\/wp\/v2\/comments?post=541"}],"version-history":[{"count":15,"href":"http:\/\/news.annameglio.com\/en\/wp-json\/wp\/v2\/posts\/541\/revisions"}],"predecessor-version":[{"id":928,"href":"http:\/\/news.annameglio.com\/en\/wp-json\/wp\/v2\/posts\/541\/revisions\/928"}],"wp:attachment":[{"href":"http:\/\/news.annameglio.com\/en\/wp-json\/wp\/v2\/media?parent=541"}],"wp:term":[{"taxonomy":"category","embeddable":true,"href":"http:\/\/news.annameglio.com\/en\/wp-json\/wp\/v2\/categories?post=541"},{"taxonomy":"post_tag","embeddable":true,"href":"http:\/\/news.annameglio.com\/en\/wp-json\/wp\/v2\/tags?post=541"}],"curies":[{"name":"wp","href":"https:\/\/api.w.org\/{rel}","templated":true}]}}