{"id":5258,"date":"2022-02-01T18:40:44","date_gmt":"2022-02-01T17:40:44","guid":{"rendered":"http:\/\/news.annameglio.com\/?p=5258"},"modified":"2022-03-07T15:35:41","modified_gmt":"2022-03-07T14:35:41","slug":"collezione-cerimonia-mimilu-ss22","status":"publish","type":"post","link":"http:\/\/news.annameglio.com\/en\/collezione-cerimonia-mimilu-ss22\/","title":{"rendered":"Ceremony collection SS22"},"content":{"rendered":"<p><\/p>\n<h2>MANY OCCASIONS TO WEAR THE UNIQUE STYLE MIMILU&#8217;.<\/h2>\n<h3>CEREMONIES AND UNFORGETTABLE MOMENTS DESERVE TO BE CELEBRATED WITH GREAT ELEGANCE!<\/h3>\n<p>The new <a href=\"https:\/\/www.annameglio.com\/shop\/designer\/mimil%C3%BA\/\" target=\"_blank\" rel=\"noopener noreferrer\"><strong>Mimil\u00f9 <\/strong><\/a>spring\/summer 2022 collection is renewed every year, even more original and refined, <span class=\"Y2IQFc\" lang=\"en\">it is full of precious details to meet the wishes of every little girl.<\/span><\/p>\n<p>Whether for First Communion, Baptism or a special event, the <a href=\"https:\/\/www.annameglio.com\/shop\/designer\/mimil%C3%BA\/\" target=\"_blank\" rel=\"noopener noreferrer\"><strong>PE22 ceremony collection<\/strong><\/a> is able to impress with a wide range of proposals suitable for any occasion!<\/p>\n<p><span class=\"ng-star-inserted\">Exclusive fabrics, enriched with pastel details, create special plays of light, shadows and transparencies;\u00a0<\/span><span class=\"ng-star-inserted\">clean and simple lines celebrate the child in her total essentiality. <\/span><span class=\"Y2IQFc\" lang=\"en\">Perfect models to accompany unforgettable moments.<\/span><\/p>\n<div id=\"attachment_5272\" style=\"width: 1120px\" class=\"wp-caption alignnone\"><a href=\"https:\/\/www.annameglio.com\/prodotto\/mimil%C3%BA\/abito+cerimonia+bianco+e+avorio+bambina+e+teen\/\" target=\"_blank\" rel=\"https:\/\/www.annameglio.com\/prodotto\/mimil%C3%BA\/abito+cerimonia+bianco+e+avorio+bambina+e+teen\/ noopener noreferrer\"><img aria-describedby=\"caption-attachment-5272\" loading=\"lazy\" class=\"wp-image-5272 size-full\" src=\"http:\/\/news.annameglio.com\/wp-content\/uploads\/2022\/01\/2-ott.jpg\" alt=\"\" width=\"1110\" height=\"735\" srcset=\"http:\/\/news.annameglio.com\/wp-content\/uploads\/2022\/01\/2-ott.jpg 1110w, http:\/\/news.annameglio.com\/wp-content\/uploads\/2022\/01\/2-ott-300x199.jpg 300w, http:\/\/news.annameglio.com\/wp-content\/uploads\/2022\/01\/2-ott-768x509.jpg 768w, http:\/\/news.annameglio.com\/wp-content\/uploads\/2022\/01\/2-ott-1024x678.jpg 1024w\" sizes=\"(max-width: 1110px) 100vw, 1110px\" \/><\/a><p id=\"caption-attachment-5272\" class=\"wp-caption-text\">Mimil\u00f9 white and ivory baby girl formal dress<\/p><\/div>\n<p id=\"tw-target-text\" class=\"tw-data-text tw-text-large tw-ta\" dir=\"ltr\" data-placeholder=\"Traduzione\"><span class=\"Y2IQFc\" lang=\"en\">For the more romantic ones, Mimil\u00f9 offers this precious <a href=\"https:\/\/www.annameglio.com\/prodotto\/mimil%C3%BA\/abito+cerimonia+bianco+e+avorio+bambina+e+teen\/\" target=\"_blank\" rel=\"noopener noreferrer\"><strong>lace dress with transparencies,<\/strong><\/a><\/span> enchanting neckline on the back and maxi bow in pastel colors. Delicate lines, comfort and refinement are the basic features of this dress with a perfect fit (available from 8A to 18A).<\/p>\n<div id=\"attachment_5319\" style=\"width: 1120px\" class=\"wp-caption alignnone\"><a href=\"https:\/\/www.annameglio.com\/prodotto\/mimil%C3%BA\/abito+cerimonia+bianco+con+doppia+cintura\/\" target=\"_blank\" rel=\"https:\/\/www.annameglio.com\/prodotto\/mimil%C3%BA\/abito+cerimonia+bianco+con+doppia+cintura\/ noopener noreferrer\"><img aria-describedby=\"caption-attachment-5319\" loading=\"lazy\" class=\"wp-image-5319 size-full\" src=\"http:\/\/news.annameglio.com\/wp-content\/uploads\/2022\/01\/AM_Banner-Blog-17ottimizzato.jpg\" alt=\"\" width=\"1110\" height=\"735\" srcset=\"http:\/\/news.annameglio.com\/wp-content\/uploads\/2022\/01\/AM_Banner-Blog-17ottimizzato.jpg 1110w, http:\/\/news.annameglio.com\/wp-content\/uploads\/2022\/01\/AM_Banner-Blog-17ottimizzato-300x199.jpg 300w, http:\/\/news.annameglio.com\/wp-content\/uploads\/2022\/01\/AM_Banner-Blog-17ottimizzato-768x509.jpg 768w, http:\/\/news.annameglio.com\/wp-content\/uploads\/2022\/01\/AM_Banner-Blog-17ottimizzato-1024x678.jpg 1024w\" sizes=\"(max-width: 1110px) 100vw, 1110px\" \/><\/a><p id=\"caption-attachment-5319\" class=\"wp-caption-text\">Mimil\u00f9 white baby girl formal dress<\/p><\/div>\n<p>The<a href=\"https:\/\/www.annameglio.com\/prodotto\/mimil%C3%BA\/abito+cerimonia+bianco+con+doppia+cintura\/\" target=\"_blank\" rel=\"noopener noreferrer\"><strong> white formal dress<\/strong><\/a> with floral detail is a classic model with smooth bodice, round neck and wide-cut skirt. An essential style for a girl of refined simplicity, a garment with timeless elegance (available from 8A to 18A).<\/p>\n<div class=\"mceTemp\"><\/div>\n<div id=\"attachment_5279\" style=\"width: 1120px\" class=\"wp-caption alignnone\"><a href=\"https:\/\/www.annameglio.com\/prodotto\/mimil%C3%BA\/abito+cerimonia+bianco+e+oro+a+balze+bambina+teen\/\" target=\"_blank\" rel=\"https:\/\/www.annameglio.com\/prodotto\/mimil%C3%BA\/abito+cerimonia+bianco+e+oro+a+balze+bambina+teen\/ noopener noreferrer\"><img aria-describedby=\"caption-attachment-5279\" loading=\"lazy\" class=\"wp-image-5279 size-full\" src=\"http:\/\/news.annameglio.com\/wp-content\/uploads\/2022\/01\/3-ott.jpg\" alt=\"\" width=\"1110\" height=\"735\" srcset=\"http:\/\/news.annameglio.com\/wp-content\/uploads\/2022\/01\/3-ott.jpg 1110w, http:\/\/news.annameglio.com\/wp-content\/uploads\/2022\/01\/3-ott-300x199.jpg 300w, http:\/\/news.annameglio.com\/wp-content\/uploads\/2022\/01\/3-ott-768x509.jpg 768w, http:\/\/news.annameglio.com\/wp-content\/uploads\/2022\/01\/3-ott-1024x678.jpg 1024w\" sizes=\"(max-width: 1110px) 100vw, 1110px\" \/><\/a><p id=\"caption-attachment-5279\" class=\"wp-caption-text\">Mimil\u00f9 white and gold baby girl formal dress<\/p><\/div>\n<p><a href=\"https:\/\/www.annameglio.com\/prodotto\/mimil%C3%BA\/abito+cerimonia+bianco+e+oro+a+balze+bambina+teen\/\" target=\"_blank\" rel=\"noopener noreferrer\"><strong>The elegant formal dress<\/strong><\/a>, made of organza and tulle, with pure cotton lining, guarantees a perfect balance between elegance and comfort; <span class=\"Y2IQFc\" lang=\"en\">crewneck bodice with elegant transparency effects, organza belt with floral brooch, wide and voluminous flounced skirt and neckline on the back <\/span>(available from 10A to 16A).<\/p>\n<div id=\"attachment_5284\" style=\"width: 1120px\" class=\"wp-caption alignnone\"><a href=\"https:\/\/www.annameglio.com\/prodotto\/mimil%C3%BA\/abito+cerimonia+rosso+ciliegia+bambina+e+teen\/\" target=\"_blank\" rel=\"https:\/\/www.annameglio.com\/prodotto\/mimil%C3%BA\/abito+cerimonia+rosso+ciliegia+bambina+e+teen\/ noopener noreferrer\"><img aria-describedby=\"caption-attachment-5284\" loading=\"lazy\" class=\"wp-image-5284 size-full\" src=\"http:\/\/news.annameglio.com\/wp-content\/uploads\/2022\/01\/5ott.jpg\" alt=\"\" width=\"1110\" height=\"735\" srcset=\"http:\/\/news.annameglio.com\/wp-content\/uploads\/2022\/01\/5ott.jpg 1110w, http:\/\/news.annameglio.com\/wp-content\/uploads\/2022\/01\/5ott-300x199.jpg 300w, http:\/\/news.annameglio.com\/wp-content\/uploads\/2022\/01\/5ott-768x509.jpg 768w, http:\/\/news.annameglio.com\/wp-content\/uploads\/2022\/01\/5ott-1024x678.jpg 1024w\" sizes=\"(max-width: 1110px) 100vw, 1110px\" \/><\/a><p id=\"caption-attachment-5284\" class=\"wp-caption-text\">Mimil\u00f9 colorful baby girl formal dress<\/p><\/div>\n<p>This <a href=\"https:\/\/www.annameglio.com\/prodotto\/mimil%C3%BA\/abito+cerimonia+rosso+ciliegia+bambina+e+teen\/\" target=\"_blank\" rel=\"noopener noreferrer\"><strong>beautiful dress<\/strong><\/a> is definitely a must have of the season, <span class=\"ng-star-inserted\">a classic sleeveless model with wide skirt, smooth bodice, rounded neckline and elegant waistband with floral decorations.\u00a0<\/span><span class=\"ng-star-inserted\">The brighter nuance makes it particularly suitable for a wonderful bridesmaid (available from 3A to 14A).<\/span><\/p>\n<div id=\"attachment_5297\" style=\"width: 1120px\" class=\"wp-caption alignnone\"><a href=\"https:\/\/www.annameglio.com\/prodotto\/mimil%C3%BA\/abito+cerimonia+bianco+caldo+e+rosa+cipria+a+balze\/\" target=\"_blank\" rel=\"https:\/\/www.annameglio.com\/prodotto\/mimil%C3%BA\/abito+cerimonia+bianco+caldo+e+rosa+cipria+a+balze\/ noopener noreferrer\"><img aria-describedby=\"caption-attachment-5297\" loading=\"lazy\" class=\"wp-image-5297 size-full\" src=\"http:\/\/news.annameglio.com\/wp-content\/uploads\/2022\/01\/AM_Banner-Blog-16.jpg\" alt=\"\" width=\"1110\" height=\"735\" srcset=\"http:\/\/news.annameglio.com\/wp-content\/uploads\/2022\/01\/AM_Banner-Blog-16.jpg 1110w, http:\/\/news.annameglio.com\/wp-content\/uploads\/2022\/01\/AM_Banner-Blog-16-300x199.jpg 300w, http:\/\/news.annameglio.com\/wp-content\/uploads\/2022\/01\/AM_Banner-Blog-16-768x509.jpg 768w, http:\/\/news.annameglio.com\/wp-content\/uploads\/2022\/01\/AM_Banner-Blog-16-1024x678.jpg 1024w\" sizes=\"(max-width: 1110px) 100vw, 1110px\" \/><\/a><p id=\"caption-attachment-5297\" class=\"wp-caption-text\">Mimil\u00f9 elegant baby girl formal dress<\/p><\/div>\n<p>The authentic expression of Mimil\u00f9 elegance is concentrated in this <a href=\"https:\/\/www.annameglio.com\/prodotto\/mimil%C3%BA\/abito+cerimonia+bianco+caldo+e+rosa+cipria+a+balze\/\" target=\"_blank\" rel=\"noopener noreferrer\"><strong>refined baby formal dress with light shades<\/strong><\/a>, with a wide asymmetric skirt with flounces, smooth bodice and precious floral belt (available from 8A to 16A).<\/p>\n<p>A style that excites and conveys great charm, <a href=\"https:\/\/www.annameglio.com\/shop\/designer\/mimil%C3%BA\/\" target=\"_blank\" rel=\"noopener noreferrer\"><strong>Mimil\u00f9<\/strong><\/a> offers a wide variety of models to choose from, able to meet every need.<\/p>\n<p><span class=\"ng-star-inserted\">The new ceremony collections are waiting for you on <a href=\"https:\/\/www.annameglio.com\/\" target=\"_blank\" rel=\"noopener noreferrer\"><strong>Annameglio.com<\/strong><\/a> and in our <a href=\"https:\/\/www.annameglio.com\/azienda.php?page=boutiques\" target=\"_blank\" rel=\"noopener noreferrer\"><strong>stores<\/strong><\/a>!\u00a0<\/span><span class=\"ng-star-inserted\">Do not hesitate to contact our customer service (+39 3711331620) for information or style suggestions about your Special Event.<\/span><\/p>","protected":false},"excerpt":{"rendered":"<p>MANY OCCASIONS TO WEAR THE UNIQUE STYLE MIMILU&#8217;. CEREMONIES AND UNFORGETTABLE MOMENTS DESERVE TO BE CELEBRATED WITH GREAT ELEGANCE! The new Mimil\u00f9 spring\/summer 2022 collection is renewed every year, even more original and refined, it is full of precious details to meet the wishes of&#8230;<\/p>\n","protected":false},"author":1,"featured_media":5271,"comment_status":"closed","ping_status":"closed","sticky":false,"template":"","format":"standard","meta":[],"categories":[1],"tags":[311],"yoast_head":"<!-- This site is optimized with the Yoast SEO plugin v19.7.2 - https:\/\/yoast.com\/wordpress\/plugins\/seo\/ -->\n<title>Ceremony collection SS22 - Annameglio | Blog<\/title>\n<meta name=\"description\" content=\"(Italiano) La nuova collezione cerimonia Mimil\u00f9 PE 22, ancora pi\u00f9 originale e ricercata, \u00e8 ricca di dettagli preziosi per rispondere ai desideri di ogni bambina.\" \/>\n<meta name=\"robots\" content=\"index, follow, max-snippet:-1, max-image-preview:large, max-video-preview:-1\" \/>\n<link rel=\"canonical\" href=\"http:\/\/news.annameglio.com\/collezione-cerimonia-mimilu-ss22\/\" \/>\n<meta property=\"og:locale\" content=\"en_US\" \/>\n<meta property=\"og:type\" content=\"article\" \/>\n<meta property=\"og:title\" content=\"Ceremony collection SS22 - Annameglio | Blog\" \/>\n<meta property=\"og:description\" content=\"{:it}La nuova collezione cerimonia Mimil\u00f9 PE 22, ancora pi\u00f9 originale e ricercata, \u00e8 ricca di dettagli preziosi per rispondere ai desideri di ogni bambina.{:}\" \/>\n<meta property=\"og:url\" content=\"http:\/\/news.annameglio.com\/collezione-cerimonia-mimilu-ss22\/\" \/>\n<meta property=\"og:site_name\" content=\"Annameglio | Blog\" \/>\n<meta property=\"article:publisher\" content=\"https:\/\/www.facebook.com\/ANNAMEGLIO.news\" \/>\n<meta property=\"article:published_time\" content=\"2022-02-01T17:40:44+00:00\" \/>\n<meta property=\"article:modified_time\" content=\"2022-03-07T14:35:41+00:00\" \/>\n<meta property=\"og:image\" content=\"http:\/\/news.annameglio.com\/wp-content\/uploads\/2022\/01\/Copertina1_ott.jpg\" \/>\n\t<meta property=\"og:image:width\" content=\"1110\" \/>\n\t<meta property=\"og:image:height\" content=\"735\" \/>\n\t<meta property=\"og:image:type\" content=\"image\/jpeg\" \/>\n<meta name=\"author\" content=\"editorial-staff@annameglio\" \/>\n<meta name=\"twitter:card\" content=\"summary\" \/>\n<meta name=\"twitter:creator\" content=\"@annameglio_com\" \/>\n<meta name=\"twitter:site\" content=\"@annameglio_com\" \/>\n<meta name=\"twitter:label1\" content=\"Written by\" \/>\n\t<meta name=\"twitter:data1\" content=\"editorial-staff@annameglio\" \/>\n\t<meta name=\"twitter:label2\" content=\"Est. reading time\" \/>\n\t<meta name=\"twitter:data2\" content=\"4 minutes\" \/>\n<script type=\"application\/ld+json\" class=\"yoast-schema-graph\">{\"@context\":\"https:\/\/schema.org\",\"@graph\":[{\"@type\":\"WebPage\",\"@id\":\"http:\/\/news.annameglio.com\/collezione-cerimonia-mimilu-ss22\/\",\"url\":\"http:\/\/news.annameglio.com\/collezione-cerimonia-mimilu-ss22\/\",\"name\":\"Ceremony collection SS22 - Annameglio | Blog\",\"isPartOf\":{\"@id\":\"http:\/\/news.annameglio.com\/#website\"},\"datePublished\":\"2022-02-01T17:40:44+00:00\",\"dateModified\":\"2022-03-07T14:35:41+00:00\",\"author\":{\"@id\":\"http:\/\/news.annameglio.com\/#\/schema\/person\/d8ae57e0838f7bf7b3ee362d58823d7d\"},\"description\":\"{:it}La nuova collezione cerimonia Mimil\u00f9 PE 22, ancora pi\u00f9 originale e ricercata, \u00e8 ricca di dettagli preziosi per rispondere ai desideri di ogni bambina.{:}\",\"breadcrumb\":{\"@id\":\"http:\/\/news.annameglio.com\/collezione-cerimonia-mimilu-ss22\/#breadcrumb\"},\"inLanguage\":\"en-US\",\"potentialAction\":[{\"@type\":\"ReadAction\",\"target\":[\"http:\/\/news.annameglio.com\/collezione-cerimonia-mimilu-ss22\/\"]}]},{\"@type\":\"BreadcrumbList\",\"@id\":\"http:\/\/news.annameglio.com\/collezione-cerimonia-mimilu-ss22\/#breadcrumb\",\"itemListElement\":[{\"@type\":\"ListItem\",\"position\":1,\"name\":\"Home\",\"item\":\"http:\/\/news.annameglio.com\/\"},{\"@type\":\"ListItem\",\"position\":2,\"name\":\"Collezione Cerimonia Mimil\u00f9 SS22\"}]},{\"@type\":\"WebSite\",\"@id\":\"http:\/\/news.annameglio.com\/#website\",\"url\":\"http:\/\/news.annameglio.com\/\",\"name\":\"Annameglio | Blog\",\"description\":\"\",\"potentialAction\":[{\"@type\":\"SearchAction\",\"target\":{\"@type\":\"EntryPoint\",\"urlTemplate\":\"http:\/\/news.annameglio.com\/?s={search_term_string}\"},\"query-input\":\"required name=search_term_string\"}],\"inLanguage\":\"en-US\"},{\"@type\":\"Person\",\"@id\":\"http:\/\/news.annameglio.com\/#\/schema\/person\/d8ae57e0838f7bf7b3ee362d58823d7d\",\"name\":\"editorial-staff@annameglio\",\"image\":{\"@type\":\"ImageObject\",\"inLanguage\":\"en-US\",\"@id\":\"http:\/\/news.annameglio.com\/#\/schema\/person\/image\/\",\"url\":\"http:\/\/0.gravatar.com\/avatar\/335f0a7fe767fb57e6045ac1fc00ed81?s=96&d=mm&r=g\",\"contentUrl\":\"http:\/\/0.gravatar.com\/avatar\/335f0a7fe767fb57e6045ac1fc00ed81?s=96&d=mm&r=g\",\"caption\":\"editorial-staff@annameglio\"},\"sameAs\":[\"http:\/\/annameglio.com\"],\"url\":\"http:\/\/news.annameglio.com\/en\/author\/adminannameglio\/\"}]}<\/script>\n<!-- \/ Yoast SEO plugin. -->","yoast_head_json":{"title":"Ceremony collection SS22 - Annameglio | Blog","description":"(Italiano) La nuova collezione cerimonia Mimil\u00f9 PE 22, ancora pi\u00f9 originale e ricercata, \u00e8 ricca di dettagli preziosi per rispondere ai desideri di ogni bambina.","robots":{"index":"index","follow":"follow","max-snippet":"max-snippet:-1","max-image-preview":"max-image-preview:large","max-video-preview":"max-video-preview:-1"},"canonical":"http:\/\/news.annameglio.com\/collezione-cerimonia-mimilu-ss22\/","og_locale":"en_US","og_type":"article","og_title":"Ceremony collection SS22 - Annameglio | Blog","og_description":"{:it}La nuova collezione cerimonia Mimil\u00f9 PE 22, ancora pi\u00f9 originale e ricercata, \u00e8 ricca di dettagli preziosi per rispondere ai desideri di ogni bambina.{:}","og_url":"http:\/\/news.annameglio.com\/collezione-cerimonia-mimilu-ss22\/","og_site_name":"Annameglio | Blog","article_publisher":"https:\/\/www.facebook.com\/ANNAMEGLIO.news","article_published_time":"2022-02-01T17:40:44+00:00","article_modified_time":"2022-03-07T14:35:41+00:00","og_image":[{"width":1110,"height":735,"url":"http:\/\/news.annameglio.com\/wp-content\/uploads\/2022\/01\/Copertina1_ott.jpg","type":"image\/jpeg"}],"author":"editorial-staff@annameglio","twitter_card":"summary","twitter_creator":"@annameglio_com","twitter_site":"@annameglio_com","twitter_misc":{"Written by":"editorial-staff@annameglio","Est. reading time":"4 minutes"},"schema":{"@context":"https:\/\/schema.org","@graph":[{"@type":"WebPage","@id":"http:\/\/news.annameglio.com\/collezione-cerimonia-mimilu-ss22\/","url":"http:\/\/news.annameglio.com\/collezione-cerimonia-mimilu-ss22\/","name":"Ceremony collection SS22 - Annameglio | Blog","isPartOf":{"@id":"http:\/\/news.annameglio.com\/#website"},"datePublished":"2022-02-01T17:40:44+00:00","dateModified":"2022-03-07T14:35:41+00:00","author":{"@id":"http:\/\/news.annameglio.com\/#\/schema\/person\/d8ae57e0838f7bf7b3ee362d58823d7d"},"description":"{:it}La nuova collezione cerimonia Mimil\u00f9 PE 22, ancora pi\u00f9 originale e ricercata, \u00e8 ricca di dettagli preziosi per rispondere ai desideri di ogni bambina.{:}","breadcrumb":{"@id":"http:\/\/news.annameglio.com\/collezione-cerimonia-mimilu-ss22\/#breadcrumb"},"inLanguage":"en-US","potentialAction":[{"@type":"ReadAction","target":["http:\/\/news.annameglio.com\/collezione-cerimonia-mimilu-ss22\/"]}]},{"@type":"BreadcrumbList","@id":"http:\/\/news.annameglio.com\/collezione-cerimonia-mimilu-ss22\/#breadcrumb","itemListElement":[{"@type":"ListItem","position":1,"name":"Home","item":"http:\/\/news.annameglio.com\/"},{"@type":"ListItem","position":2,"name":"Collezione Cerimonia Mimil\u00f9 SS22"}]},{"@type":"WebSite","@id":"http:\/\/news.annameglio.com\/#website","url":"http:\/\/news.annameglio.com\/","name":"Annameglio | Blog","description":"","potentialAction":[{"@type":"SearchAction","target":{"@type":"EntryPoint","urlTemplate":"http:\/\/news.annameglio.com\/?s={search_term_string}"},"query-input":"required name=search_term_string"}],"inLanguage":"en-US"},{"@type":"Person","@id":"http:\/\/news.annameglio.com\/#\/schema\/person\/d8ae57e0838f7bf7b3ee362d58823d7d","name":"editorial-staff@annameglio","image":{"@type":"ImageObject","inLanguage":"en-US","@id":"http:\/\/news.annameglio.com\/#\/schema\/person\/image\/","url":"http:\/\/0.gravatar.com\/avatar\/335f0a7fe767fb57e6045ac1fc00ed81?s=96&d=mm&r=g","contentUrl":"http:\/\/0.gravatar.com\/avatar\/335f0a7fe767fb57e6045ac1fc00ed81?s=96&d=mm&r=g","caption":"editorial-staff@annameglio"},"sameAs":["http:\/\/annameglio.com"],"url":"http:\/\/news.annameglio.com\/en\/author\/adminannameglio\/"}]}},"amp_enabled":false,"_links":{"self":[{"href":"http:\/\/news.annameglio.com\/en\/wp-json\/wp\/v2\/posts\/5258"}],"collection":[{"href":"http:\/\/news.annameglio.com\/en\/wp-json\/wp\/v2\/posts"}],"about":[{"href":"http:\/\/news.annameglio.com\/en\/wp-json\/wp\/v2\/types\/post"}],"author":[{"embeddable":true,"href":"http:\/\/news.annameglio.com\/en\/wp-json\/wp\/v2\/users\/1"}],"replies":[{"embeddable":true,"href":"http:\/\/news.annameglio.com\/en\/wp-json\/wp\/v2\/comments?post=5258"}],"version-history":[{"count":56,"href":"http:\/\/news.annameglio.com\/en\/wp-json\/wp\/v2\/posts\/5258\/revisions"}],"predecessor-version":[{"id":5423,"href":"http:\/\/news.annameglio.com\/en\/wp-json\/wp\/v2\/posts\/5258\/revisions\/5423"}],"wp:featuredmedia":[{"embeddable":true,"href":"http:\/\/news.annameglio.com\/en\/wp-json\/wp\/v2\/media\/5271"}],"wp:attachment":[{"href":"http:\/\/news.annameglio.com\/en\/wp-json\/wp\/v2\/media?parent=5258"}],"wp:term":[{"taxonomy":"category","embeddable":true,"href":"http:\/\/news.annameglio.com\/en\/wp-json\/wp\/v2\/categories?post=5258"},{"taxonomy":"post_tag","embeddable":true,"href":"http:\/\/news.annameglio.com\/en\/wp-json\/wp\/v2\/tags?post=5258"}],"curies":[{"name":"wp","href":"https:\/\/api.w.org\/{rel}","templated":true}]}}