{"id":4091,"date":"2018-12-09T16:03:00","date_gmt":"2018-12-09T15:03:00","guid":{"rendered":"http:\/\/news.annameglio.com\/?p=4091"},"modified":"2018-12-09T16:03:00","modified_gmt":"2018-12-09T15:03:00","slug":"paio-crippa-abbigliamento-bambini","status":"publish","type":"post","link":"http:\/\/news.annameglio.com\/en\/paio-crippa-abbigliamento-bambini\/","title":{"rendered":"Paio Crippa children&#8217;s clothing"},"content":{"rendered":"<p><strong>Paio Crippa, children&#8217;s clothing born from an all-Italian passion. Combining elegance and practicality, easy to wear garments, beautiful and exclusive, classic but with a hint of novelty.<\/strong><\/p>\n<div id=\"attachment_4123\" style=\"width: 1120px\" class=\"wp-caption aligncenter\"><a href=\"https:\/\/www.annameglio.com\/en\/product\/paio+crippa\/baby+boy+two-piece+suit\/\" target=\"_blank\" rel=\"https:\/\/www.annameglio.com\/en\/product\/paio+crippa\/baby+boy+two-piece+suit\/ noopener\"><img aria-describedby=\"caption-attachment-4123\" loading=\"lazy\" class=\"wp-image-4123 size-full\" src=\"http:\/\/news.annameglio.com\/wp-content\/uploads\/2018\/12\/Two-Piece-Set-new-born-baby.jpg\" alt=\"\" width=\"1110\" height=\"735\" srcset=\"http:\/\/news.annameglio.com\/wp-content\/uploads\/2018\/12\/Two-Piece-Set-new-born-baby.jpg 1110w, http:\/\/news.annameglio.com\/wp-content\/uploads\/2018\/12\/Two-Piece-Set-new-born-baby-300x199.jpg 300w, http:\/\/news.annameglio.com\/wp-content\/uploads\/2018\/12\/Two-Piece-Set-new-born-baby-768x509.jpg 768w, http:\/\/news.annameglio.com\/wp-content\/uploads\/2018\/12\/Two-Piece-Set-new-born-baby-1024x678.jpg 1024w\" sizes=\"(max-width: 1110px) 100vw, 1110px\" \/><\/a><p id=\"caption-attachment-4123\" class=\"wp-caption-text\">Two Piece Set for new born and baby, from 6 months to 2 years.<\/p><\/div>\n<p><strong>Paio Crippa<\/strong> was born in 1965 from the creative spirit of grandma Marisa. What was a small laboratory in Brianza has become, over the years, a productive reality of excellence for children&#8217;s clothing.<\/p>\n<div id=\"attachment_4125\" style=\"width: 1120px\" class=\"wp-caption aligncenter\"><a href=\"https:\/\/www.annameglio.com\/en\/product\/paio+crippa\/checkergreen+dress+for+girls\/\" target=\"_blank\" rel=\"https:\/\/www.annameglio.com\/en\/product\/paio+crippa\/checkergreen+dress+for+girls\/ noopener\"><img aria-describedby=\"caption-attachment-4125\" loading=\"lazy\" class=\"wp-image-4125 size-full\" src=\"http:\/\/news.annameglio.com\/wp-content\/uploads\/2018\/12\/Forest-green-tartan-baby-dress-9-months-to-6-years-sizes.jpg\" alt=\"\" width=\"1110\" height=\"735\" srcset=\"http:\/\/news.annameglio.com\/wp-content\/uploads\/2018\/12\/Forest-green-tartan-baby-dress-9-months-to-6-years-sizes.jpg 1110w, http:\/\/news.annameglio.com\/wp-content\/uploads\/2018\/12\/Forest-green-tartan-baby-dress-9-months-to-6-years-sizes-300x199.jpg 300w, http:\/\/news.annameglio.com\/wp-content\/uploads\/2018\/12\/Forest-green-tartan-baby-dress-9-months-to-6-years-sizes-768x509.jpg 768w, http:\/\/news.annameglio.com\/wp-content\/uploads\/2018\/12\/Forest-green-tartan-baby-dress-9-months-to-6-years-sizes-1024x678.jpg 1024w\" sizes=\"(max-width: 1110px) 100vw, 1110px\" \/><\/a><p id=\"caption-attachment-4125\" class=\"wp-caption-text\">Forest green tartan dress from 9 months to 6 years of age<\/p><\/div>\n<p>Despite many things have changed, the passion for style, the enhancement of Made in Italy, the anticipation of trends have always been the strengths of Paio Crippa.<\/p>\n<div id=\"attachment_4127\" style=\"width: 1120px\" class=\"wp-caption aligncenter\"><a href=\"https:\/\/www.annameglio.com\/en\/product\/paio+crippa\/checkered+dress+for+girls\/\" target=\"_blank\" rel=\"https:\/\/www.annameglio.com\/en\/product\/paio+crippa\/checkered+dress+for+girls\/ noopener\"><img aria-describedby=\"caption-attachment-4127\" loading=\"lazy\" class=\"wp-image-4127 size-full\" src=\"http:\/\/news.annameglio.com\/wp-content\/uploads\/2018\/12\/Scottish-baby-dress-Paio-Crippa-Made-in-Italy.jpg\" alt=\"\" width=\"1110\" height=\"735\" srcset=\"http:\/\/news.annameglio.com\/wp-content\/uploads\/2018\/12\/Scottish-baby-dress-Paio-Crippa-Made-in-Italy.jpg 1110w, http:\/\/news.annameglio.com\/wp-content\/uploads\/2018\/12\/Scottish-baby-dress-Paio-Crippa-Made-in-Italy-300x199.jpg 300w, http:\/\/news.annameglio.com\/wp-content\/uploads\/2018\/12\/Scottish-baby-dress-Paio-Crippa-Made-in-Italy-768x509.jpg 768w, http:\/\/news.annameglio.com\/wp-content\/uploads\/2018\/12\/Scottish-baby-dress-Paio-Crippa-Made-in-Italy-1024x678.jpg 1024w\" sizes=\"(max-width: 1110px) 100vw, 1110px\" \/><\/a><p id=\"caption-attachment-4127\" class=\"wp-caption-text\">Scottish dress available from 9 months to 4 years of age<\/p><\/div>\n<p>Attach a button, embroider the hem of a collar, cut a fabric respecting the design, sew a garment. All operations made by hand to ensure uniqueness and exclusivity to each product.<\/p>\n<div id=\"attachment_4128\" style=\"width: 1120px\" class=\"wp-caption aligncenter\"><a href=\"https:\/\/www.annameglio.com\/en\/product\/paio+crippa\/kilt+sckirt+green+color+for+girls\/\" target=\"_blank\" rel=\"https:\/\/www.annameglio.com\/en\/product\/paio+crippa\/kilt+sckirt+green+color+for+girls\/ noopener\"><img aria-describedby=\"caption-attachment-4128\" loading=\"lazy\" class=\"wp-image-4128 size-full\" src=\"http:\/\/news.annameglio.com\/wp-content\/uploads\/2018\/12\/Scottish-Kilt-Skirt-for-girls-Paio-Crippa.jpg\" alt=\"\" width=\"1110\" height=\"735\" srcset=\"http:\/\/news.annameglio.com\/wp-content\/uploads\/2018\/12\/Scottish-Kilt-Skirt-for-girls-Paio-Crippa.jpg 1110w, http:\/\/news.annameglio.com\/wp-content\/uploads\/2018\/12\/Scottish-Kilt-Skirt-for-girls-Paio-Crippa-300x199.jpg 300w, http:\/\/news.annameglio.com\/wp-content\/uploads\/2018\/12\/Scottish-Kilt-Skirt-for-girls-Paio-Crippa-768x509.jpg 768w, http:\/\/news.annameglio.com\/wp-content\/uploads\/2018\/12\/Scottish-Kilt-Skirt-for-girls-Paio-Crippa-1024x678.jpg 1024w\" sizes=\"(max-width: 1110px) 100vw, 1110px\" \/><\/a><p id=\"caption-attachment-4128\" class=\"wp-caption-text\">Scottish Kilt Skirt for girls from 12 months (up to 14 years)<\/p><\/div>\n<p>The skilful combination of the colors of the yarns guarantees a production of exclusive, unique and impeccable fabrics. The Scottish spirit has always shaped the company&#8217;s frames.<\/p>\n<p>&nbsp;<\/p>\n<div id=\"attachment_4129\" style=\"width: 1120px\" class=\"wp-caption aligncenter\"><a href=\"https:\/\/www.annameglio.com\/en\/product\/paio+crippa\/kilt+skirt+for+girls\/\" target=\"_blank\" rel=\"https:\/\/www.annameglio.com\/en\/product\/paio+crippa\/kilt+skirt+for+girls\/ noopener\"><img aria-describedby=\"caption-attachment-4129\" loading=\"lazy\" class=\"wp-image-4129 size-full\" src=\"http:\/\/news.annameglio.com\/wp-content\/uploads\/2018\/12\/Scottish-Kilt-Skirt-for-girls-by-Paio-Crippa.jpg\" alt=\"\" width=\"1110\" height=\"735\" srcset=\"http:\/\/news.annameglio.com\/wp-content\/uploads\/2018\/12\/Scottish-Kilt-Skirt-for-girls-by-Paio-Crippa.jpg 1110w, http:\/\/news.annameglio.com\/wp-content\/uploads\/2018\/12\/Scottish-Kilt-Skirt-for-girls-by-Paio-Crippa-300x199.jpg 300w, http:\/\/news.annameglio.com\/wp-content\/uploads\/2018\/12\/Scottish-Kilt-Skirt-for-girls-by-Paio-Crippa-768x509.jpg 768w, http:\/\/news.annameglio.com\/wp-content\/uploads\/2018\/12\/Scottish-Kilt-Skirt-for-girls-by-Paio-Crippa-1024x678.jpg 1024w\" sizes=\"(max-width: 1110px) 100vw, 1110px\" \/><\/a><p id=\"caption-attachment-4129\" class=\"wp-caption-text\">Scottish Kilt Skirt for girls from 12 months (up to 14 years)<\/p><\/div>\n<p>The squares and the Scots represent a strong identity of the children\u2019s collections. Contrasts of color and exclusive combinations, have made the Paio Crippa tartan famous. The production of Scottish, pied de poule, squared and united Shetland, is made directly on looms owned by the company. It is therefore essential to select the yarns, all strictly of Italian origin.<\/p>\n<div id=\"attachment_4132\" style=\"width: 1120px\" class=\"wp-caption aligncenter\"><a href=\"https:\/\/www.annameglio.com\/en\/product\/paio+crippa\/little+girl+cotton+black+dress\/\" target=\"_blank\" rel=\"https:\/\/www.annameglio.com\/en\/product\/paio+crippa\/little+girl+cotton+black+dress\/ noopener\"><img aria-describedby=\"caption-attachment-4132\" loading=\"lazy\" class=\"wp-image-4132 size-full\" src=\"http:\/\/news.annameglio.com\/wp-content\/uploads\/2018\/12\/Velvet-baby-dress-made-in-italy.jpg\" alt=\"\" width=\"1110\" height=\"735\" srcset=\"http:\/\/news.annameglio.com\/wp-content\/uploads\/2018\/12\/Velvet-baby-dress-made-in-italy.jpg 1110w, http:\/\/news.annameglio.com\/wp-content\/uploads\/2018\/12\/Velvet-baby-dress-made-in-italy-300x199.jpg 300w, http:\/\/news.annameglio.com\/wp-content\/uploads\/2018\/12\/Velvet-baby-dress-made-in-italy-768x509.jpg 768w, http:\/\/news.annameglio.com\/wp-content\/uploads\/2018\/12\/Velvet-baby-dress-made-in-italy-1024x678.jpg 1024w\" sizes=\"(max-width: 1110px) 100vw, 1110px\" \/><\/a><p id=\"caption-attachment-4132\" class=\"wp-caption-text\">Velvet dress available from 12 months (up to 8 years)<\/p><\/div>\n<p>The collections of clothing for children and teenagers signed by Paio Crippa are suitable for many occasions. Suits, shirts, skirts, trousers that can therefore be easily combined for a sober, practical and always up-to-date style. Each garment expresses beauty, charm and is characterized above all by a perfect wear ability.<\/p>\n<p>Craftsmanship and tailoring processes are monitored in every single phase, from cutting to ironing to packaging. All this to guarantee impeccable garments, with unequalled wear ability and comfort.<\/p>\n<p><strong>Paio Crippa<\/strong> is a concrete example of our Made in Italy, recognized and appreciated all over the world!<\/p>\n<p>Discover our \u00a0Paio Crippa selection in the <strong>Anna Meglio boutiques<\/strong> and on <strong>ANNAMEGLIO.com<\/strong>!<\/p>\n<p>If your size is not available, no problem &#8230; we can order it directly from the company and send to you it within a few days!<\/p>","protected":false},"excerpt":{"rendered":"<p>Paio Crippa, children&#8217;s clothing born from an all-Italian passion. Combining elegance and practicality, easy to wear garments, beautiful and exclusive, classic but with a hint of novelty. Paio Crippa was born in 1965 from the creative spirit of grandma Marisa. What was a small laboratory&#8230;<\/p>\n","protected":false},"author":1,"featured_media":4102,"comment_status":"closed","ping_status":"closed","sticky":false,"template":"","format":"standard","meta":[],"categories":[1,73],"tags":[],"yoast_head":"<!-- This site is optimized with the Yoast SEO plugin v19.7.2 - https:\/\/yoast.com\/wordpress\/plugins\/seo\/ -->\n<title>Paio Crippa children&#039;s clothing - Annameglio | Blog<\/title>\n<meta name=\"description\" content=\"(Italiano) Paio Crippa abbigliamento per bambini nato da una passione tutta italiana. Combinando eleganza e praticit\u00e0 con tessuti realizzati con telai di propriet\u00e0 dell&#039;azienda. Scopri le ultime novit\u00e0 su annameglio.com\" \/>\n<meta name=\"robots\" content=\"index, follow, max-snippet:-1, max-image-preview:large, max-video-preview:-1\" \/>\n<link rel=\"canonical\" href=\"http:\/\/news.annameglio.com\/en\/paio-crippa-abbigliamento-bambini\/\" \/>\n<meta property=\"og:locale\" content=\"en_US\" \/>\n<meta property=\"og:type\" content=\"article\" \/>\n<meta property=\"og:title\" content=\"Paio Crippa children&#039;s clothing - Annameglio | Blog\" \/>\n<meta property=\"og:description\" content=\"(Italiano) Paio Crippa abbigliamento per bambini nato da una passione tutta italiana. Combinando eleganza e praticit\u00e0 con tessuti realizzati con telai di propriet\u00e0 dell&#039;azienda. Scopri le ultime novit\u00e0 su annameglio.com\" \/>\n<meta property=\"og:url\" content=\"http:\/\/news.annameglio.com\/en\/paio-crippa-abbigliamento-bambini\/\" \/>\n<meta property=\"og:site_name\" content=\"Annameglio | Blog\" \/>\n<meta property=\"article:publisher\" content=\"https:\/\/www.facebook.com\/ANNAMEGLIO.news\" \/>\n<meta property=\"article:published_time\" content=\"2018-12-09T15:03:00+00:00\" \/>\n<meta property=\"og:image\" content=\"http:\/\/news.annameglio.com\/wp-content\/uploads\/2018\/12\/paio-crippa-abbigliamento-bambini-made-in-italy-1.jpg\" \/>\n\t<meta property=\"og:image:width\" content=\"1110\" \/>\n\t<meta property=\"og:image:height\" content=\"735\" \/>\n\t<meta property=\"og:image:type\" content=\"image\/jpeg\" \/>\n<meta name=\"author\" content=\"editorial-staff@annameglio\" \/>\n<meta name=\"twitter:card\" content=\"summary\" \/>\n<meta name=\"twitter:creator\" content=\"@annameglio_com\" \/>\n<meta name=\"twitter:site\" content=\"@annameglio_com\" \/>\n<meta name=\"twitter:label1\" content=\"Written by\" \/>\n\t<meta name=\"twitter:data1\" content=\"editorial-staff@annameglio\" \/>\n\t<meta name=\"twitter:label2\" content=\"Est. reading time\" \/>\n\t<meta name=\"twitter:data2\" content=\"4 minutes\" \/>\n<script type=\"application\/ld+json\" class=\"yoast-schema-graph\">{\"@context\":\"https:\/\/schema.org\",\"@graph\":[{\"@type\":\"WebPage\",\"@id\":\"http:\/\/news.annameglio.com\/en\/paio-crippa-abbigliamento-bambini\/\",\"url\":\"http:\/\/news.annameglio.com\/en\/paio-crippa-abbigliamento-bambini\/\",\"name\":\"Paio Crippa children's clothing - Annameglio | Blog\",\"isPartOf\":{\"@id\":\"http:\/\/news.annameglio.com\/#website\"},\"datePublished\":\"2018-12-09T15:03:00+00:00\",\"dateModified\":\"2018-12-09T15:03:00+00:00\",\"author\":{\"@id\":\"http:\/\/news.annameglio.com\/#\/schema\/person\/d8ae57e0838f7bf7b3ee362d58823d7d\"},\"description\":\"(Italiano) Paio Crippa abbigliamento per bambini nato da una passione tutta italiana. Combinando eleganza e praticit\u00e0 con tessuti realizzati con telai di propriet\u00e0 dell'azienda. Scopri le ultime novit\u00e0 su annameglio.com\",\"breadcrumb\":{\"@id\":\"http:\/\/news.annameglio.com\/en\/paio-crippa-abbigliamento-bambini\/#breadcrumb\"},\"inLanguage\":\"en-US\",\"potentialAction\":[{\"@type\":\"ReadAction\",\"target\":[\"http:\/\/news.annameglio.com\/en\/paio-crippa-abbigliamento-bambini\/\"]}]},{\"@type\":\"BreadcrumbList\",\"@id\":\"http:\/\/news.annameglio.com\/en\/paio-crippa-abbigliamento-bambini\/#breadcrumb\",\"itemListElement\":[{\"@type\":\"ListItem\",\"position\":1,\"name\":\"Home\",\"item\":\"http:\/\/news.annameglio.com\/\"},{\"@type\":\"ListItem\",\"position\":2,\"name\":\"Paio Crippa children&#8217;s clothing\"}]},{\"@type\":\"WebSite\",\"@id\":\"http:\/\/news.annameglio.com\/#website\",\"url\":\"http:\/\/news.annameglio.com\/\",\"name\":\"Annameglio | Blog\",\"description\":\"\",\"potentialAction\":[{\"@type\":\"SearchAction\",\"target\":{\"@type\":\"EntryPoint\",\"urlTemplate\":\"http:\/\/news.annameglio.com\/?s={search_term_string}\"},\"query-input\":\"required name=search_term_string\"}],\"inLanguage\":\"en-US\"},{\"@type\":\"Person\",\"@id\":\"http:\/\/news.annameglio.com\/#\/schema\/person\/d8ae57e0838f7bf7b3ee362d58823d7d\",\"name\":\"editorial-staff@annameglio\",\"image\":{\"@type\":\"ImageObject\",\"inLanguage\":\"en-US\",\"@id\":\"http:\/\/news.annameglio.com\/#\/schema\/person\/image\/\",\"url\":\"http:\/\/0.gravatar.com\/avatar\/335f0a7fe767fb57e6045ac1fc00ed81?s=96&d=mm&r=g\",\"contentUrl\":\"http:\/\/0.gravatar.com\/avatar\/335f0a7fe767fb57e6045ac1fc00ed81?s=96&d=mm&r=g\",\"caption\":\"editorial-staff@annameglio\"},\"sameAs\":[\"http:\/\/annameglio.com\"],\"url\":\"http:\/\/news.annameglio.com\/en\/author\/adminannameglio\/\"}]}<\/script>\n<!-- \/ Yoast SEO plugin. -->","yoast_head_json":{"title":"Paio Crippa children's clothing - Annameglio | Blog","description":"(Italiano) Paio Crippa abbigliamento per bambini nato da una passione tutta italiana. Combinando eleganza e praticit\u00e0 con tessuti realizzati con telai di propriet\u00e0 dell'azienda. Scopri le ultime novit\u00e0 su annameglio.com","robots":{"index":"index","follow":"follow","max-snippet":"max-snippet:-1","max-image-preview":"max-image-preview:large","max-video-preview":"max-video-preview:-1"},"canonical":"http:\/\/news.annameglio.com\/en\/paio-crippa-abbigliamento-bambini\/","og_locale":"en_US","og_type":"article","og_title":"Paio Crippa children's clothing - Annameglio | Blog","og_description":"(Italiano) Paio Crippa abbigliamento per bambini nato da una passione tutta italiana. Combinando eleganza e praticit\u00e0 con tessuti realizzati con telai di propriet\u00e0 dell'azienda. Scopri le ultime novit\u00e0 su annameglio.com","og_url":"http:\/\/news.annameglio.com\/en\/paio-crippa-abbigliamento-bambini\/","og_site_name":"Annameglio | Blog","article_publisher":"https:\/\/www.facebook.com\/ANNAMEGLIO.news","article_published_time":"2018-12-09T15:03:00+00:00","og_image":[{"width":1110,"height":735,"url":"http:\/\/news.annameglio.com\/wp-content\/uploads\/2018\/12\/paio-crippa-abbigliamento-bambini-made-in-italy-1.jpg","type":"image\/jpeg"}],"author":"editorial-staff@annameglio","twitter_card":"summary","twitter_creator":"@annameglio_com","twitter_site":"@annameglio_com","twitter_misc":{"Written by":"editorial-staff@annameglio","Est. reading time":"4 minutes"},"schema":{"@context":"https:\/\/schema.org","@graph":[{"@type":"WebPage","@id":"http:\/\/news.annameglio.com\/en\/paio-crippa-abbigliamento-bambini\/","url":"http:\/\/news.annameglio.com\/en\/paio-crippa-abbigliamento-bambini\/","name":"Paio Crippa children's clothing - Annameglio | Blog","isPartOf":{"@id":"http:\/\/news.annameglio.com\/#website"},"datePublished":"2018-12-09T15:03:00+00:00","dateModified":"2018-12-09T15:03:00+00:00","author":{"@id":"http:\/\/news.annameglio.com\/#\/schema\/person\/d8ae57e0838f7bf7b3ee362d58823d7d"},"description":"(Italiano) Paio Crippa abbigliamento per bambini nato da una passione tutta italiana. Combinando eleganza e praticit\u00e0 con tessuti realizzati con telai di propriet\u00e0 dell'azienda. Scopri le ultime novit\u00e0 su annameglio.com","breadcrumb":{"@id":"http:\/\/news.annameglio.com\/en\/paio-crippa-abbigliamento-bambini\/#breadcrumb"},"inLanguage":"en-US","potentialAction":[{"@type":"ReadAction","target":["http:\/\/news.annameglio.com\/en\/paio-crippa-abbigliamento-bambini\/"]}]},{"@type":"BreadcrumbList","@id":"http:\/\/news.annameglio.com\/en\/paio-crippa-abbigliamento-bambini\/#breadcrumb","itemListElement":[{"@type":"ListItem","position":1,"name":"Home","item":"http:\/\/news.annameglio.com\/"},{"@type":"ListItem","position":2,"name":"Paio Crippa children&#8217;s clothing"}]},{"@type":"WebSite","@id":"http:\/\/news.annameglio.com\/#website","url":"http:\/\/news.annameglio.com\/","name":"Annameglio | Blog","description":"","potentialAction":[{"@type":"SearchAction","target":{"@type":"EntryPoint","urlTemplate":"http:\/\/news.annameglio.com\/?s={search_term_string}"},"query-input":"required name=search_term_string"}],"inLanguage":"en-US"},{"@type":"Person","@id":"http:\/\/news.annameglio.com\/#\/schema\/person\/d8ae57e0838f7bf7b3ee362d58823d7d","name":"editorial-staff@annameglio","image":{"@type":"ImageObject","inLanguage":"en-US","@id":"http:\/\/news.annameglio.com\/#\/schema\/person\/image\/","url":"http:\/\/0.gravatar.com\/avatar\/335f0a7fe767fb57e6045ac1fc00ed81?s=96&d=mm&r=g","contentUrl":"http:\/\/0.gravatar.com\/avatar\/335f0a7fe767fb57e6045ac1fc00ed81?s=96&d=mm&r=g","caption":"editorial-staff@annameglio"},"sameAs":["http:\/\/annameglio.com"],"url":"http:\/\/news.annameglio.com\/en\/author\/adminannameglio\/"}]}},"amp_enabled":false,"_links":{"self":[{"href":"http:\/\/news.annameglio.com\/en\/wp-json\/wp\/v2\/posts\/4091"}],"collection":[{"href":"http:\/\/news.annameglio.com\/en\/wp-json\/wp\/v2\/posts"}],"about":[{"href":"http:\/\/news.annameglio.com\/en\/wp-json\/wp\/v2\/types\/post"}],"author":[{"embeddable":true,"href":"http:\/\/news.annameglio.com\/en\/wp-json\/wp\/v2\/users\/1"}],"replies":[{"embeddable":true,"href":"http:\/\/news.annameglio.com\/en\/wp-json\/wp\/v2\/comments?post=4091"}],"version-history":[{"count":22,"href":"http:\/\/news.annameglio.com\/en\/wp-json\/wp\/v2\/posts\/4091\/revisions"}],"predecessor-version":[{"id":4133,"href":"http:\/\/news.annameglio.com\/en\/wp-json\/wp\/v2\/posts\/4091\/revisions\/4133"}],"wp:featuredmedia":[{"embeddable":true,"href":"http:\/\/news.annameglio.com\/en\/wp-json\/wp\/v2\/media\/4102"}],"wp:attachment":[{"href":"http:\/\/news.annameglio.com\/en\/wp-json\/wp\/v2\/media?parent=4091"}],"wp:term":[{"taxonomy":"category","embeddable":true,"href":"http:\/\/news.annameglio.com\/en\/wp-json\/wp\/v2\/categories?post=4091"},{"taxonomy":"post_tag","embeddable":true,"href":"http:\/\/news.annameglio.com\/en\/wp-json\/wp\/v2\/tags?post=4091"}],"curies":[{"name":"wp","href":"https:\/\/api.w.org\/{rel}","templated":true}]}}