{"id":323,"date":"2014-05-04T09:00:46","date_gmt":"2014-05-04T09:00:46","guid":{"rendered":"http:\/\/news.annameglio.com\/?p=323"},"modified":"2014-05-05T11:59:42","modified_gmt":"2014-05-05T11:59:42","slug":"un-incontro-conmamme-a-milano","status":"publish","type":"post","link":"http:\/\/news.annameglio.com\/en\/un-incontro-conmamme-a-milano\/","title":{"rendered":"Un incontro con\u2026Mamme a Milano"},"content":{"rendered":"<p>E\u2019 con vero piacere che vi raccontiamo l\u2019incontro che abbiamo avuto con <a title=\"mammeamilano homepage\" href=\"http:\/\/www.mammeamilano.com\/\" target=\"_blank\">Mammeamilano.com<\/a>, network di mamme milanesi metropolitane \ud83d\ude42<\/p>\n<p>Noi dello staff di Anna Meglio infatti ci siamo innamorati di loro e della loro piattaforma, dedicata al mondo dei bambini e delle loro famiglie, con molti dettagli, informazioni, suggerimenti ed eventi per una vita da perfetta mamma 2.0.<\/p>\n<p>Questo progetto \u00e8 nato nel 2008, come \u201cMamme del Parco Pagano\u201d, con l\u2019idea di offrire alle mamme la possibilit\u00e0 di ritrovarsi e confrontarsi in uno spazio virtuale, proprio come avviene sulle panchine dei parchi, mentre i bambini giocano. L\u2019obiettivo era quello di migliorare la realt\u00e0 quotidiana, dalla scuola, agli spazi comuni di gioco e di ritrovo.<\/p>\n<p>Ovviamente da allora il sito ha fatto molta strada, ci raccontano Valentina e Giuliana, ed \u00e8 quindi divenuto Mammeamilano.com: un portale pratico e di facile consultazione dove sono raccolte tutte le iniziative del territorio per le famiglie e i bambini, suggerimenti su eventi al cinema o a teatro, su come vivere la citt\u00e0 all\u2019aria aperta, su corsi, laboratori, scuole e campus estivi. All\u2019interno del blog \u00e8 anche presente un\u2019area dedicata a riflessioni sull\u2019essere genitore ed una su consigli legati alla salute. Infine da segnalare la possibilit\u00e0 di inserire annunci (baby sitter, aiuto compiti, cerco\/offro secondhand).<\/p>\n<p>Insomma un\u2019informazione capillare e mirata ai bambini e family friendly di comune interesse, cui contribuiscono e continuano ad unirsi nuove mamme. Non restava quindi che una domanda, anzi un consiglio da chiedere a queste fantastiche mamme: \u201cse a maggio dovessimo tornare per trascorre un weekend a Milano, cosa ci consigliereste di fare con i nostri bimbi?\u201d<\/p>\n<p>\u201cNoi consiglieremmo a chi viene a Milano con i bambini di fare tappa al MUBA, il Museo dei Bambini, dando prima un\u2019occhiata al sito www.muba.it per vedere cosa c\u2019\u00e8 in agenda per il periodo desiderato e prenotare magari una delle bellissime attivit\u00e0 creative che il Museo offre ai bambini di tutte le et\u00e0!\u201d.<\/p>\n<p>Potete seguire le Mammeamilano anche su <a title=\"Mammeamilano fb\" href=\"https:\/\/www.facebook.com\/Mamme.a.Milano\" target=\"_blank\">Facebook<\/a>, <a title=\"Mammeamilano twitter\" href=\"https:\/\/twitter.com\/Mamme_a_Milano\" target=\"_blank\">Twitter<\/a> e <a title=\"Pinterest mammeamilano\" href=\"http:\/\/www.pinterest.com\/mammeamilano\/\" target=\"_blank\">Pinterest<\/a>\u00a0 \ud83d\ude42<\/p>\n<p><a href=\"http:\/\/news.annameglio.com\/wp-content\/uploads\/2014\/05\/MaM_testata_sito.png\"><img loading=\"lazy\" class=\"aligncenter size-full wp-image-327\" alt=\"MaM_testata_sito\" src=\"http:\/\/news.annameglio.com\/wp-content\/uploads\/2014\/05\/MaM_testata_sito.png\" width=\"512\" height=\"147\" \/><\/a><\/p>\n<p>&nbsp;<\/p>\n<p>&nbsp;<\/p>\n<p>&nbsp;<\/p>\n","protected":false},"excerpt":{"rendered":"<p>E\u2019 con vero piacere che vi raccontiamo l\u2019incontro che abbiamo avuto con Mammeamilano.com, network di mamme milanesi metropolitane \ud83d\ude42 Noi dello staff di Anna Meglio infatti ci siamo innamorati di loro e della loro piattaforma, dedicata al mondo dei bambini e delle loro famiglie, con&#8230;<\/p>\n","protected":false},"author":1,"featured_media":0,"comment_status":"open","ping_status":"open","sticky":false,"template":"","format":"standard","meta":[],"categories":[1],"tags":[],"yoast_head":"<!-- This site is optimized with the Yoast SEO plugin v19.7.2 - https:\/\/yoast.com\/wordpress\/plugins\/seo\/ -->\n<title>Un incontro con\u2026Mamme a Milano - Annameglio | Blog<\/title>\n<meta name=\"robots\" content=\"index, follow, max-snippet:-1, max-image-preview:large, max-video-preview:-1\" \/>\n<link rel=\"canonical\" href=\"http:\/\/news.annameglio.com\/un-incontro-conmamme-a-milano\/\" \/>\n<meta property=\"og:locale\" content=\"en_US\" \/>\n<meta property=\"og:type\" content=\"article\" \/>\n<meta property=\"og:title\" content=\"Un incontro con\u2026Mamme a Milano - Annameglio | Blog\" \/>\n<meta property=\"og:description\" content=\"E\u2019 con vero piacere che vi raccontiamo l\u2019incontro che abbiamo avuto con Mammeamilano.com, network di mamme milanesi metropolitane \ud83d\ude42 Noi dello staff di Anna Meglio infatti ci siamo innamorati di loro e della loro piattaforma, dedicata al mondo dei bambini e delle loro famiglie, con...\" \/>\n<meta property=\"og:url\" content=\"http:\/\/news.annameglio.com\/un-incontro-conmamme-a-milano\/\" \/>\n<meta property=\"og:site_name\" content=\"Annameglio | Blog\" \/>\n<meta property=\"article:publisher\" content=\"https:\/\/www.facebook.com\/ANNAMEGLIO.news\" \/>\n<meta property=\"article:published_time\" content=\"2014-05-04T09:00:46+00:00\" \/>\n<meta property=\"article:modified_time\" content=\"2014-05-05T11:59:42+00:00\" \/>\n<meta property=\"og:image\" content=\"http:\/\/news.annameglio.com\/wp-content\/uploads\/2014\/05\/MaM_testata_sito.png\" \/>\n<meta name=\"author\" content=\"editorial-staff@annameglio\" \/>\n<meta name=\"twitter:card\" content=\"summary\" \/>\n<meta name=\"twitter:creator\" content=\"@annameglio_com\" \/>\n<meta name=\"twitter:site\" content=\"@annameglio_com\" \/>\n<meta name=\"twitter:label1\" content=\"Written by\" \/>\n\t<meta name=\"twitter:data1\" content=\"editorial-staff@annameglio\" \/>\n\t<meta name=\"twitter:label2\" content=\"Est. reading time\" \/>\n\t<meta name=\"twitter:data2\" content=\"2 minutes\" \/>\n<script type=\"application\/ld+json\" class=\"yoast-schema-graph\">{\"@context\":\"https:\/\/schema.org\",\"@graph\":[{\"@type\":\"WebPage\",\"@id\":\"http:\/\/news.annameglio.com\/un-incontro-conmamme-a-milano\/\",\"url\":\"http:\/\/news.annameglio.com\/un-incontro-conmamme-a-milano\/\",\"name\":\"Un incontro con\u2026Mamme a Milano - Annameglio | Blog\",\"isPartOf\":{\"@id\":\"http:\/\/news.annameglio.com\/#website\"},\"datePublished\":\"2014-05-04T09:00:46+00:00\",\"dateModified\":\"2014-05-05T11:59:42+00:00\",\"author\":{\"@id\":\"http:\/\/news.annameglio.com\/#\/schema\/person\/d8ae57e0838f7bf7b3ee362d58823d7d\"},\"breadcrumb\":{\"@id\":\"http:\/\/news.annameglio.com\/un-incontro-conmamme-a-milano\/#breadcrumb\"},\"inLanguage\":\"en-US\",\"potentialAction\":[{\"@type\":\"ReadAction\",\"target\":[\"http:\/\/news.annameglio.com\/un-incontro-conmamme-a-milano\/\"]}]},{\"@type\":\"BreadcrumbList\",\"@id\":\"http:\/\/news.annameglio.com\/un-incontro-conmamme-a-milano\/#breadcrumb\",\"itemListElement\":[{\"@type\":\"ListItem\",\"position\":1,\"name\":\"Home\",\"item\":\"http:\/\/news.annameglio.com\/\"},{\"@type\":\"ListItem\",\"position\":2,\"name\":\"Un incontro con\u2026Mamme a Milano\"}]},{\"@type\":\"WebSite\",\"@id\":\"http:\/\/news.annameglio.com\/#website\",\"url\":\"http:\/\/news.annameglio.com\/\",\"name\":\"Annameglio | Blog\",\"description\":\"\",\"potentialAction\":[{\"@type\":\"SearchAction\",\"target\":{\"@type\":\"EntryPoint\",\"urlTemplate\":\"http:\/\/news.annameglio.com\/?s={search_term_string}\"},\"query-input\":\"required name=search_term_string\"}],\"inLanguage\":\"en-US\"},{\"@type\":\"Person\",\"@id\":\"http:\/\/news.annameglio.com\/#\/schema\/person\/d8ae57e0838f7bf7b3ee362d58823d7d\",\"name\":\"editorial-staff@annameglio\",\"image\":{\"@type\":\"ImageObject\",\"inLanguage\":\"en-US\",\"@id\":\"http:\/\/news.annameglio.com\/#\/schema\/person\/image\/\",\"url\":\"http:\/\/0.gravatar.com\/avatar\/335f0a7fe767fb57e6045ac1fc00ed81?s=96&d=mm&r=g\",\"contentUrl\":\"http:\/\/0.gravatar.com\/avatar\/335f0a7fe767fb57e6045ac1fc00ed81?s=96&d=mm&r=g\",\"caption\":\"editorial-staff@annameglio\"},\"sameAs\":[\"http:\/\/annameglio.com\"],\"url\":\"http:\/\/news.annameglio.com\/en\/author\/adminannameglio\/\"}]}<\/script>\n<!-- \/ Yoast SEO plugin. -->","yoast_head_json":{"title":"Un incontro con\u2026Mamme a Milano - Annameglio | Blog","robots":{"index":"index","follow":"follow","max-snippet":"max-snippet:-1","max-image-preview":"max-image-preview:large","max-video-preview":"max-video-preview:-1"},"canonical":"http:\/\/news.annameglio.com\/un-incontro-conmamme-a-milano\/","og_locale":"en_US","og_type":"article","og_title":"Un incontro con\u2026Mamme a Milano - Annameglio | Blog","og_description":"E\u2019 con vero piacere che vi raccontiamo l\u2019incontro che abbiamo avuto con Mammeamilano.com, network di mamme milanesi metropolitane \ud83d\ude42 Noi dello staff di Anna Meglio infatti ci siamo innamorati di loro e della loro piattaforma, dedicata al mondo dei bambini e delle loro famiglie, con...","og_url":"http:\/\/news.annameglio.com\/un-incontro-conmamme-a-milano\/","og_site_name":"Annameglio | Blog","article_publisher":"https:\/\/www.facebook.com\/ANNAMEGLIO.news","article_published_time":"2014-05-04T09:00:46+00:00","article_modified_time":"2014-05-05T11:59:42+00:00","og_image":[{"url":"http:\/\/news.annameglio.com\/wp-content\/uploads\/2014\/05\/MaM_testata_sito.png"}],"author":"editorial-staff@annameglio","twitter_card":"summary","twitter_creator":"@annameglio_com","twitter_site":"@annameglio_com","twitter_misc":{"Written by":"editorial-staff@annameglio","Est. reading time":"2 minutes"},"schema":{"@context":"https:\/\/schema.org","@graph":[{"@type":"WebPage","@id":"http:\/\/news.annameglio.com\/un-incontro-conmamme-a-milano\/","url":"http:\/\/news.annameglio.com\/un-incontro-conmamme-a-milano\/","name":"Un incontro con\u2026Mamme a Milano - Annameglio | Blog","isPartOf":{"@id":"http:\/\/news.annameglio.com\/#website"},"datePublished":"2014-05-04T09:00:46+00:00","dateModified":"2014-05-05T11:59:42+00:00","author":{"@id":"http:\/\/news.annameglio.com\/#\/schema\/person\/d8ae57e0838f7bf7b3ee362d58823d7d"},"breadcrumb":{"@id":"http:\/\/news.annameglio.com\/un-incontro-conmamme-a-milano\/#breadcrumb"},"inLanguage":"en-US","potentialAction":[{"@type":"ReadAction","target":["http:\/\/news.annameglio.com\/un-incontro-conmamme-a-milano\/"]}]},{"@type":"BreadcrumbList","@id":"http:\/\/news.annameglio.com\/un-incontro-conmamme-a-milano\/#breadcrumb","itemListElement":[{"@type":"ListItem","position":1,"name":"Home","item":"http:\/\/news.annameglio.com\/"},{"@type":"ListItem","position":2,"name":"Un incontro con\u2026Mamme a Milano"}]},{"@type":"WebSite","@id":"http:\/\/news.annameglio.com\/#website","url":"http:\/\/news.annameglio.com\/","name":"Annameglio | Blog","description":"","potentialAction":[{"@type":"SearchAction","target":{"@type":"EntryPoint","urlTemplate":"http:\/\/news.annameglio.com\/?s={search_term_string}"},"query-input":"required name=search_term_string"}],"inLanguage":"en-US"},{"@type":"Person","@id":"http:\/\/news.annameglio.com\/#\/schema\/person\/d8ae57e0838f7bf7b3ee362d58823d7d","name":"editorial-staff@annameglio","image":{"@type":"ImageObject","inLanguage":"en-US","@id":"http:\/\/news.annameglio.com\/#\/schema\/person\/image\/","url":"http:\/\/0.gravatar.com\/avatar\/335f0a7fe767fb57e6045ac1fc00ed81?s=96&d=mm&r=g","contentUrl":"http:\/\/0.gravatar.com\/avatar\/335f0a7fe767fb57e6045ac1fc00ed81?s=96&d=mm&r=g","caption":"editorial-staff@annameglio"},"sameAs":["http:\/\/annameglio.com"],"url":"http:\/\/news.annameglio.com\/en\/author\/adminannameglio\/"}]}},"amp_enabled":false,"_links":{"self":[{"href":"http:\/\/news.annameglio.com\/en\/wp-json\/wp\/v2\/posts\/323"}],"collection":[{"href":"http:\/\/news.annameglio.com\/en\/wp-json\/wp\/v2\/posts"}],"about":[{"href":"http:\/\/news.annameglio.com\/en\/wp-json\/wp\/v2\/types\/post"}],"author":[{"embeddable":true,"href":"http:\/\/news.annameglio.com\/en\/wp-json\/wp\/v2\/users\/1"}],"replies":[{"embeddable":true,"href":"http:\/\/news.annameglio.com\/en\/wp-json\/wp\/v2\/comments?post=323"}],"version-history":[{"count":4,"href":"http:\/\/news.annameglio.com\/en\/wp-json\/wp\/v2\/posts\/323\/revisions"}],"predecessor-version":[{"id":328,"href":"http:\/\/news.annameglio.com\/en\/wp-json\/wp\/v2\/posts\/323\/revisions\/328"}],"wp:attachment":[{"href":"http:\/\/news.annameglio.com\/en\/wp-json\/wp\/v2\/media?parent=323"}],"wp:term":[{"taxonomy":"category","embeddable":true,"href":"http:\/\/news.annameglio.com\/en\/wp-json\/wp\/v2\/categories?post=323"},{"taxonomy":"post_tag","embeddable":true,"href":"http:\/\/news.annameglio.com\/en\/wp-json\/wp\/v2\/tags?post=323"}],"curies":[{"name":"wp","href":"https:\/\/api.w.org\/{rel}","templated":true}]}}