{"id":259,"date":"2014-04-16T20:55:34","date_gmt":"2014-04-16T20:55:34","guid":{"rendered":"http:\/\/news.annameglio.com\/?p=259"},"modified":"2015-03-25T09:55:56","modified_gmt":"2015-03-25T09:55:56","slug":"abiti-comunione-a-sora-da-anna-meglio-tutto-per-la-bambina-ed-il-bambino","status":"publish","type":"post","link":"http:\/\/news.annameglio.com\/en\/abiti-comunione-a-sora-da-anna-meglio-tutto-per-la-bambina-ed-il-bambino\/","title":{"rendered":"Abiti comunione a Sora? Da Anna Meglio tutto per la bambina ed il bambino"},"content":{"rendered":"<p>Abiti da Comunione per il bambino e per la bambina da Anna Meglio a Sora. Dai vestiti di Piccola Ludo, rigorosamente Made in Italy, ad abiti di produzione sartoriale per una confezione \u201csu misura\u201d, le proposte di Anna Meglio per le bambine sono tante e vestono anche le piccole invitate con abiti da cerimonia presi dalle collezioni Primavera Estate 2014 di Gucci, Dolce&amp;Gabbana e Twin Set Girl.<\/p>\n<p><a href=\"http:\/\/news.annameglio.com\/wp-content\/uploads\/2014\/04\/Abiti-Comunione-bambina-Sor.jpg\"><img loading=\"lazy\" class=\"aligncenter size-full wp-image-260\" alt=\"Sora\" src=\"http:\/\/news.annameglio.com\/wp-content\/uploads\/2014\/04\/Abiti-Comunione-bambina-Sor.jpg\" width=\"430\" height=\"280\" \/><\/a><\/p>\n<p>Gli abiti e gli accessori \u00a0per la Prima Comunione selezionati da Anna Meglio raccontano l\u2019incessante ricerca di tessuti, pizzi e materiali preziosi che ogni bimba potr\u00e0 provare affiancata da una personal shopper, \u00a0una professionista dello stile, in grado di individuare i capi di abbigliamento e gli accessori per la costruzione di un look unico, da vera principessa!<\/p>\n<p>La professionalit\u00e0 del servizio di Baby Personal Shopping di Anna Meglio \u00e8 al servizio anche dei bambini per costruire un look da Prima Comunione vicino al loro gusto e alla loro sensibilit\u00e0.<\/p>\n<p><a href=\"http:\/\/news.annameglio.com\/wp-content\/uploads\/2014\/04\/Prima-Comunione-abiti-bimbo.jpg\"><img loading=\"lazy\" class=\"aligncenter size-full wp-image-261\" alt=\"Sora\" src=\"http:\/\/news.annameglio.com\/wp-content\/uploads\/2014\/04\/Prima-Comunione-abiti-bimbo.jpg\" width=\"430\" height=\"280\" \/><\/a><\/p>\n<p>Lo showroom Cerimonia Anna Meglio si trova a Sora, in provincia di Frosinone. Per usufruire del servizio di baby personal shopping prendi un appuntamento, telefona allo 0776-831105. Servizio gratuito e senza impegno all&#8217;acquisto.<\/p>\n","protected":false},"excerpt":{"rendered":"<p>Abiti da Comunione per il bambino e per la bambina da Anna Meglio a Sora. Dai vestiti di Piccola Ludo, rigorosamente Made in Italy, ad abiti di produzione sartoriale per una confezione \u201csu misura\u201d, le proposte di Anna Meglio per le bambine sono tante e&#8230;<\/p>\n","protected":false},"author":1,"featured_media":0,"comment_status":"open","ping_status":"open","sticky":false,"template":"","format":"standard","meta":[],"categories":[1],"tags":[16],"yoast_head":"<!-- This site is optimized with the Yoast SEO plugin v19.7.2 - https:\/\/yoast.com\/wordpress\/plugins\/seo\/ -->\n<title>Abiti comunione a Sora? Da Anna Meglio tutto per la bambina ed il bambino - Annameglio | Blog<\/title>\n<meta name=\"robots\" content=\"index, follow, max-snippet:-1, max-image-preview:large, max-video-preview:-1\" \/>\n<link rel=\"canonical\" href=\"http:\/\/news.annameglio.com\/abiti-comunione-a-sora-da-anna-meglio-tutto-per-la-bambina-ed-il-bambino\/\" \/>\n<meta property=\"og:locale\" content=\"en_US\" \/>\n<meta property=\"og:type\" content=\"article\" \/>\n<meta property=\"og:title\" content=\"Abiti comunione a Sora? Da Anna Meglio tutto per la bambina ed il bambino - Annameglio | Blog\" \/>\n<meta property=\"og:description\" content=\"Abiti da Comunione per il bambino e per la bambina da Anna Meglio a Sora. Dai vestiti di Piccola Ludo, rigorosamente Made in Italy, ad abiti di produzione sartoriale per una confezione \u201csu misura\u201d, le proposte di Anna Meglio per le bambine sono tante e...\" \/>\n<meta property=\"og:url\" content=\"http:\/\/news.annameglio.com\/abiti-comunione-a-sora-da-anna-meglio-tutto-per-la-bambina-ed-il-bambino\/\" \/>\n<meta property=\"og:site_name\" content=\"Annameglio | Blog\" \/>\n<meta property=\"article:publisher\" content=\"https:\/\/www.facebook.com\/ANNAMEGLIO.news\" \/>\n<meta property=\"article:published_time\" content=\"2014-04-16T20:55:34+00:00\" \/>\n<meta property=\"article:modified_time\" content=\"2015-03-25T09:55:56+00:00\" \/>\n<meta property=\"og:image\" content=\"http:\/\/news.annameglio.com\/wp-content\/uploads\/2014\/04\/Abiti-Comunione-bambina-Sor.jpg\" \/>\n<meta name=\"author\" content=\"editorial-staff@annameglio\" \/>\n<meta name=\"twitter:card\" content=\"summary\" \/>\n<meta name=\"twitter:creator\" content=\"@annameglio_com\" \/>\n<meta name=\"twitter:site\" content=\"@annameglio_com\" \/>\n<meta name=\"twitter:label1\" content=\"Written by\" \/>\n\t<meta name=\"twitter:data1\" content=\"editorial-staff@annameglio\" \/>\n\t<meta name=\"twitter:label2\" content=\"Est. reading time\" \/>\n\t<meta name=\"twitter:data2\" content=\"1 minute\" \/>\n<script type=\"application\/ld+json\" class=\"yoast-schema-graph\">{\"@context\":\"https:\/\/schema.org\",\"@graph\":[{\"@type\":\"WebPage\",\"@id\":\"http:\/\/news.annameglio.com\/abiti-comunione-a-sora-da-anna-meglio-tutto-per-la-bambina-ed-il-bambino\/\",\"url\":\"http:\/\/news.annameglio.com\/abiti-comunione-a-sora-da-anna-meglio-tutto-per-la-bambina-ed-il-bambino\/\",\"name\":\"Abiti comunione a Sora? Da Anna Meglio tutto per la bambina ed il bambino - Annameglio | Blog\",\"isPartOf\":{\"@id\":\"http:\/\/news.annameglio.com\/#website\"},\"datePublished\":\"2014-04-16T20:55:34+00:00\",\"dateModified\":\"2015-03-25T09:55:56+00:00\",\"author\":{\"@id\":\"http:\/\/news.annameglio.com\/#\/schema\/person\/d8ae57e0838f7bf7b3ee362d58823d7d\"},\"breadcrumb\":{\"@id\":\"http:\/\/news.annameglio.com\/abiti-comunione-a-sora-da-anna-meglio-tutto-per-la-bambina-ed-il-bambino\/#breadcrumb\"},\"inLanguage\":\"en-US\",\"potentialAction\":[{\"@type\":\"ReadAction\",\"target\":[\"http:\/\/news.annameglio.com\/abiti-comunione-a-sora-da-anna-meglio-tutto-per-la-bambina-ed-il-bambino\/\"]}]},{\"@type\":\"BreadcrumbList\",\"@id\":\"http:\/\/news.annameglio.com\/abiti-comunione-a-sora-da-anna-meglio-tutto-per-la-bambina-ed-il-bambino\/#breadcrumb\",\"itemListElement\":[{\"@type\":\"ListItem\",\"position\":1,\"name\":\"Home\",\"item\":\"http:\/\/news.annameglio.com\/\"},{\"@type\":\"ListItem\",\"position\":2,\"name\":\"Abiti comunione a Sora? Da Anna Meglio tutto per la bambina ed il bambino\"}]},{\"@type\":\"WebSite\",\"@id\":\"http:\/\/news.annameglio.com\/#website\",\"url\":\"http:\/\/news.annameglio.com\/\",\"name\":\"Annameglio | Blog\",\"description\":\"\",\"potentialAction\":[{\"@type\":\"SearchAction\",\"target\":{\"@type\":\"EntryPoint\",\"urlTemplate\":\"http:\/\/news.annameglio.com\/?s={search_term_string}\"},\"query-input\":\"required name=search_term_string\"}],\"inLanguage\":\"en-US\"},{\"@type\":\"Person\",\"@id\":\"http:\/\/news.annameglio.com\/#\/schema\/person\/d8ae57e0838f7bf7b3ee362d58823d7d\",\"name\":\"editorial-staff@annameglio\",\"image\":{\"@type\":\"ImageObject\",\"inLanguage\":\"en-US\",\"@id\":\"http:\/\/news.annameglio.com\/#\/schema\/person\/image\/\",\"url\":\"http:\/\/0.gravatar.com\/avatar\/335f0a7fe767fb57e6045ac1fc00ed81?s=96&d=mm&r=g\",\"contentUrl\":\"http:\/\/0.gravatar.com\/avatar\/335f0a7fe767fb57e6045ac1fc00ed81?s=96&d=mm&r=g\",\"caption\":\"editorial-staff@annameglio\"},\"sameAs\":[\"http:\/\/annameglio.com\"],\"url\":\"http:\/\/news.annameglio.com\/en\/author\/adminannameglio\/\"}]}<\/script>\n<!-- \/ Yoast SEO plugin. -->","yoast_head_json":{"title":"Abiti comunione a Sora? Da Anna Meglio tutto per la bambina ed il bambino - Annameglio | Blog","robots":{"index":"index","follow":"follow","max-snippet":"max-snippet:-1","max-image-preview":"max-image-preview:large","max-video-preview":"max-video-preview:-1"},"canonical":"http:\/\/news.annameglio.com\/abiti-comunione-a-sora-da-anna-meglio-tutto-per-la-bambina-ed-il-bambino\/","og_locale":"en_US","og_type":"article","og_title":"Abiti comunione a Sora? Da Anna Meglio tutto per la bambina ed il bambino - Annameglio | Blog","og_description":"Abiti da Comunione per il bambino e per la bambina da Anna Meglio a Sora. Dai vestiti di Piccola Ludo, rigorosamente Made in Italy, ad abiti di produzione sartoriale per una confezione \u201csu misura\u201d, le proposte di Anna Meglio per le bambine sono tante e...","og_url":"http:\/\/news.annameglio.com\/abiti-comunione-a-sora-da-anna-meglio-tutto-per-la-bambina-ed-il-bambino\/","og_site_name":"Annameglio | Blog","article_publisher":"https:\/\/www.facebook.com\/ANNAMEGLIO.news","article_published_time":"2014-04-16T20:55:34+00:00","article_modified_time":"2015-03-25T09:55:56+00:00","og_image":[{"url":"http:\/\/news.annameglio.com\/wp-content\/uploads\/2014\/04\/Abiti-Comunione-bambina-Sor.jpg"}],"author":"editorial-staff@annameglio","twitter_card":"summary","twitter_creator":"@annameglio_com","twitter_site":"@annameglio_com","twitter_misc":{"Written by":"editorial-staff@annameglio","Est. reading time":"1 minute"},"schema":{"@context":"https:\/\/schema.org","@graph":[{"@type":"WebPage","@id":"http:\/\/news.annameglio.com\/abiti-comunione-a-sora-da-anna-meglio-tutto-per-la-bambina-ed-il-bambino\/","url":"http:\/\/news.annameglio.com\/abiti-comunione-a-sora-da-anna-meglio-tutto-per-la-bambina-ed-il-bambino\/","name":"Abiti comunione a Sora? Da Anna Meglio tutto per la bambina ed il bambino - Annameglio | Blog","isPartOf":{"@id":"http:\/\/news.annameglio.com\/#website"},"datePublished":"2014-04-16T20:55:34+00:00","dateModified":"2015-03-25T09:55:56+00:00","author":{"@id":"http:\/\/news.annameglio.com\/#\/schema\/person\/d8ae57e0838f7bf7b3ee362d58823d7d"},"breadcrumb":{"@id":"http:\/\/news.annameglio.com\/abiti-comunione-a-sora-da-anna-meglio-tutto-per-la-bambina-ed-il-bambino\/#breadcrumb"},"inLanguage":"en-US","potentialAction":[{"@type":"ReadAction","target":["http:\/\/news.annameglio.com\/abiti-comunione-a-sora-da-anna-meglio-tutto-per-la-bambina-ed-il-bambino\/"]}]},{"@type":"BreadcrumbList","@id":"http:\/\/news.annameglio.com\/abiti-comunione-a-sora-da-anna-meglio-tutto-per-la-bambina-ed-il-bambino\/#breadcrumb","itemListElement":[{"@type":"ListItem","position":1,"name":"Home","item":"http:\/\/news.annameglio.com\/"},{"@type":"ListItem","position":2,"name":"Abiti comunione a Sora? Da Anna Meglio tutto per la bambina ed il bambino"}]},{"@type":"WebSite","@id":"http:\/\/news.annameglio.com\/#website","url":"http:\/\/news.annameglio.com\/","name":"Annameglio | Blog","description":"","potentialAction":[{"@type":"SearchAction","target":{"@type":"EntryPoint","urlTemplate":"http:\/\/news.annameglio.com\/?s={search_term_string}"},"query-input":"required name=search_term_string"}],"inLanguage":"en-US"},{"@type":"Person","@id":"http:\/\/news.annameglio.com\/#\/schema\/person\/d8ae57e0838f7bf7b3ee362d58823d7d","name":"editorial-staff@annameglio","image":{"@type":"ImageObject","inLanguage":"en-US","@id":"http:\/\/news.annameglio.com\/#\/schema\/person\/image\/","url":"http:\/\/0.gravatar.com\/avatar\/335f0a7fe767fb57e6045ac1fc00ed81?s=96&d=mm&r=g","contentUrl":"http:\/\/0.gravatar.com\/avatar\/335f0a7fe767fb57e6045ac1fc00ed81?s=96&d=mm&r=g","caption":"editorial-staff@annameglio"},"sameAs":["http:\/\/annameglio.com"],"url":"http:\/\/news.annameglio.com\/en\/author\/adminannameglio\/"}]}},"amp_enabled":false,"_links":{"self":[{"href":"http:\/\/news.annameglio.com\/en\/wp-json\/wp\/v2\/posts\/259"}],"collection":[{"href":"http:\/\/news.annameglio.com\/en\/wp-json\/wp\/v2\/posts"}],"about":[{"href":"http:\/\/news.annameglio.com\/en\/wp-json\/wp\/v2\/types\/post"}],"author":[{"embeddable":true,"href":"http:\/\/news.annameglio.com\/en\/wp-json\/wp\/v2\/users\/1"}],"replies":[{"embeddable":true,"href":"http:\/\/news.annameglio.com\/en\/wp-json\/wp\/v2\/comments?post=259"}],"version-history":[{"count":4,"href":"http:\/\/news.annameglio.com\/en\/wp-json\/wp\/v2\/posts\/259\/revisions"}],"predecessor-version":[{"id":613,"href":"http:\/\/news.annameglio.com\/en\/wp-json\/wp\/v2\/posts\/259\/revisions\/613"}],"wp:attachment":[{"href":"http:\/\/news.annameglio.com\/en\/wp-json\/wp\/v2\/media?parent=259"}],"wp:term":[{"taxonomy":"category","embeddable":true,"href":"http:\/\/news.annameglio.com\/en\/wp-json\/wp\/v2\/categories?post=259"},{"taxonomy":"post_tag","embeddable":true,"href":"http:\/\/news.annameglio.com\/en\/wp-json\/wp\/v2\/tags?post=259"}],"curies":[{"name":"wp","href":"https:\/\/api.w.org\/{rel}","templated":true}]}}