{"id":2523,"date":"2017-05-17T17:20:31","date_gmt":"2017-05-17T16:20:31","guid":{"rendered":"http:\/\/news.annameglio.com\/?p=2523"},"modified":"2017-06-03T11:49:09","modified_gmt":"2017-06-03T10:49:09","slug":"il-gufo-abbigliamento-per-bambine-e-bambino","status":"publish","type":"post","link":"http:\/\/news.annameglio.com\/en\/il-gufo-abbigliamento-per-bambine-e-bambino\/","title":{"rendered":"Il Gufo: girls and boys&#8217; clothing"},"content":{"rendered":"<p>With Spring Season\u00a0colours and perfumes explode\u00a0and kids&#8217; wardrobe\u00a0fills with fresh, colourful and light garments.\u00a0A brand which in the recent years has gained the trust of mums and dads is\u00a0<a title=\"Il Gufo Abbigliamento Bambini e Beb\u00e9 shop on line su annameglio.com\" href=\"http:\/\/www.annameglio.com\/shop\/designer\/il+gufo\/\"><strong>Il Gufo<\/strong><\/a>, an excellence of\u00a0<strong>Made in Italy<\/strong>,\u00a0whose collections are completely dedicated to children, aiming at pampering \u00a0him or her in their first days and at accompany them in their first adventures.\u00a0<a href=\"http:\/\/news.annameglio.com\/wp-content\/uploads\/2017\/05\/publication-31.jpg\"><img loading=\"lazy\" class=\"aligncenter size-full wp-image-2536\" src=\"http:\/\/news.annameglio.com\/wp-content\/uploads\/2017\/05\/publication-31.jpg\" alt=\"\" width=\"1110\" height=\"735\" \/><\/a><\/p>\n<p>Born from a small artisan company, then turned into a world leader in the field of kidswear, all the creations by\u00a0<strong>Il Gufo<\/strong>\u00a0are designed &#8220;at child mesure&#8221; to ensure them the proper comfort, high quality and attention to details. The result is a dremy and fanciful Collection, clothes caracterized by bright and colourful flowers and soft and voluminous shapes.\u00a0 \u00a0<a href=\"http:\/\/news.annameglio.com\/wp-content\/uploads\/2017\/05\/3.jpg\"><img loading=\"lazy\" class=\"aligncenter size-full wp-image-2541\" src=\"http:\/\/news.annameglio.com\/wp-content\/uploads\/2017\/05\/3.jpg\" alt=\"\" width=\"1110\" height=\"788\" srcset=\"http:\/\/news.annameglio.com\/wp-content\/uploads\/2017\/05\/3.jpg 1110w, http:\/\/news.annameglio.com\/wp-content\/uploads\/2017\/05\/3-300x213.jpg 300w, http:\/\/news.annameglio.com\/wp-content\/uploads\/2017\/05\/3-768x545.jpg 768w, http:\/\/news.annameglio.com\/wp-content\/uploads\/2017\/05\/3-1024x727.jpg 1024w\" sizes=\"(max-width: 1110px) 100vw, 1110px\" \/><\/a><\/p>\n<p><strong>The Spring Summer 2017 Collection by Il Gufo <\/strong>explores\u00a0\u00a0the world of nature and kids&#8217; immagination,\u00a0 not only in the colours and the prints but also in the shapes: comfortable dresses decorated with floral applications in eccentric chromatic matches\u00a0like orange, fuxia and blue of the\u00a0<a href=\"http:\/\/www.annameglio.com\/prodotto\/il+gufo\/abito+blu+tulipano+bambina\/\" target=\"_blank\" rel=\"noopener noreferrer\">blue tunic style dress <\/a>presented\u00a0below.<a href=\"http:\/\/news.annameglio.com\/wp-content\/uploads\/2017\/05\/fullscreen-foto25_abbigliamento.jpg\"><img loading=\"lazy\" class=\"aligncenter size-full wp-image-2535\" src=\"http:\/\/news.annameglio.com\/wp-content\/uploads\/2017\/05\/fullscreen-foto25_abbigliamento.jpg\" alt=\"\" width=\"1110\" height=\"735\" srcset=\"http:\/\/news.annameglio.com\/wp-content\/uploads\/2017\/05\/fullscreen-foto25_abbigliamento.jpg 1110w, http:\/\/news.annameglio.com\/wp-content\/uploads\/2017\/05\/fullscreen-foto25_abbigliamento-300x199.jpg 300w, http:\/\/news.annameglio.com\/wp-content\/uploads\/2017\/05\/fullscreen-foto25_abbigliamento-768x509.jpg 768w, http:\/\/news.annameglio.com\/wp-content\/uploads\/2017\/05\/fullscreen-foto25_abbigliamento-1024x678.jpg 1024w\" sizes=\"(max-width: 1110px) 100vw, 1110px\" \/><\/a><\/p>\n<p>Volant\u00a0and crags enrich the clothes from a simple and essential style and complete each outfit with catchy details like the <a href=\"http:\/\/www.annameglio.com\/prodotto\/il+gufo\/camicia+bianca+bambina\/\" target=\"_blank\" rel=\"noopener noreferrer\">refined withe shirt with petal-shaped sleaves<\/a>, a real gem of the SS17 Collection; to combine for example with the <a href=\"http:\/\/www.annameglio.com\/prodotto\/il+gufo\/pantalone+capri+bambina\/\" target=\"_blank\" rel=\"noopener noreferrer\">dark grey Capri style cropped trousers<\/a>\u00a0for a truly glamour total look!<a href=\"http:\/\/news.annameglio.com\/wp-content\/uploads\/2017\/05\/camicia.jpg\"><img loading=\"lazy\" class=\"aligncenter size-full wp-image-2537\" src=\"http:\/\/news.annameglio.com\/wp-content\/uploads\/2017\/05\/camicia.jpg\" alt=\"\" width=\"1110\" height=\"735\" \/><\/a><\/p>\n<p>Much more essential is the boy collecyion, in soft grey and sky-blue shades. There is a studied elegance in the <a href=\"http:\/\/www.annameglio.com\/prodotto\/il+gufo\/camicia+coreana+baby+a+righe\/\" target=\"_blank\" rel=\"noopener noreferrer\">white and grey striped shirt with koren collar<\/a>, beautifully matched with the <a href=\"http:\/\/www.annameglio.com\/prodotto\/il+gufo\/bermuda+denim+bianco+baby\/\" target=\"_blank\" rel=\"noopener noreferrer\">fresh white denim trousers<\/a>.<a href=\"http:\/\/news.annameglio.com\/wp-content\/uploads\/2017\/05\/maschietto.jpg\"><img loading=\"lazy\" class=\"aligncenter size-full wp-image-2538\" src=\"http:\/\/news.annameglio.com\/wp-content\/uploads\/2017\/05\/maschietto.jpg\" alt=\"\" width=\"1110\" height=\"735\" \/><\/a><\/p>\n<p>The clothes from the <strong>New Spring Summer 2017 Collection by Il Gufo<\/strong>\u00a0melt simplicity and refined taste to flaunt on special occasions, making elegant every boy and girl without renouncing to modernity and refinement. \u00a0Discover the Clothing Collections by Il Gufo in the Anna Meglio\u00a0Boutiques or online on our website page:<strong>\u00a0www.annameglio.com<\/strong>.<\/p>\n<p>Keep on reading our\u00a0blog; many\u00a0fashion news are coming soon! Stay Tuned!<\/p>\n<p>See you soon! The\u00a0Anna Meglio team .<\/p>","protected":false},"excerpt":{"rendered":"<p>With Spring Season\u00a0colours and perfumes explode\u00a0and kids&#8217; wardrobe\u00a0fills with fresh, colourful and light garments.\u00a0A brand which in the recent years has gained the trust of mums and dads is\u00a0Il Gufo, an excellence of\u00a0Made in Italy,\u00a0whose collections are completely dedicated to children, aiming at pampering \u00a0him&#8230;<\/p>\n","protected":false},"author":1,"featured_media":2540,"comment_status":"closed","ping_status":"closed","sticky":false,"template":"","format":"standard","meta":[],"categories":[1],"tags":[],"yoast_head":"<!-- This site is optimized with the Yoast SEO plugin v19.7.2 - https:\/\/yoast.com\/wordpress\/plugins\/seo\/ -->\n<title>Il Gufo: girls and boys&#039; clothing - Annameglio | Blog<\/title>\n<meta name=\"description\" content=\"Il Gufo Abbigliamento Bambine e Bambino, nuova collezione P\/E17 qualit\u00e0, perfezione ed esclusivit\u00e0 Made in Italy! Scopri di pi\u00f9 su annameglio.com moda bimbi\" \/>\n<meta name=\"robots\" content=\"index, follow, max-snippet:-1, max-image-preview:large, max-video-preview:-1\" \/>\n<link rel=\"canonical\" href=\"http:\/\/news.annameglio.com\/il-gufo-abbigliamento-per-bambine-e-bambino\/\" \/>\n<meta property=\"og:locale\" content=\"en_US\" \/>\n<meta property=\"og:type\" content=\"article\" \/>\n<meta property=\"og:title\" content=\"Il Gufo: girls and boys&#039; clothing - Annameglio | Blog\" \/>\n<meta property=\"og:description\" content=\"Il Gufo Abbigliamento Bambine e Bambino, nuova collezione P\/E17 qualit\u00e0, perfezione ed esclusivit\u00e0 Made in Italy! Scopri di pi\u00f9 su annameglio.com moda bimbi\" \/>\n<meta property=\"og:url\" content=\"http:\/\/news.annameglio.com\/il-gufo-abbigliamento-per-bambine-e-bambino\/\" \/>\n<meta property=\"og:site_name\" content=\"Annameglio | Blog\" \/>\n<meta property=\"article:publisher\" content=\"https:\/\/www.facebook.com\/ANNAMEGLIO.news\" \/>\n<meta property=\"article:published_time\" content=\"2017-05-17T16:20:31+00:00\" \/>\n<meta property=\"article:modified_time\" content=\"2017-06-03T10:49:09+00:00\" \/>\n<meta property=\"og:image\" content=\"http:\/\/news.annameglio.com\/wp-content\/uploads\/2017\/05\/1.jpg\" \/>\n\t<meta property=\"og:image:width\" content=\"1920\" \/>\n\t<meta property=\"og:image:height\" content=\"940\" \/>\n\t<meta property=\"og:image:type\" content=\"image\/jpeg\" \/>\n<meta name=\"author\" content=\"editorial-staff@annameglio\" \/>\n<meta name=\"twitter:card\" content=\"summary\" \/>\n<meta name=\"twitter:creator\" content=\"@annameglio_com\" \/>\n<meta name=\"twitter:site\" content=\"@annameglio_com\" \/>\n<meta name=\"twitter:label1\" content=\"Written by\" \/>\n\t<meta name=\"twitter:data1\" content=\"editorial-staff@annameglio\" \/>\n\t<meta name=\"twitter:label2\" content=\"Est. reading time\" \/>\n\t<meta name=\"twitter:data2\" content=\"3 minutes\" \/>\n<script type=\"application\/ld+json\" class=\"yoast-schema-graph\">{\"@context\":\"https:\/\/schema.org\",\"@graph\":[{\"@type\":\"WebPage\",\"@id\":\"http:\/\/news.annameglio.com\/il-gufo-abbigliamento-per-bambine-e-bambino\/\",\"url\":\"http:\/\/news.annameglio.com\/il-gufo-abbigliamento-per-bambine-e-bambino\/\",\"name\":\"Il Gufo: girls and boys' clothing - Annameglio | Blog\",\"isPartOf\":{\"@id\":\"http:\/\/news.annameglio.com\/#website\"},\"datePublished\":\"2017-05-17T16:20:31+00:00\",\"dateModified\":\"2017-06-03T10:49:09+00:00\",\"author\":{\"@id\":\"http:\/\/news.annameglio.com\/#\/schema\/person\/d8ae57e0838f7bf7b3ee362d58823d7d\"},\"description\":\"Il Gufo Abbigliamento Bambine e Bambino, nuova collezione P\/E17 qualit\u00e0, perfezione ed esclusivit\u00e0 Made in Italy! Scopri di pi\u00f9 su annameglio.com moda bimbi\",\"breadcrumb\":{\"@id\":\"http:\/\/news.annameglio.com\/il-gufo-abbigliamento-per-bambine-e-bambino\/#breadcrumb\"},\"inLanguage\":\"en-US\",\"potentialAction\":[{\"@type\":\"ReadAction\",\"target\":[\"http:\/\/news.annameglio.com\/il-gufo-abbigliamento-per-bambine-e-bambino\/\"]}]},{\"@type\":\"BreadcrumbList\",\"@id\":\"http:\/\/news.annameglio.com\/il-gufo-abbigliamento-per-bambine-e-bambino\/#breadcrumb\",\"itemListElement\":[{\"@type\":\"ListItem\",\"position\":1,\"name\":\"Home\",\"item\":\"http:\/\/news.annameglio.com\/\"},{\"@type\":\"ListItem\",\"position\":2,\"name\":\"Il Gufo: abbigliamento per bambine e bambini\"}]},{\"@type\":\"WebSite\",\"@id\":\"http:\/\/news.annameglio.com\/#website\",\"url\":\"http:\/\/news.annameglio.com\/\",\"name\":\"Annameglio | Blog\",\"description\":\"\",\"potentialAction\":[{\"@type\":\"SearchAction\",\"target\":{\"@type\":\"EntryPoint\",\"urlTemplate\":\"http:\/\/news.annameglio.com\/?s={search_term_string}\"},\"query-input\":\"required name=search_term_string\"}],\"inLanguage\":\"en-US\"},{\"@type\":\"Person\",\"@id\":\"http:\/\/news.annameglio.com\/#\/schema\/person\/d8ae57e0838f7bf7b3ee362d58823d7d\",\"name\":\"editorial-staff@annameglio\",\"image\":{\"@type\":\"ImageObject\",\"inLanguage\":\"en-US\",\"@id\":\"http:\/\/news.annameglio.com\/#\/schema\/person\/image\/\",\"url\":\"http:\/\/0.gravatar.com\/avatar\/335f0a7fe767fb57e6045ac1fc00ed81?s=96&d=mm&r=g\",\"contentUrl\":\"http:\/\/0.gravatar.com\/avatar\/335f0a7fe767fb57e6045ac1fc00ed81?s=96&d=mm&r=g\",\"caption\":\"editorial-staff@annameglio\"},\"sameAs\":[\"http:\/\/annameglio.com\"],\"url\":\"http:\/\/news.annameglio.com\/en\/author\/adminannameglio\/\"}]}<\/script>\n<!-- \/ Yoast SEO plugin. -->","yoast_head_json":{"title":"Il Gufo: girls and boys' clothing - Annameglio | Blog","description":"Il Gufo Abbigliamento Bambine e Bambino, nuova collezione P\/E17 qualit\u00e0, perfezione ed esclusivit\u00e0 Made in Italy! Scopri di pi\u00f9 su annameglio.com moda bimbi","robots":{"index":"index","follow":"follow","max-snippet":"max-snippet:-1","max-image-preview":"max-image-preview:large","max-video-preview":"max-video-preview:-1"},"canonical":"http:\/\/news.annameglio.com\/il-gufo-abbigliamento-per-bambine-e-bambino\/","og_locale":"en_US","og_type":"article","og_title":"Il Gufo: girls and boys' clothing - Annameglio | Blog","og_description":"Il Gufo Abbigliamento Bambine e Bambino, nuova collezione P\/E17 qualit\u00e0, perfezione ed esclusivit\u00e0 Made in Italy! Scopri di pi\u00f9 su annameglio.com moda bimbi","og_url":"http:\/\/news.annameglio.com\/il-gufo-abbigliamento-per-bambine-e-bambino\/","og_site_name":"Annameglio | Blog","article_publisher":"https:\/\/www.facebook.com\/ANNAMEGLIO.news","article_published_time":"2017-05-17T16:20:31+00:00","article_modified_time":"2017-06-03T10:49:09+00:00","og_image":[{"width":1920,"height":940,"url":"http:\/\/news.annameglio.com\/wp-content\/uploads\/2017\/05\/1.jpg","type":"image\/jpeg"}],"author":"editorial-staff@annameglio","twitter_card":"summary","twitter_creator":"@annameglio_com","twitter_site":"@annameglio_com","twitter_misc":{"Written by":"editorial-staff@annameglio","Est. reading time":"3 minutes"},"schema":{"@context":"https:\/\/schema.org","@graph":[{"@type":"WebPage","@id":"http:\/\/news.annameglio.com\/il-gufo-abbigliamento-per-bambine-e-bambino\/","url":"http:\/\/news.annameglio.com\/il-gufo-abbigliamento-per-bambine-e-bambino\/","name":"Il Gufo: girls and boys' clothing - Annameglio | Blog","isPartOf":{"@id":"http:\/\/news.annameglio.com\/#website"},"datePublished":"2017-05-17T16:20:31+00:00","dateModified":"2017-06-03T10:49:09+00:00","author":{"@id":"http:\/\/news.annameglio.com\/#\/schema\/person\/d8ae57e0838f7bf7b3ee362d58823d7d"},"description":"Il Gufo Abbigliamento Bambine e Bambino, nuova collezione P\/E17 qualit\u00e0, perfezione ed esclusivit\u00e0 Made in Italy! Scopri di pi\u00f9 su annameglio.com moda bimbi","breadcrumb":{"@id":"http:\/\/news.annameglio.com\/il-gufo-abbigliamento-per-bambine-e-bambino\/#breadcrumb"},"inLanguage":"en-US","potentialAction":[{"@type":"ReadAction","target":["http:\/\/news.annameglio.com\/il-gufo-abbigliamento-per-bambine-e-bambino\/"]}]},{"@type":"BreadcrumbList","@id":"http:\/\/news.annameglio.com\/il-gufo-abbigliamento-per-bambine-e-bambino\/#breadcrumb","itemListElement":[{"@type":"ListItem","position":1,"name":"Home","item":"http:\/\/news.annameglio.com\/"},{"@type":"ListItem","position":2,"name":"Il Gufo: abbigliamento per bambine e bambini"}]},{"@type":"WebSite","@id":"http:\/\/news.annameglio.com\/#website","url":"http:\/\/news.annameglio.com\/","name":"Annameglio | Blog","description":"","potentialAction":[{"@type":"SearchAction","target":{"@type":"EntryPoint","urlTemplate":"http:\/\/news.annameglio.com\/?s={search_term_string}"},"query-input":"required name=search_term_string"}],"inLanguage":"en-US"},{"@type":"Person","@id":"http:\/\/news.annameglio.com\/#\/schema\/person\/d8ae57e0838f7bf7b3ee362d58823d7d","name":"editorial-staff@annameglio","image":{"@type":"ImageObject","inLanguage":"en-US","@id":"http:\/\/news.annameglio.com\/#\/schema\/person\/image\/","url":"http:\/\/0.gravatar.com\/avatar\/335f0a7fe767fb57e6045ac1fc00ed81?s=96&d=mm&r=g","contentUrl":"http:\/\/0.gravatar.com\/avatar\/335f0a7fe767fb57e6045ac1fc00ed81?s=96&d=mm&r=g","caption":"editorial-staff@annameglio"},"sameAs":["http:\/\/annameglio.com"],"url":"http:\/\/news.annameglio.com\/en\/author\/adminannameglio\/"}]}},"amp_enabled":false,"_links":{"self":[{"href":"http:\/\/news.annameglio.com\/en\/wp-json\/wp\/v2\/posts\/2523"}],"collection":[{"href":"http:\/\/news.annameglio.com\/en\/wp-json\/wp\/v2\/posts"}],"about":[{"href":"http:\/\/news.annameglio.com\/en\/wp-json\/wp\/v2\/types\/post"}],"author":[{"embeddable":true,"href":"http:\/\/news.annameglio.com\/en\/wp-json\/wp\/v2\/users\/1"}],"replies":[{"embeddable":true,"href":"http:\/\/news.annameglio.com\/en\/wp-json\/wp\/v2\/comments?post=2523"}],"version-history":[{"count":23,"href":"http:\/\/news.annameglio.com\/en\/wp-json\/wp\/v2\/posts\/2523\/revisions"}],"predecessor-version":[{"id":2591,"href":"http:\/\/news.annameglio.com\/en\/wp-json\/wp\/v2\/posts\/2523\/revisions\/2591"}],"wp:featuredmedia":[{"embeddable":true,"href":"http:\/\/news.annameglio.com\/en\/wp-json\/wp\/v2\/media\/2540"}],"wp:attachment":[{"href":"http:\/\/news.annameglio.com\/en\/wp-json\/wp\/v2\/media?parent=2523"}],"wp:term":[{"taxonomy":"category","embeddable":true,"href":"http:\/\/news.annameglio.com\/en\/wp-json\/wp\/v2\/categories?post=2523"},{"taxonomy":"post_tag","embeddable":true,"href":"http:\/\/news.annameglio.com\/en\/wp-json\/wp\/v2\/tags?post=2523"}],"curies":[{"name":"wp","href":"https:\/\/api.w.org\/{rel}","templated":true}]}}