{"id":2360,"date":"2017-03-07T13:17:36","date_gmt":"2017-03-07T12:17:36","guid":{"rendered":"http:\/\/news.annameglio.com\/?p=2360"},"modified":"2017-03-07T13:18:34","modified_gmt":"2017-03-07T12:18:34","slug":"mini-me-dolce-gabbana-primavera-estate-17","status":"publish","type":"post","link":"http:\/\/news.annameglio.com\/en\/mini-me-dolce-gabbana-primavera-estate-17\/","title":{"rendered":"Mini Me by Dolce &#038; Gabbana: DRESSING LIKE OUR PARENTS HAS NEVER BEEN SO MUCH FUN!"},"content":{"rendered":"<p>Mini Me\u00a0by\u00a0Dolce &amp; Gabbana\u00a0is\u00a0a sophisticated\u00a0collection\u00a0of dresses and outfits for our\u00a0children born to create an exclusive look for the whole family, reflecting, in a tiny version, the look\u00a0of mothers\u00a0and fathers.<\/p>\n<p>In recent years\u00a0 the &#8220;mini me&#8221;\u00a0trend has infected all mothers, more than ever sensitive to child fashion and conquered by the possibility of being accomplices in style with their\u00a0daughters.\u00a0Since the first\u00a0 mother-daughter outfit\u00a0 was launched, the Mini Me Collection by D&amp;G has reworked prints, fantasies and themes around which the runways for adult were modelled. <a href=\"http:\/\/www.annameglio.com\/shop\/designer\/dolce+%5Band%5D+gabbana\/\" target=\"_blank\"><img loading=\"lazy\" class=\"aligncenter size-full wp-image-2365\" src=\"http:\/\/news.annameglio.com\/wp-content\/uploads\/2017\/03\/2.jpg\" alt=\"\" width=\"1110\" height=\"735\" srcset=\"http:\/\/news.annameglio.com\/wp-content\/uploads\/2017\/03\/2.jpg 1110w, http:\/\/news.annameglio.com\/wp-content\/uploads\/2017\/03\/2-300x199.jpg 300w, http:\/\/news.annameglio.com\/wp-content\/uploads\/2017\/03\/2-768x509.jpg 768w, http:\/\/news.annameglio.com\/wp-content\/uploads\/2017\/03\/2-1024x678.jpg 1024w\" sizes=\"(max-width: 1110px) 100vw, 1110px\" \/><\/a><\/p>\n<p>Sailors motives, floral prints and precious fantasies\u00a0are the trends that this year Dolce &amp; Gabbana Junior\u00a0masterfully declines\u00a0in beautiful\u00a0miniature dresses, to create an elegant and witty &#8220;Mommy\u00a0and me&#8221; look to be worn on special occasions. These collections of\u00a0<em>pret\u00a0a\u00a0porter<\/em>\u00a0for children offer to glamour mothers the possibility of coordinating their clothes and accessories to those of their little girls, for a really lovely effect which is difficult to resist!<\/p>\n<p>The beautiful dress from classic cut with a lively print of roses\u00a0on a white background, expresses all the elegance and the sophistication of the brand: made\u00a0in fresh\u00a0cotton-poplin\u00a0fabric, empire style,\u00a0short sleeves and\u00a0flared skirt to give volume and movement to the\u00a0garment.\u00a0The <a href=\"http:\/\/www.annameglio.com\/prodotto\/dolce+%5Band%5D+gabbana\/abito+rose+bambina\/\" target=\"_blank\">dress with printed roses <\/a>by Dolce &amp; Gabbana is\u00a0perfect to create a refined look mother-daughter\u00a0for the more important occasions as ceremonies and receptions.\u00a0<a href=\"http:\/\/www.annameglio.com\/prodotto\/dolce+%5Band%5D+gabbana\/abito+rose+bambina\/\" target=\"_blank\"><img loading=\"lazy\" class=\"aligncenter size-full wp-image-2366\" src=\"http:\/\/news.annameglio.com\/wp-content\/uploads\/2017\/03\/3.jpg\" alt=\"\" width=\"1110\" height=\"735\" srcset=\"http:\/\/news.annameglio.com\/wp-content\/uploads\/2017\/03\/3.jpg 1110w, http:\/\/news.annameglio.com\/wp-content\/uploads\/2017\/03\/3-300x199.jpg 300w, http:\/\/news.annameglio.com\/wp-content\/uploads\/2017\/03\/3-768x509.jpg 768w, http:\/\/news.annameglio.com\/wp-content\/uploads\/2017\/03\/3-1024x678.jpg 1024w\" sizes=\"(max-width: 1110px) 100vw, 1110px\" \/><\/a><\/p>\n<p>Another super chic outfit\u00a0for glamorous mothersand young girls from the New Spring Summer 2017 Collection by Dolce and Gabbana is\u00a0represented\u00a0by this <a href=\"http:\/\/www.annameglio.com\/prodotto\/dolce+%5Band%5D+gabbana\/abito+broccato+bambina\/\" target=\"_blank\">black dress<\/a>,\u00a0suitable for the more formal events. The model from the Junior Collection is worked as to create a wonderful\u00a0brocade effect, it has a\u00a0slightly flared\u00a0cut and\u00a0is embellished by a bright trimming of a rose realized with paillettes.<a href=\"http:\/\/www.annameglio.com\/prodotto\/dolce+%5Band%5D+gabbana\/abito+broccato+bambina\/\" target=\"_blank\"><img loading=\"lazy\" class=\"aligncenter size-full wp-image-2367\" src=\"http:\/\/news.annameglio.com\/wp-content\/uploads\/2017\/03\/4.jpg\" alt=\"\" width=\"1110\" height=\"735\" srcset=\"http:\/\/news.annameglio.com\/wp-content\/uploads\/2017\/03\/4.jpg 1110w, http:\/\/news.annameglio.com\/wp-content\/uploads\/2017\/03\/4-300x199.jpg 300w, http:\/\/news.annameglio.com\/wp-content\/uploads\/2017\/03\/4-768x509.jpg 768w, http:\/\/news.annameglio.com\/wp-content\/uploads\/2017\/03\/4-1024x678.jpg 1024w\" sizes=\"(max-width: 1110px) 100vw, 1110px\" \/><\/a><\/p>\n<p>Colours and shapes inspired by the world of sailing are other fashion trends launched by Dolce\u00a0&amp; Gabbana\u00a0in\u00a0the beautiful PE 2017\u00a0Collection called &#8220;Marina&#8221;.\u00a0Blouses, <a href=\"http:\/\/www.annameglio.com\/prodotto\/dolce+%5Band%5D+gabbana\/bermuda+blu+bambina\/\" target=\"_blank\">bermuda <\/a>and <a href=\"http:\/\/www.annameglio.com\/prodotto\/dolce+%5Band%5D+gabbana\/abito+baby+a+righe\/\" target=\"_blank\">dresses<\/a> that reinterpret the sailor apparel in their colours and fantasies, let imagination flow toward amazing boat adventures.<a href=\"http:\/\/news.annameglio.com\/wp-content\/uploads\/2017\/03\/5.jpg\"><img loading=\"lazy\" class=\"aligncenter size-full wp-image-2368\" src=\"http:\/\/news.annameglio.com\/wp-content\/uploads\/2017\/03\/5.jpg\" alt=\"\" width=\"1110\" height=\"735\" srcset=\"http:\/\/news.annameglio.com\/wp-content\/uploads\/2017\/03\/5.jpg 1110w, http:\/\/news.annameglio.com\/wp-content\/uploads\/2017\/03\/5-300x199.jpg 300w, http:\/\/news.annameglio.com\/wp-content\/uploads\/2017\/03\/5-768x509.jpg 768w, http:\/\/news.annameglio.com\/wp-content\/uploads\/2017\/03\/5-1024x678.jpg 1024w\" sizes=\"(max-width: 1110px) 100vw, 1110px\" \/><\/a><\/p>\n<p>A perfect wardrobe with so much personality, ad hoc for mothers and daughters! Get inspired by your\u00a0mother\u2019s look and choose your coordinated outfit!<\/p>\n<p>At the next fashion news!<\/p>\n<p>The Anna Meglio team<\/p>","protected":false},"excerpt":{"rendered":"<p>Mini Me\u00a0by\u00a0Dolce &amp; Gabbana\u00a0is\u00a0a sophisticated\u00a0collection\u00a0of dresses and outfits for our\u00a0children born to create an exclusive look for the whole family, reflecting, in a tiny version, the look\u00a0of mothers\u00a0and fathers. In recent years\u00a0 the &#8220;mini me&#8221;\u00a0trend has infected all mothers, more than ever sensitive to child&#8230;<\/p>\n","protected":false},"author":1,"featured_media":2370,"comment_status":"open","ping_status":"open","sticky":false,"template":"","format":"standard","meta":[],"categories":[1],"tags":[238,260],"yoast_head":"<!-- This site is optimized with the Yoast SEO plugin v19.7.2 - https:\/\/yoast.com\/wordpress\/plugins\/seo\/ -->\n<title>(Italiano) Mini Me by Dolce &amp; Gabbana, Nuova Collezione Primavera Estate 2017<\/title>\n<meta name=\"description\" content=\"(Italiano) Mini Me by Dolce &amp; Gabbana, Nuova Collezione Primavera Estate 2017 vestirsi come i pi\u00f9 grandi non \u00e8 mai stato cos\u00ec divertente. Ultime novit\u00e0 annameglio.com\" \/>\n<meta name=\"robots\" content=\"index, follow, max-snippet:-1, max-image-preview:large, max-video-preview:-1\" \/>\n<link rel=\"canonical\" href=\"http:\/\/news.annameglio.com\/en\/mini-me-dolce-gabbana-primavera-estate-17\/\" \/>\n<meta property=\"og:locale\" content=\"en_US\" \/>\n<meta property=\"og:type\" content=\"article\" \/>\n<meta property=\"og:title\" content=\"(Italiano) Mini Me by Dolce &amp; Gabbana, Nuova Collezione Primavera Estate 2017\" \/>\n<meta property=\"og:description\" content=\"(Italiano) Mini Me by Dolce &amp; Gabbana, Nuova Collezione Primavera Estate 2017 vestirsi come i pi\u00f9 grandi non \u00e8 mai stato cos\u00ec divertente. Ultime novit\u00e0 annameglio.com\" \/>\n<meta property=\"og:url\" content=\"http:\/\/news.annameglio.com\/en\/mini-me-dolce-gabbana-primavera-estate-17\/\" \/>\n<meta property=\"og:site_name\" content=\"Annameglio | Blog\" \/>\n<meta property=\"article:publisher\" content=\"https:\/\/www.facebook.com\/ANNAMEGLIO.news\" \/>\n<meta property=\"article:published_time\" content=\"2017-03-07T12:17:36+00:00\" \/>\n<meta property=\"article:modified_time\" content=\"2017-03-07T12:18:34+00:00\" \/>\n<meta property=\"og:image\" content=\"http:\/\/news.annameglio.com\/wp-content\/uploads\/2017\/03\/1.jpg\" \/>\n\t<meta property=\"og:image:width\" content=\"1110\" \/>\n\t<meta property=\"og:image:height\" content=\"735\" \/>\n\t<meta property=\"og:image:type\" content=\"image\/jpeg\" \/>\n<meta name=\"author\" content=\"editorial-staff@annameglio\" \/>\n<meta name=\"twitter:card\" content=\"summary\" \/>\n<meta name=\"twitter:creator\" content=\"@annameglio_com\" \/>\n<meta name=\"twitter:site\" content=\"@annameglio_com\" \/>\n<meta name=\"twitter:label1\" content=\"Written by\" \/>\n\t<meta name=\"twitter:data1\" content=\"editorial-staff@annameglio\" \/>\n\t<meta name=\"twitter:label2\" content=\"Est. reading time\" \/>\n\t<meta name=\"twitter:data2\" content=\"4 minutes\" \/>\n<script type=\"application\/ld+json\" class=\"yoast-schema-graph\">{\"@context\":\"https:\/\/schema.org\",\"@graph\":[{\"@type\":\"WebPage\",\"@id\":\"http:\/\/news.annameglio.com\/en\/mini-me-dolce-gabbana-primavera-estate-17\/\",\"url\":\"http:\/\/news.annameglio.com\/en\/mini-me-dolce-gabbana-primavera-estate-17\/\",\"name\":\"(Italiano) Mini Me by Dolce & Gabbana, Nuova Collezione Primavera Estate 2017\",\"isPartOf\":{\"@id\":\"http:\/\/news.annameglio.com\/#website\"},\"datePublished\":\"2017-03-07T12:17:36+00:00\",\"dateModified\":\"2017-03-07T12:18:34+00:00\",\"author\":{\"@id\":\"http:\/\/news.annameglio.com\/#\/schema\/person\/d8ae57e0838f7bf7b3ee362d58823d7d\"},\"description\":\"(Italiano) Mini Me by Dolce & Gabbana, Nuova Collezione Primavera Estate 2017 vestirsi come i pi\u00f9 grandi non \u00e8 mai stato cos\u00ec divertente. Ultime novit\u00e0 annameglio.com\",\"breadcrumb\":{\"@id\":\"http:\/\/news.annameglio.com\/en\/mini-me-dolce-gabbana-primavera-estate-17\/#breadcrumb\"},\"inLanguage\":\"en-US\",\"potentialAction\":[{\"@type\":\"ReadAction\",\"target\":[\"http:\/\/news.annameglio.com\/en\/mini-me-dolce-gabbana-primavera-estate-17\/\"]}]},{\"@type\":\"BreadcrumbList\",\"@id\":\"http:\/\/news.annameglio.com\/en\/mini-me-dolce-gabbana-primavera-estate-17\/#breadcrumb\",\"itemListElement\":[{\"@type\":\"ListItem\",\"position\":1,\"name\":\"Home\",\"item\":\"http:\/\/news.annameglio.com\/\"},{\"@type\":\"ListItem\",\"position\":2,\"name\":\"Mini Me by Dolce &#038; Gabbana: DRESSING LIKE OUR PARENTS HAS NEVER BEEN SO MUCH FUN!\"}]},{\"@type\":\"WebSite\",\"@id\":\"http:\/\/news.annameglio.com\/#website\",\"url\":\"http:\/\/news.annameglio.com\/\",\"name\":\"Annameglio | Blog\",\"description\":\"\",\"potentialAction\":[{\"@type\":\"SearchAction\",\"target\":{\"@type\":\"EntryPoint\",\"urlTemplate\":\"http:\/\/news.annameglio.com\/?s={search_term_string}\"},\"query-input\":\"required name=search_term_string\"}],\"inLanguage\":\"en-US\"},{\"@type\":\"Person\",\"@id\":\"http:\/\/news.annameglio.com\/#\/schema\/person\/d8ae57e0838f7bf7b3ee362d58823d7d\",\"name\":\"editorial-staff@annameglio\",\"image\":{\"@type\":\"ImageObject\",\"inLanguage\":\"en-US\",\"@id\":\"http:\/\/news.annameglio.com\/#\/schema\/person\/image\/\",\"url\":\"http:\/\/0.gravatar.com\/avatar\/335f0a7fe767fb57e6045ac1fc00ed81?s=96&d=mm&r=g\",\"contentUrl\":\"http:\/\/0.gravatar.com\/avatar\/335f0a7fe767fb57e6045ac1fc00ed81?s=96&d=mm&r=g\",\"caption\":\"editorial-staff@annameglio\"},\"sameAs\":[\"http:\/\/annameglio.com\"],\"url\":\"http:\/\/news.annameglio.com\/en\/author\/adminannameglio\/\"}]}<\/script>\n<!-- \/ Yoast SEO plugin. -->","yoast_head_json":{"title":"(Italiano) Mini Me by Dolce & Gabbana, Nuova Collezione Primavera Estate 2017","description":"(Italiano) Mini Me by Dolce & Gabbana, Nuova Collezione Primavera Estate 2017 vestirsi come i pi\u00f9 grandi non \u00e8 mai stato cos\u00ec divertente. Ultime novit\u00e0 annameglio.com","robots":{"index":"index","follow":"follow","max-snippet":"max-snippet:-1","max-image-preview":"max-image-preview:large","max-video-preview":"max-video-preview:-1"},"canonical":"http:\/\/news.annameglio.com\/en\/mini-me-dolce-gabbana-primavera-estate-17\/","og_locale":"en_US","og_type":"article","og_title":"(Italiano) Mini Me by Dolce & Gabbana, Nuova Collezione Primavera Estate 2017","og_description":"(Italiano) Mini Me by Dolce & Gabbana, Nuova Collezione Primavera Estate 2017 vestirsi come i pi\u00f9 grandi non \u00e8 mai stato cos\u00ec divertente. Ultime novit\u00e0 annameglio.com","og_url":"http:\/\/news.annameglio.com\/en\/mini-me-dolce-gabbana-primavera-estate-17\/","og_site_name":"Annameglio | Blog","article_publisher":"https:\/\/www.facebook.com\/ANNAMEGLIO.news","article_published_time":"2017-03-07T12:17:36+00:00","article_modified_time":"2017-03-07T12:18:34+00:00","og_image":[{"width":1110,"height":735,"url":"http:\/\/news.annameglio.com\/wp-content\/uploads\/2017\/03\/1.jpg","type":"image\/jpeg"}],"author":"editorial-staff@annameglio","twitter_card":"summary","twitter_creator":"@annameglio_com","twitter_site":"@annameglio_com","twitter_misc":{"Written by":"editorial-staff@annameglio","Est. reading time":"4 minutes"},"schema":{"@context":"https:\/\/schema.org","@graph":[{"@type":"WebPage","@id":"http:\/\/news.annameglio.com\/en\/mini-me-dolce-gabbana-primavera-estate-17\/","url":"http:\/\/news.annameglio.com\/en\/mini-me-dolce-gabbana-primavera-estate-17\/","name":"(Italiano) Mini Me by Dolce & Gabbana, Nuova Collezione Primavera Estate 2017","isPartOf":{"@id":"http:\/\/news.annameglio.com\/#website"},"datePublished":"2017-03-07T12:17:36+00:00","dateModified":"2017-03-07T12:18:34+00:00","author":{"@id":"http:\/\/news.annameglio.com\/#\/schema\/person\/d8ae57e0838f7bf7b3ee362d58823d7d"},"description":"(Italiano) Mini Me by Dolce & Gabbana, Nuova Collezione Primavera Estate 2017 vestirsi come i pi\u00f9 grandi non \u00e8 mai stato cos\u00ec divertente. Ultime novit\u00e0 annameglio.com","breadcrumb":{"@id":"http:\/\/news.annameglio.com\/en\/mini-me-dolce-gabbana-primavera-estate-17\/#breadcrumb"},"inLanguage":"en-US","potentialAction":[{"@type":"ReadAction","target":["http:\/\/news.annameglio.com\/en\/mini-me-dolce-gabbana-primavera-estate-17\/"]}]},{"@type":"BreadcrumbList","@id":"http:\/\/news.annameglio.com\/en\/mini-me-dolce-gabbana-primavera-estate-17\/#breadcrumb","itemListElement":[{"@type":"ListItem","position":1,"name":"Home","item":"http:\/\/news.annameglio.com\/"},{"@type":"ListItem","position":2,"name":"Mini Me by Dolce &#038; Gabbana: DRESSING LIKE OUR PARENTS HAS NEVER BEEN SO MUCH FUN!"}]},{"@type":"WebSite","@id":"http:\/\/news.annameglio.com\/#website","url":"http:\/\/news.annameglio.com\/","name":"Annameglio | Blog","description":"","potentialAction":[{"@type":"SearchAction","target":{"@type":"EntryPoint","urlTemplate":"http:\/\/news.annameglio.com\/?s={search_term_string}"},"query-input":"required name=search_term_string"}],"inLanguage":"en-US"},{"@type":"Person","@id":"http:\/\/news.annameglio.com\/#\/schema\/person\/d8ae57e0838f7bf7b3ee362d58823d7d","name":"editorial-staff@annameglio","image":{"@type":"ImageObject","inLanguage":"en-US","@id":"http:\/\/news.annameglio.com\/#\/schema\/person\/image\/","url":"http:\/\/0.gravatar.com\/avatar\/335f0a7fe767fb57e6045ac1fc00ed81?s=96&d=mm&r=g","contentUrl":"http:\/\/0.gravatar.com\/avatar\/335f0a7fe767fb57e6045ac1fc00ed81?s=96&d=mm&r=g","caption":"editorial-staff@annameglio"},"sameAs":["http:\/\/annameglio.com"],"url":"http:\/\/news.annameglio.com\/en\/author\/adminannameglio\/"}]}},"amp_enabled":false,"_links":{"self":[{"href":"http:\/\/news.annameglio.com\/en\/wp-json\/wp\/v2\/posts\/2360"}],"collection":[{"href":"http:\/\/news.annameglio.com\/en\/wp-json\/wp\/v2\/posts"}],"about":[{"href":"http:\/\/news.annameglio.com\/en\/wp-json\/wp\/v2\/types\/post"}],"author":[{"embeddable":true,"href":"http:\/\/news.annameglio.com\/en\/wp-json\/wp\/v2\/users\/1"}],"replies":[{"embeddable":true,"href":"http:\/\/news.annameglio.com\/en\/wp-json\/wp\/v2\/comments?post=2360"}],"version-history":[{"count":14,"href":"http:\/\/news.annameglio.com\/en\/wp-json\/wp\/v2\/posts\/2360\/revisions"}],"predecessor-version":[{"id":2384,"href":"http:\/\/news.annameglio.com\/en\/wp-json\/wp\/v2\/posts\/2360\/revisions\/2384"}],"wp:featuredmedia":[{"embeddable":true,"href":"http:\/\/news.annameglio.com\/en\/wp-json\/wp\/v2\/media\/2370"}],"wp:attachment":[{"href":"http:\/\/news.annameglio.com\/en\/wp-json\/wp\/v2\/media?parent=2360"}],"wp:term":[{"taxonomy":"category","embeddable":true,"href":"http:\/\/news.annameglio.com\/en\/wp-json\/wp\/v2\/categories?post=2360"},{"taxonomy":"post_tag","embeddable":true,"href":"http:\/\/news.annameglio.com\/en\/wp-json\/wp\/v2\/tags?post=2360"}],"curies":[{"name":"wp","href":"https:\/\/api.w.org\/{rel}","templated":true}]}}