{"id":231,"date":"2014-03-23T10:23:49","date_gmt":"2014-03-23T10:23:49","guid":{"rendered":"http:\/\/news.annameglio.com\/?p=231"},"modified":"2015-03-25T10:08:13","modified_gmt":"2015-03-25T10:08:13","slug":"abiti-mimisol-tra-arte-e-moda","status":"publish","type":"post","link":"http:\/\/news.annameglio.com\/en\/abiti-mimisol-tra-arte-e-moda\/","title":{"rendered":"Abiti Mimisol: tra arte e moda"},"content":{"rendered":"<p>Qual \u00e8 il legame tra moda e arte? Osservando il mondo della moda bimba non possono che venirci in mente gli abiti Mimisol di Imelde Bronzieri e affrontare questo\u00a0argomento scottante e dibattuto da anni. I due mondi, arte e moda, sono in costante comunicazione, si influenzano vicendevolmente e traggono ispirazione l\u2019un l\u2019altro. Tanto che molti fashion designer sono collezionisti d\u2019arte, cos\u00ec come molte case di moda invitano artisti a creare delle capsule speciali.<\/p>\n<p><a href=\"http:\/\/news.annameglio.com\/wp-content\/uploads\/2014\/03\/Mimisol-abiti1.jpg\"><img loading=\"lazy\" class=\"aligncenter size-full wp-image-239\" alt=\"Mimisol-abiti\" src=\"http:\/\/news.annameglio.com\/wp-content\/uploads\/2014\/03\/Mimisol-abiti1.jpg\" width=\"420\" height=\"280\" \/><\/a><\/p>\n<p>Per la prossima stagione Primavera Estate 2014 il campo \u00e8 aperto alla discussione. \u00a0Le collezioni Mimisol 2014, create con la collaborazione delle realt\u00e0 artigianali pi\u00f9 importanti d\u2019Italia, sono caratterizzate da stampe esclusive che spaziano dai bianchi ai fiori, da romantici fiocchi fino alle esotiche stampe Masai. La scelta dei colori, delle combinazioni, dei motivi \u00e8 ampia e spazia da disegni realistici a stampe astratte. Vestiti esclusivi che rispettano le personalit\u00e0 individuali delle bambine e i loro bisogni senza abdicare alla qualit\u00e0 di un prodotto 100% Made in Italy.<\/p>\n<p>Ma ricordate mamme: un abito Mimisol ha bisogno di essere abbinato con delle scarpe che ne siano all\u2019altezza. \u00a0Lo staff di Anna Meglio, grazie all&#8217;esperienza maturata in 50 anni di amorevole cura nel vestire i bambini da 0 a 16 anni,\u00a0 \u00e8 a vostra disposizione per guidarvi nella scelta dell\u2019abbinamento pi\u00f9 glamour.<\/p>\n<p>Scopri le collezioni Mimisol Primavera Estate 2014 su shop.annameglio.com<\/p>\n<p><strong>Mimisol dresses:\u00a0between art and fashion<\/strong><\/p>\n<p>What is the link between fashion and art?\u00a0Looking at the world of fashion child come to mind Mimisol dresses by Imelde Bronzieri and deal with this \u00a0topic debated for years. The two worlds, art and fashion, are constantly interactiong, exchanging influences and inspirations. It is true that many fashion designers are also art collectors. And that many fashion houses invite artists to create special collections.<\/p>\n<p>Concerning season Spring Summer 2014 camp is open to discussion. Mimisol 2014 collections created in collaboration with the most important Italian artisans, are characterized by exclusive prints that range from white to flowers, from \u00a0romantic bows to exotic Masai prints. The choice of colors, colors combinations, motifs and even artistic genres is unlimited. Exclusive clothes that meet the individual personalities of the girls and their needs without renouncing to the quality of a product 100% Made in Italy.<\/p>\n<p>But remember moms: Mimisol dress needs to be paired with shoes that are up to. The staff of Anna Meglio, thanks to the experience gained in 50 years of loving care in dressing children from 0 to 16 years, is at your disposal to guide you in choosing the most glamorous pairing.<\/p>\n<p>Shop Mimisol Spring Summer 2014 collection on shop.annameglio.com<\/p>\n","protected":false},"excerpt":{"rendered":"<p>Qual \u00e8 il legame tra moda e arte? Osservando il mondo della moda bimba non possono che venirci in mente gli abiti Mimisol di Imelde Bronzieri e affrontare questo\u00a0argomento scottante e dibattuto da anni. I due mondi, arte e moda, sono in costante comunicazione, si&#8230;<\/p>\n","protected":false},"author":1,"featured_media":0,"comment_status":"open","ping_status":"open","sticky":false,"template":"","format":"standard","meta":[],"categories":[1],"tags":[3,209,215],"yoast_head":"<!-- This site is optimized with the Yoast SEO plugin v19.7.2 - https:\/\/yoast.com\/wordpress\/plugins\/seo\/ -->\n<title>Abiti Mimisol: tra arte e moda - Annameglio | Blog<\/title>\n<meta name=\"robots\" content=\"index, follow, max-snippet:-1, max-image-preview:large, max-video-preview:-1\" \/>\n<link rel=\"canonical\" href=\"http:\/\/news.annameglio.com\/en\/abiti-mimisol-tra-arte-e-moda\/\" \/>\n<meta property=\"og:locale\" content=\"en_US\" \/>\n<meta property=\"og:type\" content=\"article\" \/>\n<meta property=\"og:title\" content=\"Abiti Mimisol: tra arte e moda - Annameglio | Blog\" \/>\n<meta property=\"og:description\" content=\"Qual \u00e8 il legame tra moda e arte? Osservando il mondo della moda bimba non possono che venirci in mente gli abiti Mimisol di Imelde Bronzieri e affrontare questo\u00a0argomento scottante e dibattuto da anni. I due mondi, arte e moda, sono in costante comunicazione, si...\" \/>\n<meta property=\"og:url\" content=\"http:\/\/news.annameglio.com\/en\/abiti-mimisol-tra-arte-e-moda\/\" \/>\n<meta property=\"og:site_name\" content=\"Annameglio | Blog\" \/>\n<meta property=\"article:publisher\" content=\"https:\/\/www.facebook.com\/ANNAMEGLIO.news\" \/>\n<meta property=\"article:published_time\" content=\"2014-03-23T10:23:49+00:00\" \/>\n<meta property=\"article:modified_time\" content=\"2015-03-25T10:08:13+00:00\" \/>\n<meta property=\"og:image\" content=\"http:\/\/news.annameglio.com\/wp-content\/uploads\/2014\/03\/Mimisol-abiti1.jpg\" \/>\n<meta name=\"author\" content=\"editorial-staff@annameglio\" \/>\n<meta name=\"twitter:card\" content=\"summary\" \/>\n<meta name=\"twitter:creator\" content=\"@annameglio_com\" \/>\n<meta name=\"twitter:site\" content=\"@annameglio_com\" \/>\n<meta name=\"twitter:label1\" content=\"Written by\" \/>\n\t<meta name=\"twitter:data1\" content=\"editorial-staff@annameglio\" \/>\n\t<meta name=\"twitter:label2\" content=\"Est. reading time\" \/>\n\t<meta name=\"twitter:data2\" content=\"2 minutes\" \/>\n<script type=\"application\/ld+json\" class=\"yoast-schema-graph\">{\"@context\":\"https:\/\/schema.org\",\"@graph\":[{\"@type\":\"WebPage\",\"@id\":\"http:\/\/news.annameglio.com\/en\/abiti-mimisol-tra-arte-e-moda\/\",\"url\":\"http:\/\/news.annameglio.com\/en\/abiti-mimisol-tra-arte-e-moda\/\",\"name\":\"Abiti Mimisol: tra arte e moda - Annameglio | Blog\",\"isPartOf\":{\"@id\":\"http:\/\/news.annameglio.com\/#website\"},\"datePublished\":\"2014-03-23T10:23:49+00:00\",\"dateModified\":\"2015-03-25T10:08:13+00:00\",\"author\":{\"@id\":\"http:\/\/news.annameglio.com\/#\/schema\/person\/d8ae57e0838f7bf7b3ee362d58823d7d\"},\"breadcrumb\":{\"@id\":\"http:\/\/news.annameglio.com\/en\/abiti-mimisol-tra-arte-e-moda\/#breadcrumb\"},\"inLanguage\":\"en-US\",\"potentialAction\":[{\"@type\":\"ReadAction\",\"target\":[\"http:\/\/news.annameglio.com\/en\/abiti-mimisol-tra-arte-e-moda\/\"]}]},{\"@type\":\"BreadcrumbList\",\"@id\":\"http:\/\/news.annameglio.com\/en\/abiti-mimisol-tra-arte-e-moda\/#breadcrumb\",\"itemListElement\":[{\"@type\":\"ListItem\",\"position\":1,\"name\":\"Home\",\"item\":\"http:\/\/news.annameglio.com\/\"},{\"@type\":\"ListItem\",\"position\":2,\"name\":\"Abiti Mimisol: tra arte e moda\"}]},{\"@type\":\"WebSite\",\"@id\":\"http:\/\/news.annameglio.com\/#website\",\"url\":\"http:\/\/news.annameglio.com\/\",\"name\":\"Annameglio | Blog\",\"description\":\"\",\"potentialAction\":[{\"@type\":\"SearchAction\",\"target\":{\"@type\":\"EntryPoint\",\"urlTemplate\":\"http:\/\/news.annameglio.com\/?s={search_term_string}\"},\"query-input\":\"required name=search_term_string\"}],\"inLanguage\":\"en-US\"},{\"@type\":\"Person\",\"@id\":\"http:\/\/news.annameglio.com\/#\/schema\/person\/d8ae57e0838f7bf7b3ee362d58823d7d\",\"name\":\"editorial-staff@annameglio\",\"image\":{\"@type\":\"ImageObject\",\"inLanguage\":\"en-US\",\"@id\":\"http:\/\/news.annameglio.com\/#\/schema\/person\/image\/\",\"url\":\"http:\/\/0.gravatar.com\/avatar\/335f0a7fe767fb57e6045ac1fc00ed81?s=96&d=mm&r=g\",\"contentUrl\":\"http:\/\/0.gravatar.com\/avatar\/335f0a7fe767fb57e6045ac1fc00ed81?s=96&d=mm&r=g\",\"caption\":\"editorial-staff@annameglio\"},\"sameAs\":[\"http:\/\/annameglio.com\"],\"url\":\"http:\/\/news.annameglio.com\/en\/author\/adminannameglio\/\"}]}<\/script>\n<!-- \/ Yoast SEO plugin. -->","yoast_head_json":{"title":"Abiti Mimisol: tra arte e moda - Annameglio | Blog","robots":{"index":"index","follow":"follow","max-snippet":"max-snippet:-1","max-image-preview":"max-image-preview:large","max-video-preview":"max-video-preview:-1"},"canonical":"http:\/\/news.annameglio.com\/en\/abiti-mimisol-tra-arte-e-moda\/","og_locale":"en_US","og_type":"article","og_title":"Abiti Mimisol: tra arte e moda - Annameglio | Blog","og_description":"Qual \u00e8 il legame tra moda e arte? Osservando il mondo della moda bimba non possono che venirci in mente gli abiti Mimisol di Imelde Bronzieri e affrontare questo\u00a0argomento scottante e dibattuto da anni. I due mondi, arte e moda, sono in costante comunicazione, si...","og_url":"http:\/\/news.annameglio.com\/en\/abiti-mimisol-tra-arte-e-moda\/","og_site_name":"Annameglio | Blog","article_publisher":"https:\/\/www.facebook.com\/ANNAMEGLIO.news","article_published_time":"2014-03-23T10:23:49+00:00","article_modified_time":"2015-03-25T10:08:13+00:00","og_image":[{"url":"http:\/\/news.annameglio.com\/wp-content\/uploads\/2014\/03\/Mimisol-abiti1.jpg"}],"author":"editorial-staff@annameglio","twitter_card":"summary","twitter_creator":"@annameglio_com","twitter_site":"@annameglio_com","twitter_misc":{"Written by":"editorial-staff@annameglio","Est. reading time":"2 minutes"},"schema":{"@context":"https:\/\/schema.org","@graph":[{"@type":"WebPage","@id":"http:\/\/news.annameglio.com\/en\/abiti-mimisol-tra-arte-e-moda\/","url":"http:\/\/news.annameglio.com\/en\/abiti-mimisol-tra-arte-e-moda\/","name":"Abiti Mimisol: tra arte e moda - Annameglio | Blog","isPartOf":{"@id":"http:\/\/news.annameglio.com\/#website"},"datePublished":"2014-03-23T10:23:49+00:00","dateModified":"2015-03-25T10:08:13+00:00","author":{"@id":"http:\/\/news.annameglio.com\/#\/schema\/person\/d8ae57e0838f7bf7b3ee362d58823d7d"},"breadcrumb":{"@id":"http:\/\/news.annameglio.com\/en\/abiti-mimisol-tra-arte-e-moda\/#breadcrumb"},"inLanguage":"en-US","potentialAction":[{"@type":"ReadAction","target":["http:\/\/news.annameglio.com\/en\/abiti-mimisol-tra-arte-e-moda\/"]}]},{"@type":"BreadcrumbList","@id":"http:\/\/news.annameglio.com\/en\/abiti-mimisol-tra-arte-e-moda\/#breadcrumb","itemListElement":[{"@type":"ListItem","position":1,"name":"Home","item":"http:\/\/news.annameglio.com\/"},{"@type":"ListItem","position":2,"name":"Abiti Mimisol: tra arte e moda"}]},{"@type":"WebSite","@id":"http:\/\/news.annameglio.com\/#website","url":"http:\/\/news.annameglio.com\/","name":"Annameglio | Blog","description":"","potentialAction":[{"@type":"SearchAction","target":{"@type":"EntryPoint","urlTemplate":"http:\/\/news.annameglio.com\/?s={search_term_string}"},"query-input":"required name=search_term_string"}],"inLanguage":"en-US"},{"@type":"Person","@id":"http:\/\/news.annameglio.com\/#\/schema\/person\/d8ae57e0838f7bf7b3ee362d58823d7d","name":"editorial-staff@annameglio","image":{"@type":"ImageObject","inLanguage":"en-US","@id":"http:\/\/news.annameglio.com\/#\/schema\/person\/image\/","url":"http:\/\/0.gravatar.com\/avatar\/335f0a7fe767fb57e6045ac1fc00ed81?s=96&d=mm&r=g","contentUrl":"http:\/\/0.gravatar.com\/avatar\/335f0a7fe767fb57e6045ac1fc00ed81?s=96&d=mm&r=g","caption":"editorial-staff@annameglio"},"sameAs":["http:\/\/annameglio.com"],"url":"http:\/\/news.annameglio.com\/en\/author\/adminannameglio\/"}]}},"amp_enabled":false,"_links":{"self":[{"href":"http:\/\/news.annameglio.com\/en\/wp-json\/wp\/v2\/posts\/231"}],"collection":[{"href":"http:\/\/news.annameglio.com\/en\/wp-json\/wp\/v2\/posts"}],"about":[{"href":"http:\/\/news.annameglio.com\/en\/wp-json\/wp\/v2\/types\/post"}],"author":[{"embeddable":true,"href":"http:\/\/news.annameglio.com\/en\/wp-json\/wp\/v2\/users\/1"}],"replies":[{"embeddable":true,"href":"http:\/\/news.annameglio.com\/en\/wp-json\/wp\/v2\/comments?post=231"}],"version-history":[{"count":8,"href":"http:\/\/news.annameglio.com\/en\/wp-json\/wp\/v2\/posts\/231\/revisions"}],"predecessor-version":[{"id":616,"href":"http:\/\/news.annameglio.com\/en\/wp-json\/wp\/v2\/posts\/231\/revisions\/616"}],"wp:attachment":[{"href":"http:\/\/news.annameglio.com\/en\/wp-json\/wp\/v2\/media?parent=231"}],"wp:term":[{"taxonomy":"category","embeddable":true,"href":"http:\/\/news.annameglio.com\/en\/wp-json\/wp\/v2\/categories?post=231"},{"taxonomy":"post_tag","embeddable":true,"href":"http:\/\/news.annameglio.com\/en\/wp-json\/wp\/v2\/tags?post=231"}],"curies":[{"name":"wp","href":"https:\/\/api.w.org\/{rel}","templated":true}]}}