{"id":217,"date":"2014-01-23T10:13:25","date_gmt":"2014-01-23T10:13:25","guid":{"rendered":"http:\/\/news.annameglio.com\/?p=217"},"modified":"2015-03-25T10:11:20","modified_gmt":"2015-03-25T10:11:20","slug":"hogan-rebel-shop-online-la-collezione-primavera-estate-2014","status":"publish","type":"post","link":"http:\/\/news.annameglio.com\/en\/hogan-rebel-shop-online-la-collezione-primavera-estate-2014\/","title":{"rendered":"Hogan Rebel shop online la collezione Primavera Estate 2014"},"content":{"rendered":"<p>La nuova collezione tanto attesa di Hogan Rebel bambina primavera estate 2014 \u00e8 arrivata. Vi presentiamo nel dettaglio 2 dei nuovi modelli proposti all\u2019interno del nostro shop per la prossima stagione.<\/p>\n<p>Hogan Rebel \u00e8 la linea streetwear e sbarazzina del marchio Hogan, una freschezza rintracciabile gi\u00e0 nel primo modello: le high top sneaker fuxia. Una scarpa in su\u00e8de con inserti in paillettes, H laterale e dettagli in vernice, per donare un tocco glam al proprio look (disponibile in taglie dal 28 al 35).<\/p>\n<p><a href=\"http:\/\/news.annameglio.com\/wp-content\/uploads\/2014\/01\/Hogan-Rebel-fuxia-pe-2014.jpg\"><img loading=\"lazy\" class=\"aligncenter size-full wp-image-218\" alt=\"Hogan-Rebel-fuxia-pe-2014\" src=\"http:\/\/news.annameglio.com\/wp-content\/uploads\/2014\/01\/Hogan-Rebel-fuxia-pe-2014.jpg\" width=\"420\" height=\"280\" \/><\/a><\/p>\n<p>Altrettanto trendy ma dai toni meno accesi \u00e8 il secondo modello: total beige con finiture in cui si mescolano diversi materiali: la pelle liscia lucida in punta, la pelle scamosciata e le pailletes laterali (disponibile nelle taglie da 36 a 40).<\/p>\n<p><a href=\"http:\/\/news.annameglio.com\/wp-content\/uploads\/2014\/01\/Hogan-rebel-bege-PE-2014.jpg\"><img loading=\"lazy\" class=\"aligncenter size-full wp-image-219\" alt=\"Hogan-rebel-bege-PE-2014\" src=\"http:\/\/news.annameglio.com\/wp-content\/uploads\/2014\/01\/Hogan-rebel-bege-PE-2014.jpg\" width=\"420\" height=\"280\" \/><\/a><\/p>\n<p>Le calzature della nuova collezione Hogan Rebel per la primavera estate 2014 sono pensate per un uso prolungato, i materiali sono di ottima qualit\u00e0 e possono essere indossate in tanti contesti differenti. Sono perfette per la scuola e ideali per il tempo libero e per gli spostamenti a piedi. Sono calzature molto versatili anche negli abbinamenti che possono essere indossante con un paio di jeans e un maglione, ma anche con dei pantaloni skinny.<\/p>\n<p>Acquista la collezione Hogan Rebel \u00a0su <a title=\"Hogan Brand page\" href=\"http:\/\/shop.annameglio.com\/brand\/hogan\/\" target=\"_blank\">shop.annameglio.com<\/a><\/p>\n<p><strong>Hogan Rebel shop online Spring Summer 2014 collection<\/strong><\/p>\n<p>The long-awaited new collection of Hogan Rebel for girl Spring Summer 2014 collection is here. We present two of the new models proposed in our shop for next season .<\/p>\n<p>Hogan Rebel is the streetwear side of Hogan, a freshness detectable as early as the first model, the high top sneaker fuchsia. Shoes with suede inserts, sequins, H side and patent leather details, to give a touch of glamour to your look (available in sizes 28-35 ) .<\/p>\n<p><a href=\"http:\/\/news.annameglio.com\/wp-content\/uploads\/2014\/01\/Hogan-Rebel-fuxia-pe-2014.jpg\"><img loading=\"lazy\" class=\"aligncenter size-full wp-image-218\" alt=\"Hogan-Rebel-fuxia-pe-2014\" src=\"http:\/\/news.annameglio.com\/wp-content\/uploads\/2014\/01\/Hogan-Rebel-fuxia-pe-2014.jpg\" width=\"420\" height=\"280\" \/><\/a><\/p>\n<p>Equally trendy it is the second model : total beige finish which combines different materials like smooth skin shiny toe , suede and sequins side ( available in sizes 36 to 40).<\/p>\n<p><a href=\"http:\/\/news.annameglio.com\/wp-content\/uploads\/2014\/01\/Hogan-rebel-bege-PE-2014.jpg\"><img loading=\"lazy\" class=\"aligncenter size-full wp-image-219\" alt=\"Hogan-rebel-bege-PE-2014\" src=\"http:\/\/news.annameglio.com\/wp-content\/uploads\/2014\/01\/Hogan-rebel-bege-PE-2014.jpg\" width=\"420\" height=\"280\" \/><\/a><\/p>\n<p>The new collection Hogan Rebel \u00a0Spring Summer 2014 is designed for extended use, the materials are of excellent quality and can be worn in several occasions. These shoes are perfect for school and are ideal for leisure and for walking. These shoes are very versatile, even in combinations that may be donning a pair of jeans and a sweater, but also with skinny pants .<\/p>\n<p>Buy the collection on <a title=\"Hogan Rebel brand page\" href=\"http:\/\/en-shop.annameglio.com\/brand\/hogan-en\/\" target=\"_blank\">shop.annameglio.com<\/a><\/p>\n","protected":false},"excerpt":{"rendered":"<p>La nuova collezione tanto attesa di Hogan Rebel bambina primavera estate 2014 \u00e8 arrivata. Vi presentiamo nel dettaglio 2 dei nuovi modelli proposti all\u2019interno del nostro shop per la prossima stagione. Hogan Rebel \u00e8 la linea streetwear e sbarazzina del marchio Hogan, una freschezza rintracciabile&#8230;<\/p>\n","protected":false},"author":1,"featured_media":0,"comment_status":"open","ping_status":"open","sticky":false,"template":"","format":"standard","meta":[],"categories":[1],"tags":[107,35],"yoast_head":"<!-- This site is optimized with the Yoast SEO plugin v19.7.2 - https:\/\/yoast.com\/wordpress\/plugins\/seo\/ -->\n<title>Hogan Rebel shop online la collezione Primavera Estate 2014 - Annameglio | Blog<\/title>\n<meta name=\"robots\" content=\"index, follow, max-snippet:-1, max-image-preview:large, max-video-preview:-1\" \/>\n<link rel=\"canonical\" href=\"http:\/\/news.annameglio.com\/hogan-rebel-shop-online-la-collezione-primavera-estate-2014\/\" \/>\n<meta property=\"og:locale\" content=\"en_US\" \/>\n<meta property=\"og:type\" content=\"article\" \/>\n<meta property=\"og:title\" content=\"Hogan Rebel shop online la collezione Primavera Estate 2014 - Annameglio | Blog\" \/>\n<meta property=\"og:description\" content=\"La nuova collezione tanto attesa di Hogan Rebel bambina primavera estate 2014 \u00e8 arrivata. Vi presentiamo nel dettaglio 2 dei nuovi modelli proposti all\u2019interno del nostro shop per la prossima stagione. Hogan Rebel \u00e8 la linea streetwear e sbarazzina del marchio Hogan, una freschezza rintracciabile...\" \/>\n<meta property=\"og:url\" content=\"http:\/\/news.annameglio.com\/hogan-rebel-shop-online-la-collezione-primavera-estate-2014\/\" \/>\n<meta property=\"og:site_name\" content=\"Annameglio | Blog\" \/>\n<meta property=\"article:publisher\" content=\"https:\/\/www.facebook.com\/ANNAMEGLIO.news\" \/>\n<meta property=\"article:published_time\" content=\"2014-01-23T10:13:25+00:00\" \/>\n<meta property=\"article:modified_time\" content=\"2015-03-25T10:11:20+00:00\" \/>\n<meta property=\"og:image\" content=\"http:\/\/news.annameglio.com\/wp-content\/uploads\/2014\/01\/Hogan-Rebel-fuxia-pe-2014.jpg\" \/>\n<meta name=\"author\" content=\"editorial-staff@annameglio\" \/>\n<meta name=\"twitter:card\" content=\"summary\" \/>\n<meta name=\"twitter:creator\" content=\"@annameglio_com\" \/>\n<meta name=\"twitter:site\" content=\"@annameglio_com\" \/>\n<meta name=\"twitter:label1\" content=\"Written by\" \/>\n\t<meta name=\"twitter:data1\" content=\"editorial-staff@annameglio\" \/>\n\t<meta name=\"twitter:label2\" content=\"Est. reading time\" \/>\n\t<meta name=\"twitter:data2\" content=\"2 minutes\" \/>\n<script type=\"application\/ld+json\" class=\"yoast-schema-graph\">{\"@context\":\"https:\/\/schema.org\",\"@graph\":[{\"@type\":\"WebPage\",\"@id\":\"http:\/\/news.annameglio.com\/hogan-rebel-shop-online-la-collezione-primavera-estate-2014\/\",\"url\":\"http:\/\/news.annameglio.com\/hogan-rebel-shop-online-la-collezione-primavera-estate-2014\/\",\"name\":\"Hogan Rebel shop online la collezione Primavera Estate 2014 - Annameglio | Blog\",\"isPartOf\":{\"@id\":\"http:\/\/news.annameglio.com\/#website\"},\"datePublished\":\"2014-01-23T10:13:25+00:00\",\"dateModified\":\"2015-03-25T10:11:20+00:00\",\"author\":{\"@id\":\"http:\/\/news.annameglio.com\/#\/schema\/person\/d8ae57e0838f7bf7b3ee362d58823d7d\"},\"breadcrumb\":{\"@id\":\"http:\/\/news.annameglio.com\/hogan-rebel-shop-online-la-collezione-primavera-estate-2014\/#breadcrumb\"},\"inLanguage\":\"en-US\",\"potentialAction\":[{\"@type\":\"ReadAction\",\"target\":[\"http:\/\/news.annameglio.com\/hogan-rebel-shop-online-la-collezione-primavera-estate-2014\/\"]}]},{\"@type\":\"BreadcrumbList\",\"@id\":\"http:\/\/news.annameglio.com\/hogan-rebel-shop-online-la-collezione-primavera-estate-2014\/#breadcrumb\",\"itemListElement\":[{\"@type\":\"ListItem\",\"position\":1,\"name\":\"Home\",\"item\":\"http:\/\/news.annameglio.com\/\"},{\"@type\":\"ListItem\",\"position\":2,\"name\":\"Hogan Rebel shop online la collezione Primavera Estate 2014\"}]},{\"@type\":\"WebSite\",\"@id\":\"http:\/\/news.annameglio.com\/#website\",\"url\":\"http:\/\/news.annameglio.com\/\",\"name\":\"Annameglio | Blog\",\"description\":\"\",\"potentialAction\":[{\"@type\":\"SearchAction\",\"target\":{\"@type\":\"EntryPoint\",\"urlTemplate\":\"http:\/\/news.annameglio.com\/?s={search_term_string}\"},\"query-input\":\"required name=search_term_string\"}],\"inLanguage\":\"en-US\"},{\"@type\":\"Person\",\"@id\":\"http:\/\/news.annameglio.com\/#\/schema\/person\/d8ae57e0838f7bf7b3ee362d58823d7d\",\"name\":\"editorial-staff@annameglio\",\"image\":{\"@type\":\"ImageObject\",\"inLanguage\":\"en-US\",\"@id\":\"http:\/\/news.annameglio.com\/#\/schema\/person\/image\/\",\"url\":\"http:\/\/0.gravatar.com\/avatar\/335f0a7fe767fb57e6045ac1fc00ed81?s=96&d=mm&r=g\",\"contentUrl\":\"http:\/\/0.gravatar.com\/avatar\/335f0a7fe767fb57e6045ac1fc00ed81?s=96&d=mm&r=g\",\"caption\":\"editorial-staff@annameglio\"},\"sameAs\":[\"http:\/\/annameglio.com\"],\"url\":\"http:\/\/news.annameglio.com\/en\/author\/adminannameglio\/\"}]}<\/script>\n<!-- \/ Yoast SEO plugin. -->","yoast_head_json":{"title":"Hogan Rebel shop online la collezione Primavera Estate 2014 - Annameglio | Blog","robots":{"index":"index","follow":"follow","max-snippet":"max-snippet:-1","max-image-preview":"max-image-preview:large","max-video-preview":"max-video-preview:-1"},"canonical":"http:\/\/news.annameglio.com\/hogan-rebel-shop-online-la-collezione-primavera-estate-2014\/","og_locale":"en_US","og_type":"article","og_title":"Hogan Rebel shop online la collezione Primavera Estate 2014 - Annameglio | Blog","og_description":"La nuova collezione tanto attesa di Hogan Rebel bambina primavera estate 2014 \u00e8 arrivata. Vi presentiamo nel dettaglio 2 dei nuovi modelli proposti all\u2019interno del nostro shop per la prossima stagione. Hogan Rebel \u00e8 la linea streetwear e sbarazzina del marchio Hogan, una freschezza rintracciabile...","og_url":"http:\/\/news.annameglio.com\/hogan-rebel-shop-online-la-collezione-primavera-estate-2014\/","og_site_name":"Annameglio | Blog","article_publisher":"https:\/\/www.facebook.com\/ANNAMEGLIO.news","article_published_time":"2014-01-23T10:13:25+00:00","article_modified_time":"2015-03-25T10:11:20+00:00","og_image":[{"url":"http:\/\/news.annameglio.com\/wp-content\/uploads\/2014\/01\/Hogan-Rebel-fuxia-pe-2014.jpg"}],"author":"editorial-staff@annameglio","twitter_card":"summary","twitter_creator":"@annameglio_com","twitter_site":"@annameglio_com","twitter_misc":{"Written by":"editorial-staff@annameglio","Est. reading time":"2 minutes"},"schema":{"@context":"https:\/\/schema.org","@graph":[{"@type":"WebPage","@id":"http:\/\/news.annameglio.com\/hogan-rebel-shop-online-la-collezione-primavera-estate-2014\/","url":"http:\/\/news.annameglio.com\/hogan-rebel-shop-online-la-collezione-primavera-estate-2014\/","name":"Hogan Rebel shop online la collezione Primavera Estate 2014 - Annameglio | Blog","isPartOf":{"@id":"http:\/\/news.annameglio.com\/#website"},"datePublished":"2014-01-23T10:13:25+00:00","dateModified":"2015-03-25T10:11:20+00:00","author":{"@id":"http:\/\/news.annameglio.com\/#\/schema\/person\/d8ae57e0838f7bf7b3ee362d58823d7d"},"breadcrumb":{"@id":"http:\/\/news.annameglio.com\/hogan-rebel-shop-online-la-collezione-primavera-estate-2014\/#breadcrumb"},"inLanguage":"en-US","potentialAction":[{"@type":"ReadAction","target":["http:\/\/news.annameglio.com\/hogan-rebel-shop-online-la-collezione-primavera-estate-2014\/"]}]},{"@type":"BreadcrumbList","@id":"http:\/\/news.annameglio.com\/hogan-rebel-shop-online-la-collezione-primavera-estate-2014\/#breadcrumb","itemListElement":[{"@type":"ListItem","position":1,"name":"Home","item":"http:\/\/news.annameglio.com\/"},{"@type":"ListItem","position":2,"name":"Hogan Rebel shop online la collezione Primavera Estate 2014"}]},{"@type":"WebSite","@id":"http:\/\/news.annameglio.com\/#website","url":"http:\/\/news.annameglio.com\/","name":"Annameglio | Blog","description":"","potentialAction":[{"@type":"SearchAction","target":{"@type":"EntryPoint","urlTemplate":"http:\/\/news.annameglio.com\/?s={search_term_string}"},"query-input":"required name=search_term_string"}],"inLanguage":"en-US"},{"@type":"Person","@id":"http:\/\/news.annameglio.com\/#\/schema\/person\/d8ae57e0838f7bf7b3ee362d58823d7d","name":"editorial-staff@annameglio","image":{"@type":"ImageObject","inLanguage":"en-US","@id":"http:\/\/news.annameglio.com\/#\/schema\/person\/image\/","url":"http:\/\/0.gravatar.com\/avatar\/335f0a7fe767fb57e6045ac1fc00ed81?s=96&d=mm&r=g","contentUrl":"http:\/\/0.gravatar.com\/avatar\/335f0a7fe767fb57e6045ac1fc00ed81?s=96&d=mm&r=g","caption":"editorial-staff@annameglio"},"sameAs":["http:\/\/annameglio.com"],"url":"http:\/\/news.annameglio.com\/en\/author\/adminannameglio\/"}]}},"amp_enabled":false,"_links":{"self":[{"href":"http:\/\/news.annameglio.com\/en\/wp-json\/wp\/v2\/posts\/217"}],"collection":[{"href":"http:\/\/news.annameglio.com\/en\/wp-json\/wp\/v2\/posts"}],"about":[{"href":"http:\/\/news.annameglio.com\/en\/wp-json\/wp\/v2\/types\/post"}],"author":[{"embeddable":true,"href":"http:\/\/news.annameglio.com\/en\/wp-json\/wp\/v2\/users\/1"}],"replies":[{"embeddable":true,"href":"http:\/\/news.annameglio.com\/en\/wp-json\/wp\/v2\/comments?post=217"}],"version-history":[{"count":6,"href":"http:\/\/news.annameglio.com\/en\/wp-json\/wp\/v2\/posts\/217\/revisions"}],"predecessor-version":[{"id":619,"href":"http:\/\/news.annameglio.com\/en\/wp-json\/wp\/v2\/posts\/217\/revisions\/619"}],"wp:attachment":[{"href":"http:\/\/news.annameglio.com\/en\/wp-json\/wp\/v2\/media?parent=217"}],"wp:term":[{"taxonomy":"category","embeddable":true,"href":"http:\/\/news.annameglio.com\/en\/wp-json\/wp\/v2\/categories?post=217"},{"taxonomy":"post_tag","embeddable":true,"href":"http:\/\/news.annameglio.com\/en\/wp-json\/wp\/v2\/tags?post=217"}],"curies":[{"name":"wp","href":"https:\/\/api.w.org\/{rel}","templated":true}]}}