{"id":211,"date":"2014-01-22T09:32:26","date_gmt":"2014-01-22T09:32:26","guid":{"rendered":"http:\/\/news.annameglio.com\/?p=211"},"modified":"2015-03-25T10:12:43","modified_gmt":"2015-03-25T10:12:43","slug":"twin-set-girl-collezione-primavera-estate-2014","status":"publish","type":"post","link":"http:\/\/news.annameglio.com\/en\/twin-set-girl-collezione-primavera-estate-2014\/","title":{"rendered":"Twin Set Girl: collezione Primavera Estate 2014"},"content":{"rendered":"<p>La collezione primavera estate di <a title=\"Twin Set Girl by Simona Barbieri Collezione PE 2014\" href=\"http:\/\/shop.annameglio.com\/brand\/twin-set\/\" target=\"_blank\">Twin Set Girl<\/a> by Simona Barbieri esprime un\u2019eleganza sussurrata che viene fuori nei dettagli dei contrasti apparenti, caratterizzati dall\u2019accostamento di stampe e colori che per\u00f2 ritrovano nel mix e match proposto una logica di stile. Ed infatti uno dei capi pi\u00f9 interessanti della collezione \u00e8 sicuramente l\u2019abito bon ton, che viene proposto in maglia, acquistando cos\u00ec un mood <b>quasi gipsy.<\/b><\/p>\n<p>Il codice stilistico tipicamente Simona Barbieri, declinato in versione bambina, \u00e8 rintracciabile in tutti e quattro gli universi di riferimento della collezione che ritrovano nell&#8217;uso del pizzo il fil de rouge.<\/p>\n<p><b>Black and Poppy on Paryrus Paper<\/b>\u00a0fa riferimento a macchie di inchiostro su \u00a0carta bianca da cui emergono righe, pois e fiori per un elegante gioco di contrasti. La maglieria ricamata, la fantasia jaquard, i filati moulin\u00e8 sono pensati in abbinamento ad abiti bon ton e a stampe monocolore in cui si afferma, quale protagonista indiscusso, il romantico papavero rosso.<\/p>\n<p><a href=\"http:\/\/news.annameglio.com\/wp-content\/uploads\/2014\/01\/Twin-Set-Black-and-Poppy.jpg\"><img loading=\"lazy\" class=\"aligncenter size-full wp-image-212\" alt=\"Twin-Set-Black-and-Poppy\" src=\"http:\/\/news.annameglio.com\/wp-content\/uploads\/2014\/01\/Twin-Set-Black-and-Poppy.jpg\" width=\"350\" height=\"521\" \/><\/a><\/p>\n<p>&nbsp;<\/p>\n<p><b>Blueberry Field Forever<\/b>\u00a0esprime il blu \u2013 incontrastato simbolo dell\u2019estate \u2013 mixandolo a stampe floreali in un tripudio di colori.<\/p>\n<p><a href=\"http:\/\/news.annameglio.com\/wp-content\/uploads\/2014\/01\/Twin-Set-blueberry-filed-fo.jpg\"><img loading=\"lazy\" class=\"aligncenter size-full wp-image-213\" alt=\"Twin-Set-blueberry-filed-fo\" src=\"http:\/\/news.annameglio.com\/wp-content\/uploads\/2014\/01\/Twin-Set-blueberry-filed-fo.jpg\" width=\"350\" height=\"521\" \/><\/a><\/p>\n<p>Voglia di libert\u00e0 e sfumature solari per\u00a0<b>Not Only White.<\/b>\u00a0Tonalit\u00e0 pi\u00f9 o meno accennate scaldano il bianco candido nelle varianti tono su tono o campo fiorito. Ramage naturali per stampe o ricami su garze e crinoline; grigio m\u00e9lange per felpe e jersey con dettagli in oro chiaro e strass per uno stile. <a href=\"http:\/\/shop.annameglio.com\/product\/girl\/twin-set-maglia-in-cotone-grigio\/\"><br \/>\n<\/a><\/p>\n<p><a href=\"http:\/\/news.annameglio.com\/wp-content\/uploads\/2014\/01\/Twin-Set-not-only-white.jpg\"><img loading=\"lazy\" class=\"aligncenter size-full wp-image-214\" alt=\"Twin-Set-not-only-white\" src=\"http:\/\/news.annameglio.com\/wp-content\/uploads\/2014\/01\/Twin-Set-not-only-white.jpg\" width=\"350\" height=\"521\" \/><\/a><br \/>\nUn\u00a0<b>Opalescent Garden<\/b>\u00a0dai toni cipriati, quasi timidi, al profumo di frutta ed agrumi. Siamo in piena estate ed \u00e8 la pura luce ad invadere la quotidianit\u00e0.<\/p>\n<p>La collezione Twin Set Primavera Estate 2014 \u00e8 in vendita su <a title=\"Home Page shop online\" href=\"http:\/\/shop.annameglio.com\/\" target=\"_blank\">shop.annameglio.com<\/a><\/p>\n<p>&nbsp;<\/p>\n","protected":false},"excerpt":{"rendered":"<p>La collezione primavera estate di Twin Set Girl by Simona Barbieri esprime un\u2019eleganza sussurrata che viene fuori nei dettagli dei contrasti apparenti, caratterizzati dall\u2019accostamento di stampe e colori che per\u00f2 ritrovano nel mix e match proposto una logica di stile. Ed infatti uno dei capi&#8230;<\/p>\n","protected":false},"author":1,"featured_media":0,"comment_status":"open","ping_status":"open","sticky":false,"template":"","format":"standard","meta":[],"categories":[1],"tags":[],"yoast_head":"<!-- This site is optimized with the Yoast SEO plugin v19.7.2 - https:\/\/yoast.com\/wordpress\/plugins\/seo\/ -->\n<title>Twin Set Girl: collezione Primavera Estate 2014 - Annameglio | Blog<\/title>\n<meta name=\"robots\" content=\"index, follow, max-snippet:-1, max-image-preview:large, max-video-preview:-1\" \/>\n<link rel=\"canonical\" href=\"http:\/\/news.annameglio.com\/en\/twin-set-girl-collezione-primavera-estate-2014\/\" \/>\n<meta property=\"og:locale\" content=\"en_US\" \/>\n<meta property=\"og:type\" content=\"article\" \/>\n<meta property=\"og:title\" content=\"Twin Set Girl: collezione Primavera Estate 2014 - Annameglio | Blog\" \/>\n<meta property=\"og:description\" content=\"La collezione primavera estate di Twin Set Girl by Simona Barbieri esprime un\u2019eleganza sussurrata che viene fuori nei dettagli dei contrasti apparenti, caratterizzati dall\u2019accostamento di stampe e colori che per\u00f2 ritrovano nel mix e match proposto una logica di stile. Ed infatti uno dei capi...\" \/>\n<meta property=\"og:url\" content=\"http:\/\/news.annameglio.com\/en\/twin-set-girl-collezione-primavera-estate-2014\/\" \/>\n<meta property=\"og:site_name\" content=\"Annameglio | Blog\" \/>\n<meta property=\"article:publisher\" content=\"https:\/\/www.facebook.com\/ANNAMEGLIO.news\" \/>\n<meta property=\"article:published_time\" content=\"2014-01-22T09:32:26+00:00\" \/>\n<meta property=\"article:modified_time\" content=\"2015-03-25T10:12:43+00:00\" \/>\n<meta property=\"og:image\" content=\"http:\/\/news.annameglio.com\/wp-content\/uploads\/2014\/01\/Twin-Set-Black-and-Poppy.jpg\" \/>\n<meta name=\"author\" content=\"editorial-staff@annameglio\" \/>\n<meta name=\"twitter:card\" content=\"summary\" \/>\n<meta name=\"twitter:creator\" content=\"@annameglio_com\" \/>\n<meta name=\"twitter:site\" content=\"@annameglio_com\" \/>\n<meta name=\"twitter:label1\" content=\"Written by\" \/>\n\t<meta name=\"twitter:data1\" content=\"editorial-staff@annameglio\" \/>\n\t<meta name=\"twitter:label2\" content=\"Est. reading time\" \/>\n\t<meta name=\"twitter:data2\" content=\"1 minute\" \/>\n<script type=\"application\/ld+json\" class=\"yoast-schema-graph\">{\"@context\":\"https:\/\/schema.org\",\"@graph\":[{\"@type\":\"WebPage\",\"@id\":\"http:\/\/news.annameglio.com\/en\/twin-set-girl-collezione-primavera-estate-2014\/\",\"url\":\"http:\/\/news.annameglio.com\/en\/twin-set-girl-collezione-primavera-estate-2014\/\",\"name\":\"Twin Set Girl: collezione Primavera Estate 2014 - Annameglio | Blog\",\"isPartOf\":{\"@id\":\"http:\/\/news.annameglio.com\/#website\"},\"datePublished\":\"2014-01-22T09:32:26+00:00\",\"dateModified\":\"2015-03-25T10:12:43+00:00\",\"author\":{\"@id\":\"http:\/\/news.annameglio.com\/#\/schema\/person\/d8ae57e0838f7bf7b3ee362d58823d7d\"},\"breadcrumb\":{\"@id\":\"http:\/\/news.annameglio.com\/en\/twin-set-girl-collezione-primavera-estate-2014\/#breadcrumb\"},\"inLanguage\":\"en-US\",\"potentialAction\":[{\"@type\":\"ReadAction\",\"target\":[\"http:\/\/news.annameglio.com\/en\/twin-set-girl-collezione-primavera-estate-2014\/\"]}]},{\"@type\":\"BreadcrumbList\",\"@id\":\"http:\/\/news.annameglio.com\/en\/twin-set-girl-collezione-primavera-estate-2014\/#breadcrumb\",\"itemListElement\":[{\"@type\":\"ListItem\",\"position\":1,\"name\":\"Home\",\"item\":\"http:\/\/news.annameglio.com\/\"},{\"@type\":\"ListItem\",\"position\":2,\"name\":\"Twin Set Girl: collezione Primavera Estate 2014\"}]},{\"@type\":\"WebSite\",\"@id\":\"http:\/\/news.annameglio.com\/#website\",\"url\":\"http:\/\/news.annameglio.com\/\",\"name\":\"Annameglio | Blog\",\"description\":\"\",\"potentialAction\":[{\"@type\":\"SearchAction\",\"target\":{\"@type\":\"EntryPoint\",\"urlTemplate\":\"http:\/\/news.annameglio.com\/?s={search_term_string}\"},\"query-input\":\"required name=search_term_string\"}],\"inLanguage\":\"en-US\"},{\"@type\":\"Person\",\"@id\":\"http:\/\/news.annameglio.com\/#\/schema\/person\/d8ae57e0838f7bf7b3ee362d58823d7d\",\"name\":\"editorial-staff@annameglio\",\"image\":{\"@type\":\"ImageObject\",\"inLanguage\":\"en-US\",\"@id\":\"http:\/\/news.annameglio.com\/#\/schema\/person\/image\/\",\"url\":\"http:\/\/0.gravatar.com\/avatar\/335f0a7fe767fb57e6045ac1fc00ed81?s=96&d=mm&r=g\",\"contentUrl\":\"http:\/\/0.gravatar.com\/avatar\/335f0a7fe767fb57e6045ac1fc00ed81?s=96&d=mm&r=g\",\"caption\":\"editorial-staff@annameglio\"},\"sameAs\":[\"http:\/\/annameglio.com\"],\"url\":\"http:\/\/news.annameglio.com\/en\/author\/adminannameglio\/\"}]}<\/script>\n<!-- \/ Yoast SEO plugin. -->","yoast_head_json":{"title":"Twin Set Girl: collezione Primavera Estate 2014 - Annameglio | Blog","robots":{"index":"index","follow":"follow","max-snippet":"max-snippet:-1","max-image-preview":"max-image-preview:large","max-video-preview":"max-video-preview:-1"},"canonical":"http:\/\/news.annameglio.com\/en\/twin-set-girl-collezione-primavera-estate-2014\/","og_locale":"en_US","og_type":"article","og_title":"Twin Set Girl: collezione Primavera Estate 2014 - Annameglio | Blog","og_description":"La collezione primavera estate di Twin Set Girl by Simona Barbieri esprime un\u2019eleganza sussurrata che viene fuori nei dettagli dei contrasti apparenti, caratterizzati dall\u2019accostamento di stampe e colori che per\u00f2 ritrovano nel mix e match proposto una logica di stile. Ed infatti uno dei capi...","og_url":"http:\/\/news.annameglio.com\/en\/twin-set-girl-collezione-primavera-estate-2014\/","og_site_name":"Annameglio | Blog","article_publisher":"https:\/\/www.facebook.com\/ANNAMEGLIO.news","article_published_time":"2014-01-22T09:32:26+00:00","article_modified_time":"2015-03-25T10:12:43+00:00","og_image":[{"url":"http:\/\/news.annameglio.com\/wp-content\/uploads\/2014\/01\/Twin-Set-Black-and-Poppy.jpg"}],"author":"editorial-staff@annameglio","twitter_card":"summary","twitter_creator":"@annameglio_com","twitter_site":"@annameglio_com","twitter_misc":{"Written by":"editorial-staff@annameglio","Est. reading time":"1 minute"},"schema":{"@context":"https:\/\/schema.org","@graph":[{"@type":"WebPage","@id":"http:\/\/news.annameglio.com\/en\/twin-set-girl-collezione-primavera-estate-2014\/","url":"http:\/\/news.annameglio.com\/en\/twin-set-girl-collezione-primavera-estate-2014\/","name":"Twin Set Girl: collezione Primavera Estate 2014 - Annameglio | Blog","isPartOf":{"@id":"http:\/\/news.annameglio.com\/#website"},"datePublished":"2014-01-22T09:32:26+00:00","dateModified":"2015-03-25T10:12:43+00:00","author":{"@id":"http:\/\/news.annameglio.com\/#\/schema\/person\/d8ae57e0838f7bf7b3ee362d58823d7d"},"breadcrumb":{"@id":"http:\/\/news.annameglio.com\/en\/twin-set-girl-collezione-primavera-estate-2014\/#breadcrumb"},"inLanguage":"en-US","potentialAction":[{"@type":"ReadAction","target":["http:\/\/news.annameglio.com\/en\/twin-set-girl-collezione-primavera-estate-2014\/"]}]},{"@type":"BreadcrumbList","@id":"http:\/\/news.annameglio.com\/en\/twin-set-girl-collezione-primavera-estate-2014\/#breadcrumb","itemListElement":[{"@type":"ListItem","position":1,"name":"Home","item":"http:\/\/news.annameglio.com\/"},{"@type":"ListItem","position":2,"name":"Twin Set Girl: collezione Primavera Estate 2014"}]},{"@type":"WebSite","@id":"http:\/\/news.annameglio.com\/#website","url":"http:\/\/news.annameglio.com\/","name":"Annameglio | Blog","description":"","potentialAction":[{"@type":"SearchAction","target":{"@type":"EntryPoint","urlTemplate":"http:\/\/news.annameglio.com\/?s={search_term_string}"},"query-input":"required name=search_term_string"}],"inLanguage":"en-US"},{"@type":"Person","@id":"http:\/\/news.annameglio.com\/#\/schema\/person\/d8ae57e0838f7bf7b3ee362d58823d7d","name":"editorial-staff@annameglio","image":{"@type":"ImageObject","inLanguage":"en-US","@id":"http:\/\/news.annameglio.com\/#\/schema\/person\/image\/","url":"http:\/\/0.gravatar.com\/avatar\/335f0a7fe767fb57e6045ac1fc00ed81?s=96&d=mm&r=g","contentUrl":"http:\/\/0.gravatar.com\/avatar\/335f0a7fe767fb57e6045ac1fc00ed81?s=96&d=mm&r=g","caption":"editorial-staff@annameglio"},"sameAs":["http:\/\/annameglio.com"],"url":"http:\/\/news.annameglio.com\/en\/author\/adminannameglio\/"}]}},"amp_enabled":false,"_links":{"self":[{"href":"http:\/\/news.annameglio.com\/en\/wp-json\/wp\/v2\/posts\/211"}],"collection":[{"href":"http:\/\/news.annameglio.com\/en\/wp-json\/wp\/v2\/posts"}],"about":[{"href":"http:\/\/news.annameglio.com\/en\/wp-json\/wp\/v2\/types\/post"}],"author":[{"embeddable":true,"href":"http:\/\/news.annameglio.com\/en\/wp-json\/wp\/v2\/users\/1"}],"replies":[{"embeddable":true,"href":"http:\/\/news.annameglio.com\/en\/wp-json\/wp\/v2\/comments?post=211"}],"version-history":[{"count":4,"href":"http:\/\/news.annameglio.com\/en\/wp-json\/wp\/v2\/posts\/211\/revisions"}],"predecessor-version":[{"id":621,"href":"http:\/\/news.annameglio.com\/en\/wp-json\/wp\/v2\/posts\/211\/revisions\/621"}],"wp:attachment":[{"href":"http:\/\/news.annameglio.com\/en\/wp-json\/wp\/v2\/media?parent=211"}],"wp:term":[{"taxonomy":"category","embeddable":true,"href":"http:\/\/news.annameglio.com\/en\/wp-json\/wp\/v2\/categories?post=211"},{"taxonomy":"post_tag","embeddable":true,"href":"http:\/\/news.annameglio.com\/en\/wp-json\/wp\/v2\/tags?post=211"}],"curies":[{"name":"wp","href":"https:\/\/api.w.org\/{rel}","templated":true}]}}