{"id":197,"date":"2014-01-23T17:30:23","date_gmt":"2014-01-23T17:30:23","guid":{"rendered":"http:\/\/news.annameglio.com\/?p=197"},"modified":"2015-03-25T10:09:47","modified_gmt":"2015-03-25T10:09:47","slug":"che-cosa-e-il-pique","status":"publish","type":"post","link":"http:\/\/news.annameglio.com\/en\/che-cosa-e-il-pique\/","title":{"rendered":"Che cosa \u00e8 il piqu\u00e9?"},"content":{"rendered":"<p>Il Piqu\u00e9, noto in italiano anche come picche, \u00e8 un tessuto di cotone, tradizionalmente bianco o di colori chiari, caratterizzato da una superficie a rilievo caratterizzata da disegni ornamentali o righe.<\/p>\n<p>Le versioni leggere, molto fresche, si usano per l&#8217;abbigliamento estivo, soprattutto per i capi dei bambini.<\/p>\n<p>Di seguito possiamo vedere un abito in piqu\u00e8 da bambina della casa italiana di moda La Stupenderia. Il vestito, della collezione Primavera Estate 2014, presenta dei piccoli motivi in rilievo, i pois appunto.<\/p>\n<p><a href=\"http:\/\/news.annameglio.com\/wp-content\/uploads\/2014\/01\/La-Stupenderia-abito-pique-.jpg\"><img loading=\"lazy\" class=\"aligncenter size-full wp-image-198\" alt=\"La-Stupenderia-abito-pique-\" src=\"http:\/\/news.annameglio.com\/wp-content\/uploads\/2014\/01\/La-Stupenderia-abito-pique-.jpg\" width=\"420\" height=\"280\" \/><\/a><\/p>\n<p>Il Piqu\u00e9 deve il suo nome al francese &#8220;piquer&#8221; letteralmente &#8220;piccare&#8221; per l&#8217;appunto. Questo effetto singolare viene \u00a0ottenuto mediante due orditi distinti, l\u2019uno teso e l\u2019altro allentato, e due trame di cui uno grossa e l\u2019altra fine. I fili dell&#8217;ordito di fondo, con la maggiore tensione fanno abbassare i fili della trama, quando ci passano davanti, formando una depressione mentre i fili lenti rimangono in superficie creando il rilievo, si forma cos\u00ec l&#8217;effetto trapuntato esaltato dalla trama d&#8217;imbottitura di\u00a0filato\u00a0pi\u00f9 soffice.<\/p>\n<p>&nbsp;<\/p>\n<p>Potete acquistare l\u2019abito in piqu\u00e8 de La Stupenderia su shop.annameglio.com<\/p>\n<p><strong>What is Piqu\u00e9 ?<\/strong><\/p>\n<p>Piqu\u00e9 \u00a0is a cotton fabric, traditionally white or light colors , featuring a textured surface characterized by designs or lines.<\/p>\n<p>It is usually used for summer clothing , especially for \u00a0children.<\/p>\n<p>Below we can see a \u00a0piqu\u00e9 dress \u00a0of the Italian fashion brand La Stupenderia . The dress, from Spring Summer 2014 collection, has some small relief patterns , polka dots.<\/p>\n<p><a href=\"http:\/\/news.annameglio.com\/wp-content\/uploads\/2014\/01\/La-Stupenderia-abito-pique-1.jpg\"><img loading=\"lazy\" class=\"aligncenter size-full wp-image-223\" alt=\"La-Stupenderia-abito-pique-\" src=\"http:\/\/news.annameglio.com\/wp-content\/uploads\/2014\/01\/La-Stupenderia-abito-pique-1.jpg\" width=\"420\" height=\"280\" \/><\/a><\/p>\n<p>The Piqu\u00e9 takes its name from the French &#8221; piquer. This unique effect is obtained by means of two separate warps , one taut and the other loose, and two plots of which one large and the other thin . The warp threads of the bottom , with a more power, make lower the threads of the plot , \u00a0forming a depression while the loose strands remain on the surface , creating the survey, thus forming the quilted effect enhanced by the plot of &#8216; padding yarn softer .<\/p>\n<p>You can buy the dress in pique de La Stupenderia on shop.annameglio.com<\/p>\n","protected":false},"excerpt":{"rendered":"<p>Il Piqu\u00e9, noto in italiano anche come picche, \u00e8 un tessuto di cotone, tradizionalmente bianco o di colori chiari, caratterizzato da una superficie a rilievo caratterizzata da disegni ornamentali o righe. Le versioni leggere, molto fresche, si usano per l&#8217;abbigliamento estivo, soprattutto per i capi&#8230;<\/p>\n","protected":false},"author":1,"featured_media":0,"comment_status":"open","ping_status":"open","sticky":false,"template":"","format":"standard","meta":[],"categories":[1],"tags":[],"yoast_head":"<!-- This site is optimized with the Yoast SEO plugin v19.7.2 - https:\/\/yoast.com\/wordpress\/plugins\/seo\/ -->\n<title>Che cosa \u00e8 il piqu\u00e9? - Annameglio | Blog<\/title>\n<meta name=\"robots\" content=\"index, follow, max-snippet:-1, max-image-preview:large, max-video-preview:-1\" \/>\n<link rel=\"canonical\" href=\"http:\/\/news.annameglio.com\/che-cosa-e-il-pique\/\" \/>\n<meta property=\"og:locale\" content=\"en_US\" \/>\n<meta property=\"og:type\" content=\"article\" \/>\n<meta property=\"og:title\" content=\"Che cosa \u00e8 il piqu\u00e9? - Annameglio | Blog\" \/>\n<meta property=\"og:description\" content=\"Il Piqu\u00e9, noto in italiano anche come picche, \u00e8 un tessuto di cotone, tradizionalmente bianco o di colori chiari, caratterizzato da una superficie a rilievo caratterizzata da disegni ornamentali o righe. Le versioni leggere, molto fresche, si usano per l&#8217;abbigliamento estivo, soprattutto per i capi...\" \/>\n<meta property=\"og:url\" content=\"http:\/\/news.annameglio.com\/che-cosa-e-il-pique\/\" \/>\n<meta property=\"og:site_name\" content=\"Annameglio | Blog\" \/>\n<meta property=\"article:publisher\" content=\"https:\/\/www.facebook.com\/ANNAMEGLIO.news\" \/>\n<meta property=\"article:published_time\" content=\"2014-01-23T17:30:23+00:00\" \/>\n<meta property=\"article:modified_time\" content=\"2015-03-25T10:09:47+00:00\" \/>\n<meta property=\"og:image\" content=\"http:\/\/news.annameglio.com\/wp-content\/uploads\/2014\/01\/La-Stupenderia-abito-pique-.jpg\" \/>\n<meta name=\"author\" content=\"editorial-staff@annameglio\" \/>\n<meta name=\"twitter:card\" content=\"summary\" \/>\n<meta name=\"twitter:creator\" content=\"@annameglio_com\" \/>\n<meta name=\"twitter:site\" content=\"@annameglio_com\" \/>\n<meta name=\"twitter:label1\" content=\"Written by\" \/>\n\t<meta name=\"twitter:data1\" content=\"editorial-staff@annameglio\" \/>\n\t<meta name=\"twitter:label2\" content=\"Est. reading time\" \/>\n\t<meta name=\"twitter:data2\" content=\"2 minutes\" \/>\n<script type=\"application\/ld+json\" class=\"yoast-schema-graph\">{\"@context\":\"https:\/\/schema.org\",\"@graph\":[{\"@type\":\"WebPage\",\"@id\":\"http:\/\/news.annameglio.com\/che-cosa-e-il-pique\/\",\"url\":\"http:\/\/news.annameglio.com\/che-cosa-e-il-pique\/\",\"name\":\"Che cosa \u00e8 il piqu\u00e9? - Annameglio | Blog\",\"isPartOf\":{\"@id\":\"http:\/\/news.annameglio.com\/#website\"},\"datePublished\":\"2014-01-23T17:30:23+00:00\",\"dateModified\":\"2015-03-25T10:09:47+00:00\",\"author\":{\"@id\":\"http:\/\/news.annameglio.com\/#\/schema\/person\/d8ae57e0838f7bf7b3ee362d58823d7d\"},\"breadcrumb\":{\"@id\":\"http:\/\/news.annameglio.com\/che-cosa-e-il-pique\/#breadcrumb\"},\"inLanguage\":\"en-US\",\"potentialAction\":[{\"@type\":\"ReadAction\",\"target\":[\"http:\/\/news.annameglio.com\/che-cosa-e-il-pique\/\"]}]},{\"@type\":\"BreadcrumbList\",\"@id\":\"http:\/\/news.annameglio.com\/che-cosa-e-il-pique\/#breadcrumb\",\"itemListElement\":[{\"@type\":\"ListItem\",\"position\":1,\"name\":\"Home\",\"item\":\"http:\/\/news.annameglio.com\/\"},{\"@type\":\"ListItem\",\"position\":2,\"name\":\"Che cosa \u00e8 il piqu\u00e9?\"}]},{\"@type\":\"WebSite\",\"@id\":\"http:\/\/news.annameglio.com\/#website\",\"url\":\"http:\/\/news.annameglio.com\/\",\"name\":\"Annameglio | Blog\",\"description\":\"\",\"potentialAction\":[{\"@type\":\"SearchAction\",\"target\":{\"@type\":\"EntryPoint\",\"urlTemplate\":\"http:\/\/news.annameglio.com\/?s={search_term_string}\"},\"query-input\":\"required name=search_term_string\"}],\"inLanguage\":\"en-US\"},{\"@type\":\"Person\",\"@id\":\"http:\/\/news.annameglio.com\/#\/schema\/person\/d8ae57e0838f7bf7b3ee362d58823d7d\",\"name\":\"editorial-staff@annameglio\",\"image\":{\"@type\":\"ImageObject\",\"inLanguage\":\"en-US\",\"@id\":\"http:\/\/news.annameglio.com\/#\/schema\/person\/image\/\",\"url\":\"http:\/\/0.gravatar.com\/avatar\/335f0a7fe767fb57e6045ac1fc00ed81?s=96&d=mm&r=g\",\"contentUrl\":\"http:\/\/0.gravatar.com\/avatar\/335f0a7fe767fb57e6045ac1fc00ed81?s=96&d=mm&r=g\",\"caption\":\"editorial-staff@annameglio\"},\"sameAs\":[\"http:\/\/annameglio.com\"],\"url\":\"http:\/\/news.annameglio.com\/en\/author\/adminannameglio\/\"}]}<\/script>\n<!-- \/ Yoast SEO plugin. -->","yoast_head_json":{"title":"Che cosa \u00e8 il piqu\u00e9? - Annameglio | Blog","robots":{"index":"index","follow":"follow","max-snippet":"max-snippet:-1","max-image-preview":"max-image-preview:large","max-video-preview":"max-video-preview:-1"},"canonical":"http:\/\/news.annameglio.com\/che-cosa-e-il-pique\/","og_locale":"en_US","og_type":"article","og_title":"Che cosa \u00e8 il piqu\u00e9? - Annameglio | Blog","og_description":"Il Piqu\u00e9, noto in italiano anche come picche, \u00e8 un tessuto di cotone, tradizionalmente bianco o di colori chiari, caratterizzato da una superficie a rilievo caratterizzata da disegni ornamentali o righe. Le versioni leggere, molto fresche, si usano per l&#8217;abbigliamento estivo, soprattutto per i capi...","og_url":"http:\/\/news.annameglio.com\/che-cosa-e-il-pique\/","og_site_name":"Annameglio | Blog","article_publisher":"https:\/\/www.facebook.com\/ANNAMEGLIO.news","article_published_time":"2014-01-23T17:30:23+00:00","article_modified_time":"2015-03-25T10:09:47+00:00","og_image":[{"url":"http:\/\/news.annameglio.com\/wp-content\/uploads\/2014\/01\/La-Stupenderia-abito-pique-.jpg"}],"author":"editorial-staff@annameglio","twitter_card":"summary","twitter_creator":"@annameglio_com","twitter_site":"@annameglio_com","twitter_misc":{"Written by":"editorial-staff@annameglio","Est. reading time":"2 minutes"},"schema":{"@context":"https:\/\/schema.org","@graph":[{"@type":"WebPage","@id":"http:\/\/news.annameglio.com\/che-cosa-e-il-pique\/","url":"http:\/\/news.annameglio.com\/che-cosa-e-il-pique\/","name":"Che cosa \u00e8 il piqu\u00e9? - Annameglio | Blog","isPartOf":{"@id":"http:\/\/news.annameglio.com\/#website"},"datePublished":"2014-01-23T17:30:23+00:00","dateModified":"2015-03-25T10:09:47+00:00","author":{"@id":"http:\/\/news.annameglio.com\/#\/schema\/person\/d8ae57e0838f7bf7b3ee362d58823d7d"},"breadcrumb":{"@id":"http:\/\/news.annameglio.com\/che-cosa-e-il-pique\/#breadcrumb"},"inLanguage":"en-US","potentialAction":[{"@type":"ReadAction","target":["http:\/\/news.annameglio.com\/che-cosa-e-il-pique\/"]}]},{"@type":"BreadcrumbList","@id":"http:\/\/news.annameglio.com\/che-cosa-e-il-pique\/#breadcrumb","itemListElement":[{"@type":"ListItem","position":1,"name":"Home","item":"http:\/\/news.annameglio.com\/"},{"@type":"ListItem","position":2,"name":"Che cosa \u00e8 il piqu\u00e9?"}]},{"@type":"WebSite","@id":"http:\/\/news.annameglio.com\/#website","url":"http:\/\/news.annameglio.com\/","name":"Annameglio | Blog","description":"","potentialAction":[{"@type":"SearchAction","target":{"@type":"EntryPoint","urlTemplate":"http:\/\/news.annameglio.com\/?s={search_term_string}"},"query-input":"required name=search_term_string"}],"inLanguage":"en-US"},{"@type":"Person","@id":"http:\/\/news.annameglio.com\/#\/schema\/person\/d8ae57e0838f7bf7b3ee362d58823d7d","name":"editorial-staff@annameglio","image":{"@type":"ImageObject","inLanguage":"en-US","@id":"http:\/\/news.annameglio.com\/#\/schema\/person\/image\/","url":"http:\/\/0.gravatar.com\/avatar\/335f0a7fe767fb57e6045ac1fc00ed81?s=96&d=mm&r=g","contentUrl":"http:\/\/0.gravatar.com\/avatar\/335f0a7fe767fb57e6045ac1fc00ed81?s=96&d=mm&r=g","caption":"editorial-staff@annameglio"},"sameAs":["http:\/\/annameglio.com"],"url":"http:\/\/news.annameglio.com\/en\/author\/adminannameglio\/"}]}},"amp_enabled":false,"_links":{"self":[{"href":"http:\/\/news.annameglio.com\/en\/wp-json\/wp\/v2\/posts\/197"}],"collection":[{"href":"http:\/\/news.annameglio.com\/en\/wp-json\/wp\/v2\/posts"}],"about":[{"href":"http:\/\/news.annameglio.com\/en\/wp-json\/wp\/v2\/types\/post"}],"author":[{"embeddable":true,"href":"http:\/\/news.annameglio.com\/en\/wp-json\/wp\/v2\/users\/1"}],"replies":[{"embeddable":true,"href":"http:\/\/news.annameglio.com\/en\/wp-json\/wp\/v2\/comments?post=197"}],"version-history":[{"count":7,"href":"http:\/\/news.annameglio.com\/en\/wp-json\/wp\/v2\/posts\/197\/revisions"}],"predecessor-version":[{"id":618,"href":"http:\/\/news.annameglio.com\/en\/wp-json\/wp\/v2\/posts\/197\/revisions\/618"}],"wp:attachment":[{"href":"http:\/\/news.annameglio.com\/en\/wp-json\/wp\/v2\/media?parent=197"}],"wp:term":[{"taxonomy":"category","embeddable":true,"href":"http:\/\/news.annameglio.com\/en\/wp-json\/wp\/v2\/categories?post=197"},{"taxonomy":"post_tag","embeddable":true,"href":"http:\/\/news.annameglio.com\/en\/wp-json\/wp\/v2\/tags?post=197"}],"curies":[{"name":"wp","href":"https:\/\/api.w.org\/{rel}","templated":true}]}}