{"id":192,"date":"2014-01-23T17:20:59","date_gmt":"2014-01-23T17:20:59","guid":{"rendered":"http:\/\/news.annameglio.com\/?p=192"},"modified":"2014-01-23T17:22:16","modified_gmt":"2014-01-23T17:22:16","slug":"pitti-bimbo-78-le-tendenze-del-prossimo-autunno-inverno-2014-2015","status":"publish","type":"post","link":"http:\/\/news.annameglio.com\/en\/pitti-bimbo-78-le-tendenze-del-prossimo-autunno-inverno-2014-2015\/","title":{"rendered":"Pitti Bimbo 78, le tendenze del prossimo autunno inverno 2014-2015"},"content":{"rendered":"<p>Il Pitti \u00e8 specchio dei tempi anche quando la moda in questione \u00e8 quella dei pi\u00f9 piccoli. Si \u00e8 chiusa a Firenze la 78 edizione di Pitti Bimbo, con segnali di cauto ottimismo, perch\u00e9 se \u00e8 indubbio che il mercato italiano soffre, i compratori esteri, Russi, Emirati Arabi, America e Cina in prima fila, trainano il Made in Italy. Cui si aggiungono i raffinati compratori Coreani e Giapponesi.<\/p>\n<p>Con \u00a0450 collezioni, il suo ricco calendario di sfilate ed eventi speciali in Fortezza da Basso e in citt\u00e0, presentazioni, happening e aperture di nuovi punti vendita, Pitti Bimbo si conferma il punto di riferimento del mondo della moda bimbo sulla scena internazionale. Noi dello staff di Anna Meglio siamo stati al Pitti Bimbo, ed ecco suggestioni \u00a0e tendenze da tre brand che amiamo moltissimo: Twin Set by Simona Barbieri, Il Gufo e Aston Martin.<\/p>\n<p>La collezione autunno inverno 2015 Twin Set Girl trae ispirazione dagli anni \u201950, non solo nella loro veste bon tone, ma anche rockabilly. Ecco quindi il pizzo, codice stilistico della casa di moda sempre presente nelle collezioni Twin Set, ma anche la gonna a ruota che \u00e8 stata reinterpretata in pelle, proposta e sdrammatizzata grazie all\u2019accostamento con t-shirt in pizzo per valorizzarne l\u2019anima eclettica.<\/p>\n<p>E poi una novit\u00e0: i fuso\u2019 sono stati sostituiti da un capo ormai dimenticato, gli shorts, che nei primi anni del 900 venivano indossati sotto gli abiti. Insomma i famosi \u201cmutandoni\u201d della nonna sono stati reinterpretati da Twin Set in una nuova versione molto glam per essere indossati sotto gli abiti e le maximaglie a coronamento del look. Infine bianco, nero e total red si confermano come i must della prossima stagione invernale.<\/p>\n<p><a href=\"http:\/\/news.annameglio.com\/wp-content\/uploads\/2014\/01\/Twin-Set-Girl-Pitti-78.jpg\"><img loading=\"lazy\" class=\"aligncenter size-full wp-image-193\" alt=\"Twin-Set-Girl-Pitti-78\" src=\"http:\/\/news.annameglio.com\/wp-content\/uploads\/2014\/01\/Twin-Set-Girl-Pitti-78.jpg\" width=\"420\" height=\"280\" \/><\/a><\/p>\n<p>I bambini vestono da bambini con Il Gufo. Le collezioni de Il Gufo hanno dei caratteri solidi e costanti nel tempo. Uno stile riconoscibile ed apprezzato dai clienti. Ecco perch\u00e9 la collezione del prossimo inverno non rivoluziona il passato, ma lo riprende e lo rielabora con tinte nuove. Il grigio ed il beige non mancano mai, ma si accostano a colori brillanti e vengono rinnovati nelle nuances. Anche il tartan \u00e8 stato ripreso e riproposto, ma in chiave sportiva ed \u00e8 stato acceso con dei toni di giallo acido. Colori polverosi come il verde muschio, rosa malva, azzurro denim che vengono mescolati a toni pi\u00f9 vivi che riaccendono i dettagli dell\u2019abito. Rispetto all\u2019adulto il bambino nn accetta il vestito scomodo ecco perch\u00e9 viene effettuata un\u2019attenta ricerca stagione dopo stagione ecco perch\u00e9 anche i capi pi\u00f9 continuativi vengono rimessi in discussione. Infine caldi piumini e capi in neoprene floccato.<\/p>\n<p><a href=\"http:\/\/news.annameglio.com\/wp-content\/uploads\/2014\/01\/Il-Gufo-Pitti-78-bimba-rosa.jpg\"><img loading=\"lazy\" class=\"aligncenter size-full wp-image-194\" alt=\"Il-Gufo-Pitti-78-bimba-rosa\" src=\"http:\/\/news.annameglio.com\/wp-content\/uploads\/2014\/01\/Il-Gufo-Pitti-78-bimba-rosa.jpg\" width=\"420\" height=\"280\" \/><\/a><\/p>\n<p>Aston Martin, brand dallo stile decisamente british, ha lanciato in occasione del Pitti Bimbo 78 la linea Layette integrando cos\u00ec nelle sue proposte i capi da corredo come per esempio le copertine da culla. Punto forte della collezione Aston Martin \u00e8 il capospalla proposto in una vasta gamma di prodotti che spaziano dalla piuma d\u2019oca, alle pellicce per finire con il cashemere.<\/p>\n<p><a href=\"http:\/\/news.annameglio.com\/wp-content\/uploads\/2014\/01\/Aston-Martin-capospalla-mul.jpg\"><img loading=\"lazy\" class=\"aligncenter size-full wp-image-195\" alt=\"Aston-Martin-capospalla-mul\" src=\"http:\/\/news.annameglio.com\/wp-content\/uploads\/2014\/01\/Aston-Martin-capospalla-mul.jpg\" width=\"420\" height=\"280\" \/><\/a><\/p>\n","protected":false},"excerpt":{"rendered":"<p>Il Pitti \u00e8 specchio dei tempi anche quando la moda in questione \u00e8 quella dei pi\u00f9 piccoli. Si \u00e8 chiusa a Firenze la 78 edizione di Pitti Bimbo, con segnali di cauto ottimismo, perch\u00e9 se \u00e8 indubbio che il mercato italiano soffre, i compratori esteri,&#8230;<\/p>\n","protected":false},"author":1,"featured_media":0,"comment_status":"open","ping_status":"open","sticky":false,"template":"","format":"standard","meta":[],"categories":[1],"tags":[103],"yoast_head":"<!-- This site is optimized with the Yoast SEO plugin v19.7.2 - https:\/\/yoast.com\/wordpress\/plugins\/seo\/ -->\n<title>Pitti Bimbo 78, le tendenze del prossimo autunno inverno 2014-2015 - Annameglio | Blog<\/title>\n<meta name=\"robots\" content=\"index, follow, max-snippet:-1, max-image-preview:large, max-video-preview:-1\" \/>\n<link rel=\"canonical\" href=\"http:\/\/news.annameglio.com\/pitti-bimbo-78-le-tendenze-del-prossimo-autunno-inverno-2014-2015\/\" \/>\n<meta property=\"og:locale\" content=\"en_US\" \/>\n<meta property=\"og:type\" content=\"article\" \/>\n<meta property=\"og:title\" content=\"Pitti Bimbo 78, le tendenze del prossimo autunno inverno 2014-2015 - Annameglio | Blog\" \/>\n<meta property=\"og:description\" content=\"Il Pitti \u00e8 specchio dei tempi anche quando la moda in questione \u00e8 quella dei pi\u00f9 piccoli. Si \u00e8 chiusa a Firenze la 78 edizione di Pitti Bimbo, con segnali di cauto ottimismo, perch\u00e9 se \u00e8 indubbio che il mercato italiano soffre, i compratori esteri,...\" \/>\n<meta property=\"og:url\" content=\"http:\/\/news.annameglio.com\/pitti-bimbo-78-le-tendenze-del-prossimo-autunno-inverno-2014-2015\/\" \/>\n<meta property=\"og:site_name\" content=\"Annameglio | Blog\" \/>\n<meta property=\"article:publisher\" content=\"https:\/\/www.facebook.com\/ANNAMEGLIO.news\" \/>\n<meta property=\"article:published_time\" content=\"2014-01-23T17:20:59+00:00\" \/>\n<meta property=\"article:modified_time\" content=\"2014-01-23T17:22:16+00:00\" \/>\n<meta property=\"og:image\" content=\"http:\/\/news.annameglio.com\/wp-content\/uploads\/2014\/01\/Twin-Set-Girl-Pitti-78.jpg\" \/>\n<meta name=\"author\" content=\"editorial-staff@annameglio\" \/>\n<meta name=\"twitter:card\" content=\"summary\" \/>\n<meta name=\"twitter:creator\" content=\"@annameglio_com\" \/>\n<meta name=\"twitter:site\" content=\"@annameglio_com\" \/>\n<meta name=\"twitter:label1\" content=\"Written by\" \/>\n\t<meta name=\"twitter:data1\" content=\"editorial-staff@annameglio\" \/>\n\t<meta name=\"twitter:label2\" content=\"Est. reading time\" \/>\n\t<meta name=\"twitter:data2\" content=\"2 minutes\" \/>\n<script type=\"application\/ld+json\" class=\"yoast-schema-graph\">{\"@context\":\"https:\/\/schema.org\",\"@graph\":[{\"@type\":\"WebPage\",\"@id\":\"http:\/\/news.annameglio.com\/pitti-bimbo-78-le-tendenze-del-prossimo-autunno-inverno-2014-2015\/\",\"url\":\"http:\/\/news.annameglio.com\/pitti-bimbo-78-le-tendenze-del-prossimo-autunno-inverno-2014-2015\/\",\"name\":\"Pitti Bimbo 78, le tendenze del prossimo autunno inverno 2014-2015 - Annameglio | Blog\",\"isPartOf\":{\"@id\":\"http:\/\/news.annameglio.com\/#website\"},\"datePublished\":\"2014-01-23T17:20:59+00:00\",\"dateModified\":\"2014-01-23T17:22:16+00:00\",\"author\":{\"@id\":\"http:\/\/news.annameglio.com\/#\/schema\/person\/d8ae57e0838f7bf7b3ee362d58823d7d\"},\"breadcrumb\":{\"@id\":\"http:\/\/news.annameglio.com\/pitti-bimbo-78-le-tendenze-del-prossimo-autunno-inverno-2014-2015\/#breadcrumb\"},\"inLanguage\":\"en-US\",\"potentialAction\":[{\"@type\":\"ReadAction\",\"target\":[\"http:\/\/news.annameglio.com\/pitti-bimbo-78-le-tendenze-del-prossimo-autunno-inverno-2014-2015\/\"]}]},{\"@type\":\"BreadcrumbList\",\"@id\":\"http:\/\/news.annameglio.com\/pitti-bimbo-78-le-tendenze-del-prossimo-autunno-inverno-2014-2015\/#breadcrumb\",\"itemListElement\":[{\"@type\":\"ListItem\",\"position\":1,\"name\":\"Home\",\"item\":\"http:\/\/news.annameglio.com\/\"},{\"@type\":\"ListItem\",\"position\":2,\"name\":\"Pitti Bimbo 78, le tendenze del prossimo autunno inverno 2014-2015\"}]},{\"@type\":\"WebSite\",\"@id\":\"http:\/\/news.annameglio.com\/#website\",\"url\":\"http:\/\/news.annameglio.com\/\",\"name\":\"Annameglio | Blog\",\"description\":\"\",\"potentialAction\":[{\"@type\":\"SearchAction\",\"target\":{\"@type\":\"EntryPoint\",\"urlTemplate\":\"http:\/\/news.annameglio.com\/?s={search_term_string}\"},\"query-input\":\"required name=search_term_string\"}],\"inLanguage\":\"en-US\"},{\"@type\":\"Person\",\"@id\":\"http:\/\/news.annameglio.com\/#\/schema\/person\/d8ae57e0838f7bf7b3ee362d58823d7d\",\"name\":\"editorial-staff@annameglio\",\"image\":{\"@type\":\"ImageObject\",\"inLanguage\":\"en-US\",\"@id\":\"http:\/\/news.annameglio.com\/#\/schema\/person\/image\/\",\"url\":\"http:\/\/0.gravatar.com\/avatar\/335f0a7fe767fb57e6045ac1fc00ed81?s=96&d=mm&r=g\",\"contentUrl\":\"http:\/\/0.gravatar.com\/avatar\/335f0a7fe767fb57e6045ac1fc00ed81?s=96&d=mm&r=g\",\"caption\":\"editorial-staff@annameglio\"},\"sameAs\":[\"http:\/\/annameglio.com\"],\"url\":\"http:\/\/news.annameglio.com\/en\/author\/adminannameglio\/\"}]}<\/script>\n<!-- \/ Yoast SEO plugin. -->","yoast_head_json":{"title":"Pitti Bimbo 78, le tendenze del prossimo autunno inverno 2014-2015 - Annameglio | Blog","robots":{"index":"index","follow":"follow","max-snippet":"max-snippet:-1","max-image-preview":"max-image-preview:large","max-video-preview":"max-video-preview:-1"},"canonical":"http:\/\/news.annameglio.com\/pitti-bimbo-78-le-tendenze-del-prossimo-autunno-inverno-2014-2015\/","og_locale":"en_US","og_type":"article","og_title":"Pitti Bimbo 78, le tendenze del prossimo autunno inverno 2014-2015 - Annameglio | Blog","og_description":"Il Pitti \u00e8 specchio dei tempi anche quando la moda in questione \u00e8 quella dei pi\u00f9 piccoli. Si \u00e8 chiusa a Firenze la 78 edizione di Pitti Bimbo, con segnali di cauto ottimismo, perch\u00e9 se \u00e8 indubbio che il mercato italiano soffre, i compratori esteri,...","og_url":"http:\/\/news.annameglio.com\/pitti-bimbo-78-le-tendenze-del-prossimo-autunno-inverno-2014-2015\/","og_site_name":"Annameglio | Blog","article_publisher":"https:\/\/www.facebook.com\/ANNAMEGLIO.news","article_published_time":"2014-01-23T17:20:59+00:00","article_modified_time":"2014-01-23T17:22:16+00:00","og_image":[{"url":"http:\/\/news.annameglio.com\/wp-content\/uploads\/2014\/01\/Twin-Set-Girl-Pitti-78.jpg"}],"author":"editorial-staff@annameglio","twitter_card":"summary","twitter_creator":"@annameglio_com","twitter_site":"@annameglio_com","twitter_misc":{"Written by":"editorial-staff@annameglio","Est. reading time":"2 minutes"},"schema":{"@context":"https:\/\/schema.org","@graph":[{"@type":"WebPage","@id":"http:\/\/news.annameglio.com\/pitti-bimbo-78-le-tendenze-del-prossimo-autunno-inverno-2014-2015\/","url":"http:\/\/news.annameglio.com\/pitti-bimbo-78-le-tendenze-del-prossimo-autunno-inverno-2014-2015\/","name":"Pitti Bimbo 78, le tendenze del prossimo autunno inverno 2014-2015 - Annameglio | Blog","isPartOf":{"@id":"http:\/\/news.annameglio.com\/#website"},"datePublished":"2014-01-23T17:20:59+00:00","dateModified":"2014-01-23T17:22:16+00:00","author":{"@id":"http:\/\/news.annameglio.com\/#\/schema\/person\/d8ae57e0838f7bf7b3ee362d58823d7d"},"breadcrumb":{"@id":"http:\/\/news.annameglio.com\/pitti-bimbo-78-le-tendenze-del-prossimo-autunno-inverno-2014-2015\/#breadcrumb"},"inLanguage":"en-US","potentialAction":[{"@type":"ReadAction","target":["http:\/\/news.annameglio.com\/pitti-bimbo-78-le-tendenze-del-prossimo-autunno-inverno-2014-2015\/"]}]},{"@type":"BreadcrumbList","@id":"http:\/\/news.annameglio.com\/pitti-bimbo-78-le-tendenze-del-prossimo-autunno-inverno-2014-2015\/#breadcrumb","itemListElement":[{"@type":"ListItem","position":1,"name":"Home","item":"http:\/\/news.annameglio.com\/"},{"@type":"ListItem","position":2,"name":"Pitti Bimbo 78, le tendenze del prossimo autunno inverno 2014-2015"}]},{"@type":"WebSite","@id":"http:\/\/news.annameglio.com\/#website","url":"http:\/\/news.annameglio.com\/","name":"Annameglio | Blog","description":"","potentialAction":[{"@type":"SearchAction","target":{"@type":"EntryPoint","urlTemplate":"http:\/\/news.annameglio.com\/?s={search_term_string}"},"query-input":"required name=search_term_string"}],"inLanguage":"en-US"},{"@type":"Person","@id":"http:\/\/news.annameglio.com\/#\/schema\/person\/d8ae57e0838f7bf7b3ee362d58823d7d","name":"editorial-staff@annameglio","image":{"@type":"ImageObject","inLanguage":"en-US","@id":"http:\/\/news.annameglio.com\/#\/schema\/person\/image\/","url":"http:\/\/0.gravatar.com\/avatar\/335f0a7fe767fb57e6045ac1fc00ed81?s=96&d=mm&r=g","contentUrl":"http:\/\/0.gravatar.com\/avatar\/335f0a7fe767fb57e6045ac1fc00ed81?s=96&d=mm&r=g","caption":"editorial-staff@annameglio"},"sameAs":["http:\/\/annameglio.com"],"url":"http:\/\/news.annameglio.com\/en\/author\/adminannameglio\/"}]}},"amp_enabled":false,"_links":{"self":[{"href":"http:\/\/news.annameglio.com\/en\/wp-json\/wp\/v2\/posts\/192"}],"collection":[{"href":"http:\/\/news.annameglio.com\/en\/wp-json\/wp\/v2\/posts"}],"about":[{"href":"http:\/\/news.annameglio.com\/en\/wp-json\/wp\/v2\/types\/post"}],"author":[{"embeddable":true,"href":"http:\/\/news.annameglio.com\/en\/wp-json\/wp\/v2\/users\/1"}],"replies":[{"embeddable":true,"href":"http:\/\/news.annameglio.com\/en\/wp-json\/wp\/v2\/comments?post=192"}],"version-history":[{"count":1,"href":"http:\/\/news.annameglio.com\/en\/wp-json\/wp\/v2\/posts\/192\/revisions"}],"predecessor-version":[{"id":196,"href":"http:\/\/news.annameglio.com\/en\/wp-json\/wp\/v2\/posts\/192\/revisions\/196"}],"wp:attachment":[{"href":"http:\/\/news.annameglio.com\/en\/wp-json\/wp\/v2\/media?parent=192"}],"wp:term":[{"taxonomy":"category","embeddable":true,"href":"http:\/\/news.annameglio.com\/en\/wp-json\/wp\/v2\/categories?post=192"},{"taxonomy":"post_tag","embeddable":true,"href":"http:\/\/news.annameglio.com\/en\/wp-json\/wp\/v2\/tags?post=192"}],"curies":[{"name":"wp","href":"https:\/\/api.w.org\/{rel}","templated":true}]}}