{"id":1473,"date":"2016-01-30T16:32:23","date_gmt":"2016-01-30T16:32:23","guid":{"rendered":"http:\/\/news.annameglio.com\/?p=1473"},"modified":"2016-03-02T16:01:39","modified_gmt":"2016-03-02T16:01:39","slug":"babe-tess-collezione-bebe-bambino-bambina-primaveraestate-2016","status":"publish","type":"post","link":"http:\/\/news.annameglio.com\/en\/babe-tess-collezione-bebe-bambino-bambina-primaveraestate-2016\/","title":{"rendered":"babe &#038; tess: collezione beb\u00e8, bambino e bambina primavera\/estate 2016"},"content":{"rendered":"<p><\/p>\n<p style=\"text-align: justify;\">Le nuove collezioni primavera\/estate 2016 dedicate all\u2019abbigliamento dei bambini sono tante, anzi tantissime e per molte mamme diventa davvero difficile tener conto di tutte le novit\u00e0 presenti sul mercato. Ma niente panico, come anticipato in precedenza, noi di <strong>annameglio.com<\/strong> le stiamo passando tutte in rassegna scegliendo con cura le migliori, le pi\u00f9 originali e le pi\u00f9 accattivanti da condividere con voi. Selezioni scrupolose frutto di novanta anni di esperienza nel settore, sempre vissuti con tanta passione e dedizione.<br \/>\nQuesta volta abbiamo deciso di focalizzare la nostra selezione sull\u2019abbigliamento <strong>beb\u00e8<\/strong>, <strong>bambino<\/strong> e <strong>bambina<\/strong>&#8230;&#8230;&#8230;&#8230;. presentandovi un estratto dalla <strong>nuova collezione Primavera\/Estate 2016<\/strong> firmata <strong>Babe &amp; Tess<\/strong>, un marchio interamente <strong>made in Italy<\/strong> forse poco presente sulla rete ma che ha gi\u00e0 conquistato i cuori di tutti coloro che ne hanno fatto conoscenza in Italia e nel resto del mondo.<\/p>\n<p style=\"text-align: justify;\"><em>Foto 7 e 8<\/em><\/p>\n<p style=\"text-align: justify;\"><em>Delicatissime tonalit\u00e0 panna, stile minimal, tessuti pregiati e raffinate finiture. Un alchimia di elementi in perfetta armonia che caratterizzano la linea di abbigliamento bambina della nuova collezione Babe &amp; Tess Primavera\/Estate 2016. Ne sono esempio il grazioso completino composto dalla morbida felpa in jersey di cotone con toppe ai gomiti con paillettes, e dalla gonna a pieghe in tulle con arricciature in vita; oppure il tenero abito smanicato dal taglio morbido con dettagli in pizzo.<\/em><\/p>\n<p style=\"text-align: justify;\"><strong>Babe &amp; Tess<\/strong> \u00e8 infatti un brand dalle mille peculiarit\u00e0 la cui filosofia produttiva si basa esclusivamente sulla forte tradizione dell\u2019artigianato italiano, garantendo quindi altissima qualit\u00e0, comfort e minuziosa cura del dettaglio. Inoltre tutta la collezione \u00e8 certificata <strong>eco-friendly<\/strong> in quanto tutti i tessuti e i coloranti utilizzati sono assolutamente naturali, rendendo ogni capo unico e di grande vestibilit\u00e0.<br \/>\nLo stile casual-chic, che da sempre contraddistingue l\u2019abbigliamento firmato <strong>Babe &amp; Tess<\/strong>, \u00e8 determinato da linee morbide e tagli semplici impreziositi da raffinate ed elaborate finiture dal gusto squisitamente romantico, in grado di mettere in risalto scelte cromatiche sempre impeccabili che si rinnovano e si aggiornano ogni stagione.<\/p>\n<p style=\"text-align: justify;\"><em>Foto 5 e 6<\/em><\/p>\n<p style=\"text-align: justify;\"><em>Un altro esempio di stile minimal\u00a0 fatto di colori tenui e minuziose finiture \u00e8 senz&#8217;altro la canotta in tulle, ornata da elaborati ricami all-over in abbinamento ai pantaloncini in morbido jersey di cotone dal taglio molto semplice. Decisamente pi\u00f9 vivace \u00e8 invece la salopette in denim, completata da una deliziosa camicetta corta color panna a fiorellini e dalla cintura con applicazioni floreali.<\/em><\/p>\n<p style=\"text-align: justify;\">Questo estratto <strong>nuova collezione Primavera\/Estate 2016<\/strong> firmata <strong>Babe &amp; Tess<\/strong> selezionato da noi di <strong>annameglio.com<\/strong> si concentra molto sulle tonalit\u00e0 blu navy e panna, spesso esaltate da graziose fantasie a righe che ben si adattano allo stile delicato di beb\u00e8, bambini e bambine. Colori che richiamano alla mente la magia del mare d\u2019estate, che alimenta da sempre l\u2019immaginazione di pi\u00f9 piccoli.<br \/>\n<em>Foto 3 e 4<\/em><\/p>\n<p style=\"text-align: justify;\"><em>Ai colori bianco e panna si aggiungono il blu e la fantasia a righe, caratterizzando in chiave navy style l&#8217;abbigliamento primaverile per bimbi e bimbe firmato Babe &amp; Tess.\u00a0 Le t-shirts a manica lunga e a manica corta e i pantaloncini che vi proponiamo sono facilmente abbinabili e in grado di mettere in moto la vostra fantasia nel creare outfit adatti a maschietti e femminucce.<\/em><\/p>\n<p style=\"text-align: justify;\">La nostra selezione firmata <strong>Babe &amp; Tess<\/strong> si \u00e8 soffermata su abitini, completini, pantaloncini, t-shirts e gonnelline; capi molto caratteristici e rappresentativi della stagione estiva che sono un vero e proprio piacere per gli occhi e per il tatto, in perfetta sintonia con il magico mondo dell\u2019infanzia. Perch\u00e9 ogni giorno i bambini ridono, piangono, corrono, esplorano e giocano; quindi necessitano di un abbigliamento pensato esclusivamente per loro, che gli permetta di vivere a pieno le loro giornate e di esprimere liberamente la loro tenera personalit\u00e0. Una mission che a nostro avviso \u00e8 stata ancora una volta pienamente colta dal team <strong>Babe &amp; Tess<\/strong>.<\/p>\n<p style=\"text-align: justify;\"><em>Foto 1 e 2<\/em><\/p>\n<p style=\"text-align: justify;\"><em>Quando un capo \u00e8 realizzato egregiamente non ha bisogno di troppe elaborazioni per distinguersi, ma \u00e8 la semplicit\u00e0 a fare la differenza. Un concetto perfettamente espresso dall&#8217;accostamento tra la t-shirt bianca con ricamo&#8221; I&#8217;m your little love&#8221;\u00a0 e i graziosi pantaloncini in jersey blu con bretelle e bottoni. In chiave strettamente femminile possiamo invece ammirare il delicato outfit composto dalla maglietta a righe navy style nei colori panna e blu e dalla gonna a pieghe di colore blu scuro.<\/em><\/p>\n<p style=\"text-align: justify;\">Noi di <strong>annameglio.com<\/strong> siamo rimasti particolarmente colpiti dalla nuova collezione Primavera\/Estate 2016 firmata <strong>Babe &amp; Tess<\/strong>, perch\u00e9 intrisa di quell\u2019eccellenza italiana un po\u2019 romantica ma di forte contrasto tra innovazione e tradizione artigianale, che tanto ci emoziona e ci inorgoglisce. Tratti distintivi che abbiamo riscontrato in tutti i capi del nostro campionario e per questo \u00e8 stato molto difficile selezionarne solo alcuni, quindi per scoprirli tutti vi invitiamo a visitare il nostro <strong>shop online<\/strong> o a fare un salto nelle nostre boutiques <strong>Anna Meglio<\/strong> di <strong>Sora<\/strong>, <strong>Fiuggi<\/strong> e <strong>Frosinone<\/strong>.<br \/>\nPer qualsiasi approfondimento non esitate a contattarci, anche commentando i nostri post, saremo ben lieti di rispondervi e di chiarire qualsiasi vostro dubbio. A questo punto non resta che salutarci e darvi appuntamento alle prossime selections.<br \/>\nStay Tuned!<\/p>\n<p><\/p>","protected":false},"excerpt":{"rendered":"<p>Le nuove collezioni primavera\/estate 2016 dedicate all\u2019abbigliamento dei bambini sono tante, anzi tantissime e per molte mamme diventa davvero difficile tener conto di tutte le novit\u00e0 presenti sul mercato. Ma niente panico, come anticipato in precedenza, noi di annameglio.com le stiamo passando tutte in rassegna&#8230;<\/p>\n","protected":false},"author":1,"featured_media":0,"comment_status":"open","ping_status":"open","sticky":false,"template":"","format":"standard","meta":[],"categories":[1],"tags":[],"yoast_head":"<!-- This site is optimized with the Yoast SEO plugin v19.7.2 - https:\/\/yoast.com\/wordpress\/plugins\/seo\/ -->\n<title>babe &amp; tess: collezione beb\u00e8, bambino e bambina primavera\/estate 2016 - Annameglio | Blog<\/title>\n<meta name=\"robots\" content=\"index, follow, max-snippet:-1, max-image-preview:large, max-video-preview:-1\" \/>\n<link rel=\"canonical\" href=\"http:\/\/news.annameglio.com\/babe-tess-collezione-bebe-bambino-bambina-primaveraestate-2016\/\" \/>\n<meta property=\"og:locale\" content=\"en_US\" \/>\n<meta property=\"og:type\" content=\"article\" \/>\n<meta property=\"og:title\" content=\"babe &amp; tess: collezione beb\u00e8, bambino e bambina primavera\/estate 2016 - Annameglio | Blog\" \/>\n<meta property=\"og:description\" content=\"Le nuove collezioni primavera\/estate 2016 dedicate all\u2019abbigliamento dei bambini sono tante, anzi tantissime e per molte mamme diventa davvero difficile tener conto di tutte le novit\u00e0 presenti sul mercato. Ma niente panico, come anticipato in precedenza, noi di annameglio.com le stiamo passando tutte in rassegna...\" \/>\n<meta property=\"og:url\" content=\"http:\/\/news.annameglio.com\/babe-tess-collezione-bebe-bambino-bambina-primaveraestate-2016\/\" \/>\n<meta property=\"og:site_name\" content=\"Annameglio | Blog\" \/>\n<meta property=\"article:publisher\" content=\"https:\/\/www.facebook.com\/ANNAMEGLIO.news\" \/>\n<meta property=\"article:published_time\" content=\"2016-01-30T16:32:23+00:00\" \/>\n<meta property=\"article:modified_time\" content=\"2016-03-02T16:01:39+00:00\" \/>\n<meta property=\"og:image\" content=\"http:\/\/news.annameglio.com\/wp-content\/uploads\/2016\/01\/babeandtess-abito-completo-t-shirt-salopette-annameglio.jpg\" \/>\n\t<meta property=\"og:image:width\" content=\"1110\" \/>\n\t<meta property=\"og:image:height\" content=\"735\" \/>\n\t<meta property=\"og:image:type\" content=\"image\/jpeg\" \/>\n<meta name=\"author\" content=\"editorial-staff@annameglio\" \/>\n<meta name=\"twitter:card\" content=\"summary\" \/>\n<meta name=\"twitter:creator\" content=\"@annameglio_com\" \/>\n<meta name=\"twitter:site\" content=\"@annameglio_com\" \/>\n<meta name=\"twitter:label1\" content=\"Written by\" \/>\n\t<meta name=\"twitter:data1\" content=\"editorial-staff@annameglio\" \/>\n\t<meta name=\"twitter:label2\" content=\"Est. reading time\" \/>\n\t<meta name=\"twitter:data2\" content=\"8 minutes\" \/>\n<script type=\"application\/ld+json\" class=\"yoast-schema-graph\">{\"@context\":\"https:\/\/schema.org\",\"@graph\":[{\"@type\":\"WebPage\",\"@id\":\"http:\/\/news.annameglio.com\/babe-tess-collezione-bebe-bambino-bambina-primaveraestate-2016\/\",\"url\":\"http:\/\/news.annameglio.com\/babe-tess-collezione-bebe-bambino-bambina-primaveraestate-2016\/\",\"name\":\"babe & tess: collezione beb\u00e8, bambino e bambina primavera\/estate 2016 - Annameglio | Blog\",\"isPartOf\":{\"@id\":\"http:\/\/news.annameglio.com\/#website\"},\"datePublished\":\"2016-01-30T16:32:23+00:00\",\"dateModified\":\"2016-03-02T16:01:39+00:00\",\"author\":{\"@id\":\"http:\/\/news.annameglio.com\/#\/schema\/person\/d8ae57e0838f7bf7b3ee362d58823d7d\"},\"breadcrumb\":{\"@id\":\"http:\/\/news.annameglio.com\/babe-tess-collezione-bebe-bambino-bambina-primaveraestate-2016\/#breadcrumb\"},\"inLanguage\":\"en-US\",\"potentialAction\":[{\"@type\":\"ReadAction\",\"target\":[\"http:\/\/news.annameglio.com\/babe-tess-collezione-bebe-bambino-bambina-primaveraestate-2016\/\"]}]},{\"@type\":\"BreadcrumbList\",\"@id\":\"http:\/\/news.annameglio.com\/babe-tess-collezione-bebe-bambino-bambina-primaveraestate-2016\/#breadcrumb\",\"itemListElement\":[{\"@type\":\"ListItem\",\"position\":1,\"name\":\"Home\",\"item\":\"http:\/\/news.annameglio.com\/\"},{\"@type\":\"ListItem\",\"position\":2,\"name\":\"babe &#038; tess: collezione primavera estate 2016\"}]},{\"@type\":\"WebSite\",\"@id\":\"http:\/\/news.annameglio.com\/#website\",\"url\":\"http:\/\/news.annameglio.com\/\",\"name\":\"Annameglio | Blog\",\"description\":\"\",\"potentialAction\":[{\"@type\":\"SearchAction\",\"target\":{\"@type\":\"EntryPoint\",\"urlTemplate\":\"http:\/\/news.annameglio.com\/?s={search_term_string}\"},\"query-input\":\"required name=search_term_string\"}],\"inLanguage\":\"en-US\"},{\"@type\":\"Person\",\"@id\":\"http:\/\/news.annameglio.com\/#\/schema\/person\/d8ae57e0838f7bf7b3ee362d58823d7d\",\"name\":\"editorial-staff@annameglio\",\"image\":{\"@type\":\"ImageObject\",\"inLanguage\":\"en-US\",\"@id\":\"http:\/\/news.annameglio.com\/#\/schema\/person\/image\/\",\"url\":\"http:\/\/0.gravatar.com\/avatar\/335f0a7fe767fb57e6045ac1fc00ed81?s=96&d=mm&r=g\",\"contentUrl\":\"http:\/\/0.gravatar.com\/avatar\/335f0a7fe767fb57e6045ac1fc00ed81?s=96&d=mm&r=g\",\"caption\":\"editorial-staff@annameglio\"},\"sameAs\":[\"http:\/\/annameglio.com\"],\"url\":\"http:\/\/news.annameglio.com\/en\/author\/adminannameglio\/\"}]}<\/script>\n<!-- \/ Yoast SEO plugin. -->","yoast_head_json":{"title":"babe & tess: collezione beb\u00e8, bambino e bambina primavera\/estate 2016 - Annameglio | Blog","robots":{"index":"index","follow":"follow","max-snippet":"max-snippet:-1","max-image-preview":"max-image-preview:large","max-video-preview":"max-video-preview:-1"},"canonical":"http:\/\/news.annameglio.com\/babe-tess-collezione-bebe-bambino-bambina-primaveraestate-2016\/","og_locale":"en_US","og_type":"article","og_title":"babe & tess: collezione beb\u00e8, bambino e bambina primavera\/estate 2016 - Annameglio | Blog","og_description":"Le nuove collezioni primavera\/estate 2016 dedicate all\u2019abbigliamento dei bambini sono tante, anzi tantissime e per molte mamme diventa davvero difficile tener conto di tutte le novit\u00e0 presenti sul mercato. Ma niente panico, come anticipato in precedenza, noi di annameglio.com le stiamo passando tutte in rassegna...","og_url":"http:\/\/news.annameglio.com\/babe-tess-collezione-bebe-bambino-bambina-primaveraestate-2016\/","og_site_name":"Annameglio | Blog","article_publisher":"https:\/\/www.facebook.com\/ANNAMEGLIO.news","article_published_time":"2016-01-30T16:32:23+00:00","article_modified_time":"2016-03-02T16:01:39+00:00","og_image":[{"width":1110,"height":735,"url":"http:\/\/news.annameglio.com\/wp-content\/uploads\/2016\/01\/babeandtess-abito-completo-t-shirt-salopette-annameglio.jpg","type":"image\/jpeg"}],"author":"editorial-staff@annameglio","twitter_card":"summary","twitter_creator":"@annameglio_com","twitter_site":"@annameglio_com","twitter_misc":{"Written by":"editorial-staff@annameglio","Est. reading time":"8 minutes"},"schema":{"@context":"https:\/\/schema.org","@graph":[{"@type":"WebPage","@id":"http:\/\/news.annameglio.com\/babe-tess-collezione-bebe-bambino-bambina-primaveraestate-2016\/","url":"http:\/\/news.annameglio.com\/babe-tess-collezione-bebe-bambino-bambina-primaveraestate-2016\/","name":"babe & tess: collezione beb\u00e8, bambino e bambina primavera\/estate 2016 - Annameglio | Blog","isPartOf":{"@id":"http:\/\/news.annameglio.com\/#website"},"datePublished":"2016-01-30T16:32:23+00:00","dateModified":"2016-03-02T16:01:39+00:00","author":{"@id":"http:\/\/news.annameglio.com\/#\/schema\/person\/d8ae57e0838f7bf7b3ee362d58823d7d"},"breadcrumb":{"@id":"http:\/\/news.annameglio.com\/babe-tess-collezione-bebe-bambino-bambina-primaveraestate-2016\/#breadcrumb"},"inLanguage":"en-US","potentialAction":[{"@type":"ReadAction","target":["http:\/\/news.annameglio.com\/babe-tess-collezione-bebe-bambino-bambina-primaveraestate-2016\/"]}]},{"@type":"BreadcrumbList","@id":"http:\/\/news.annameglio.com\/babe-tess-collezione-bebe-bambino-bambina-primaveraestate-2016\/#breadcrumb","itemListElement":[{"@type":"ListItem","position":1,"name":"Home","item":"http:\/\/news.annameglio.com\/"},{"@type":"ListItem","position":2,"name":"babe &#038; tess: collezione primavera estate 2016"}]},{"@type":"WebSite","@id":"http:\/\/news.annameglio.com\/#website","url":"http:\/\/news.annameglio.com\/","name":"Annameglio | Blog","description":"","potentialAction":[{"@type":"SearchAction","target":{"@type":"EntryPoint","urlTemplate":"http:\/\/news.annameglio.com\/?s={search_term_string}"},"query-input":"required name=search_term_string"}],"inLanguage":"en-US"},{"@type":"Person","@id":"http:\/\/news.annameglio.com\/#\/schema\/person\/d8ae57e0838f7bf7b3ee362d58823d7d","name":"editorial-staff@annameglio","image":{"@type":"ImageObject","inLanguage":"en-US","@id":"http:\/\/news.annameglio.com\/#\/schema\/person\/image\/","url":"http:\/\/0.gravatar.com\/avatar\/335f0a7fe767fb57e6045ac1fc00ed81?s=96&d=mm&r=g","contentUrl":"http:\/\/0.gravatar.com\/avatar\/335f0a7fe767fb57e6045ac1fc00ed81?s=96&d=mm&r=g","caption":"editorial-staff@annameglio"},"sameAs":["http:\/\/annameglio.com"],"url":"http:\/\/news.annameglio.com\/en\/author\/adminannameglio\/"}]}},"amp_enabled":false,"_links":{"self":[{"href":"http:\/\/news.annameglio.com\/en\/wp-json\/wp\/v2\/posts\/1473"}],"collection":[{"href":"http:\/\/news.annameglio.com\/en\/wp-json\/wp\/v2\/posts"}],"about":[{"href":"http:\/\/news.annameglio.com\/en\/wp-json\/wp\/v2\/types\/post"}],"author":[{"embeddable":true,"href":"http:\/\/news.annameglio.com\/en\/wp-json\/wp\/v2\/users\/1"}],"replies":[{"embeddable":true,"href":"http:\/\/news.annameglio.com\/en\/wp-json\/wp\/v2\/comments?post=1473"}],"version-history":[{"count":21,"href":"http:\/\/news.annameglio.com\/en\/wp-json\/wp\/v2\/posts\/1473\/revisions"}],"predecessor-version":[{"id":1511,"href":"http:\/\/news.annameglio.com\/en\/wp-json\/wp\/v2\/posts\/1473\/revisions\/1511"}],"wp:attachment":[{"href":"http:\/\/news.annameglio.com\/en\/wp-json\/wp\/v2\/media?parent=1473"}],"wp:term":[{"taxonomy":"category","embeddable":true,"href":"http:\/\/news.annameglio.com\/en\/wp-json\/wp\/v2\/categories?post=1473"},{"taxonomy":"post_tag","embeddable":true,"href":"http:\/\/news.annameglio.com\/en\/wp-json\/wp\/v2\/tags?post=1473"}],"curies":[{"name":"wp","href":"https:\/\/api.w.org\/{rel}","templated":true}]}}