{"id":1329,"date":"2016-01-13T15:48:38","date_gmt":"2016-01-13T15:48:38","guid":{"rendered":"http:\/\/news.annameglio.com\/?p=1329"},"modified":"2016-03-02T16:03:04","modified_gmt":"2016-03-02T16:03:04","slug":"abiti-prima-comunione-bambina-raffaella-2016","status":"publish","type":"post","link":"http:\/\/news.annameglio.com\/en\/abiti-prima-comunione-bambina-raffaella-2016\/","title":{"rendered":"La Cerimonia bimba di Raffaella"},"content":{"rendered":"<p>Abiti da Cerimonia per bambina, realizzati con tessuti preziosi e con maestria sartoriale, rigorosamente Made in Italy. Capi unici di raffinata eleganza, pensati per emozionare e rendere indimenticabili le occasioni speciali di ogni bambina.<br \/>\nL&#8217; Essenza di tutto questo \u00e8 Raffaella, abiti ed accessori, selezionati con cura e passione dal team di Anna Meglio per far sognare, bambine ed adulti, nel giorno del Battesimo e della Prima Comunione.<\/p>\n<p>abiti ed accessori Cerimonia  rodotto collaborazione   Cerimonia tradizionali per la bambina di Anna Meglio saranno realizzati da Raffaella. Il feeling con la signora Raffaella storia di <em>Raffaella<\/em>\u00a0si pu\u00f2 dire   decennale, percorre infatti tutta la vita della sua fondatrice, costantemente affascinata dal mondo radioso della moda e da quello vivace dei bambini.<\/p>\n<p>La sig.ra Raffaella ha sempre posseduto l\u2019attitudine a creare accessori di gusto e si \u00e8 sempre dilettata a crearne prima per amici e parenti e successivamente per un punto vendita del luogo, un po\u2019 per gioco, ma sempre con amore.<\/p>\n<p>E\u2019 stato proprio in questo momento che \u00e8 nato il desiderio di trasformare quella che \u00e8 sempre stata una forte passione in qualcosa di pi\u00f9 grande, con il sogno di vestire le bambine in tutte le loro date da ricordare.<\/p>\n<p>Nel 2001 nasce <em>Raffaella<\/em>, la sfida non \u00e8 sicuramente semplice, ma, forte dei risultati conseguiti in poco tempo, l\u2019azienda inizia il suo decollo, arrivando a fornire moltissimi punti vendita in Puglia,<i> <\/i>Campania e Lazio.<\/p>\n<p>Il marchio oggi vanta la presenza dei propri abiti e accessori in negozi storici e fortemente specializzati nella vendita di vestiti da cerimonia per bambina.<\/p>\n<p>Gli abiti e gli accessori <em>Raffaella<\/em>, sia nella linea \u201cComunione\u201d che nel \u201cBattesimo\u201d, racchiudono al proprio interno l\u2019incessante ricerca di tessuti, pizzi e materiali preziosi. Inoltre, a dare agli abiti un valore aggiunto sono gli anni di esperienza sartoriale del personale e la maestria del cucito completamente made in Italy, difficilmente riscontrabili in aziende concorrenti.<\/p>\n<p>La produzione, rigorosamente sartoriale, permette di offrire una confezione \u201csu misura\u201d degli abiti, che \u00e8 senza dubbio uno dei punti di forza che li distingue dai competitor. I piccoli clienti hanno infatti la possibilit\u00e0 di provare gli abiti nei punti vendita selezionati e apportare tutte le modifiche desiderate dietro il consiglio sempre attento e professionale del personale.<br \/>\nOggi <em>Raffaella<\/em> continua a preservare i valori portanti dell\u2019azienda: artigianalit\u00e0, qualit\u00e0 e ricerca.<\/p>","protected":false},"excerpt":{"rendered":"<p>Abiti da Cerimonia per bambina, realizzati con tessuti preziosi e con maestria sartoriale, rigorosamente Made in Italy. Capi unici di raffinata eleganza, pensati per emozionare e rendere indimenticabili le occasioni speciali di ogni bambina. L&#8217; Essenza di tutto questo \u00e8 Raffaella, abiti ed accessori, selezionati&#8230;<\/p>\n","protected":false},"author":1,"featured_media":0,"comment_status":"open","ping_status":"open","sticky":false,"template":"","format":"standard","meta":[],"categories":[1],"tags":[],"yoast_head":"<!-- This site is optimized with the Yoast SEO plugin v19.7.2 - https:\/\/yoast.com\/wordpress\/plugins\/seo\/ -->\n<title>La Cerimonia bimba di Raffaella - Annameglio | Blog<\/title>\n<meta name=\"robots\" content=\"index, follow, max-snippet:-1, max-image-preview:large, max-video-preview:-1\" \/>\n<link rel=\"canonical\" href=\"http:\/\/news.annameglio.com\/en\/abiti-prima-comunione-bambina-raffaella-2016\/\" \/>\n<meta property=\"og:locale\" content=\"en_US\" \/>\n<meta property=\"og:type\" content=\"article\" \/>\n<meta property=\"og:title\" content=\"La Cerimonia bimba di Raffaella - Annameglio | Blog\" \/>\n<meta property=\"og:description\" content=\"Abiti da Cerimonia per bambina, realizzati con tessuti preziosi e con maestria sartoriale, rigorosamente Made in Italy. Capi unici di raffinata eleganza, pensati per emozionare e rendere indimenticabili le occasioni speciali di ogni bambina. L&#8217; Essenza di tutto questo \u00e8 Raffaella, abiti ed accessori, selezionati...\" \/>\n<meta property=\"og:url\" content=\"http:\/\/news.annameglio.com\/en\/abiti-prima-comunione-bambina-raffaella-2016\/\" \/>\n<meta property=\"og:site_name\" content=\"Annameglio | Blog\" \/>\n<meta property=\"article:publisher\" content=\"https:\/\/www.facebook.com\/ANNAMEGLIO.news\" \/>\n<meta property=\"article:published_time\" content=\"2016-01-13T15:48:38+00:00\" \/>\n<meta property=\"article:modified_time\" content=\"2016-03-02T16:03:04+00:00\" \/>\n<meta property=\"og:image\" content=\"http:\/\/news.annameglio.com\/wp-content\/uploads\/2016\/01\/abiti-cerimonia-bambina-raffaella-annameglio-prima-comunione.jpg\" \/>\n\t<meta property=\"og:image:width\" content=\"1110\" \/>\n\t<meta property=\"og:image:height\" content=\"735\" \/>\n\t<meta property=\"og:image:type\" content=\"image\/jpeg\" \/>\n<meta name=\"author\" content=\"editorial-staff@annameglio\" \/>\n<meta name=\"twitter:card\" content=\"summary\" \/>\n<meta name=\"twitter:creator\" content=\"@annameglio_com\" \/>\n<meta name=\"twitter:site\" content=\"@annameglio_com\" \/>\n<meta name=\"twitter:label1\" content=\"Written by\" \/>\n\t<meta name=\"twitter:data1\" content=\"editorial-staff@annameglio\" \/>\n\t<meta name=\"twitter:label2\" content=\"Est. reading time\" \/>\n\t<meta name=\"twitter:data2\" content=\"3 minutes\" \/>\n<script type=\"application\/ld+json\" class=\"yoast-schema-graph\">{\"@context\":\"https:\/\/schema.org\",\"@graph\":[{\"@type\":\"WebPage\",\"@id\":\"http:\/\/news.annameglio.com\/en\/abiti-prima-comunione-bambina-raffaella-2016\/\",\"url\":\"http:\/\/news.annameglio.com\/en\/abiti-prima-comunione-bambina-raffaella-2016\/\",\"name\":\"La Cerimonia bimba di Raffaella - Annameglio | Blog\",\"isPartOf\":{\"@id\":\"http:\/\/news.annameglio.com\/#website\"},\"datePublished\":\"2016-01-13T15:48:38+00:00\",\"dateModified\":\"2016-03-02T16:03:04+00:00\",\"author\":{\"@id\":\"http:\/\/news.annameglio.com\/#\/schema\/person\/d8ae57e0838f7bf7b3ee362d58823d7d\"},\"breadcrumb\":{\"@id\":\"http:\/\/news.annameglio.com\/en\/abiti-prima-comunione-bambina-raffaella-2016\/#breadcrumb\"},\"inLanguage\":\"en-US\",\"potentialAction\":[{\"@type\":\"ReadAction\",\"target\":[\"http:\/\/news.annameglio.com\/en\/abiti-prima-comunione-bambina-raffaella-2016\/\"]}]},{\"@type\":\"BreadcrumbList\",\"@id\":\"http:\/\/news.annameglio.com\/en\/abiti-prima-comunione-bambina-raffaella-2016\/#breadcrumb\",\"itemListElement\":[{\"@type\":\"ListItem\",\"position\":1,\"name\":\"Home\",\"item\":\"http:\/\/news.annameglio.com\/\"},{\"@type\":\"ListItem\",\"position\":2,\"name\":\"La Cerimonia bimba di Raffaella\"}]},{\"@type\":\"WebSite\",\"@id\":\"http:\/\/news.annameglio.com\/#website\",\"url\":\"http:\/\/news.annameglio.com\/\",\"name\":\"Annameglio | Blog\",\"description\":\"\",\"potentialAction\":[{\"@type\":\"SearchAction\",\"target\":{\"@type\":\"EntryPoint\",\"urlTemplate\":\"http:\/\/news.annameglio.com\/?s={search_term_string}\"},\"query-input\":\"required name=search_term_string\"}],\"inLanguage\":\"en-US\"},{\"@type\":\"Person\",\"@id\":\"http:\/\/news.annameglio.com\/#\/schema\/person\/d8ae57e0838f7bf7b3ee362d58823d7d\",\"name\":\"editorial-staff@annameglio\",\"image\":{\"@type\":\"ImageObject\",\"inLanguage\":\"en-US\",\"@id\":\"http:\/\/news.annameglio.com\/#\/schema\/person\/image\/\",\"url\":\"http:\/\/0.gravatar.com\/avatar\/335f0a7fe767fb57e6045ac1fc00ed81?s=96&d=mm&r=g\",\"contentUrl\":\"http:\/\/0.gravatar.com\/avatar\/335f0a7fe767fb57e6045ac1fc00ed81?s=96&d=mm&r=g\",\"caption\":\"editorial-staff@annameglio\"},\"sameAs\":[\"http:\/\/annameglio.com\"],\"url\":\"http:\/\/news.annameglio.com\/en\/author\/adminannameglio\/\"}]}<\/script>\n<!-- \/ Yoast SEO plugin. -->","yoast_head_json":{"title":"La Cerimonia bimba di Raffaella - Annameglio | Blog","robots":{"index":"index","follow":"follow","max-snippet":"max-snippet:-1","max-image-preview":"max-image-preview:large","max-video-preview":"max-video-preview:-1"},"canonical":"http:\/\/news.annameglio.com\/en\/abiti-prima-comunione-bambina-raffaella-2016\/","og_locale":"en_US","og_type":"article","og_title":"La Cerimonia bimba di Raffaella - Annameglio | Blog","og_description":"Abiti da Cerimonia per bambina, realizzati con tessuti preziosi e con maestria sartoriale, rigorosamente Made in Italy. Capi unici di raffinata eleganza, pensati per emozionare e rendere indimenticabili le occasioni speciali di ogni bambina. L&#8217; Essenza di tutto questo \u00e8 Raffaella, abiti ed accessori, selezionati...","og_url":"http:\/\/news.annameglio.com\/en\/abiti-prima-comunione-bambina-raffaella-2016\/","og_site_name":"Annameglio | Blog","article_publisher":"https:\/\/www.facebook.com\/ANNAMEGLIO.news","article_published_time":"2016-01-13T15:48:38+00:00","article_modified_time":"2016-03-02T16:03:04+00:00","og_image":[{"width":1110,"height":735,"url":"http:\/\/news.annameglio.com\/wp-content\/uploads\/2016\/01\/abiti-cerimonia-bambina-raffaella-annameglio-prima-comunione.jpg","type":"image\/jpeg"}],"author":"editorial-staff@annameglio","twitter_card":"summary","twitter_creator":"@annameglio_com","twitter_site":"@annameglio_com","twitter_misc":{"Written by":"editorial-staff@annameglio","Est. reading time":"3 minutes"},"schema":{"@context":"https:\/\/schema.org","@graph":[{"@type":"WebPage","@id":"http:\/\/news.annameglio.com\/en\/abiti-prima-comunione-bambina-raffaella-2016\/","url":"http:\/\/news.annameglio.com\/en\/abiti-prima-comunione-bambina-raffaella-2016\/","name":"La Cerimonia bimba di Raffaella - Annameglio | Blog","isPartOf":{"@id":"http:\/\/news.annameglio.com\/#website"},"datePublished":"2016-01-13T15:48:38+00:00","dateModified":"2016-03-02T16:03:04+00:00","author":{"@id":"http:\/\/news.annameglio.com\/#\/schema\/person\/d8ae57e0838f7bf7b3ee362d58823d7d"},"breadcrumb":{"@id":"http:\/\/news.annameglio.com\/en\/abiti-prima-comunione-bambina-raffaella-2016\/#breadcrumb"},"inLanguage":"en-US","potentialAction":[{"@type":"ReadAction","target":["http:\/\/news.annameglio.com\/en\/abiti-prima-comunione-bambina-raffaella-2016\/"]}]},{"@type":"BreadcrumbList","@id":"http:\/\/news.annameglio.com\/en\/abiti-prima-comunione-bambina-raffaella-2016\/#breadcrumb","itemListElement":[{"@type":"ListItem","position":1,"name":"Home","item":"http:\/\/news.annameglio.com\/"},{"@type":"ListItem","position":2,"name":"La Cerimonia bimba di Raffaella"}]},{"@type":"WebSite","@id":"http:\/\/news.annameglio.com\/#website","url":"http:\/\/news.annameglio.com\/","name":"Annameglio | Blog","description":"","potentialAction":[{"@type":"SearchAction","target":{"@type":"EntryPoint","urlTemplate":"http:\/\/news.annameglio.com\/?s={search_term_string}"},"query-input":"required name=search_term_string"}],"inLanguage":"en-US"},{"@type":"Person","@id":"http:\/\/news.annameglio.com\/#\/schema\/person\/d8ae57e0838f7bf7b3ee362d58823d7d","name":"editorial-staff@annameglio","image":{"@type":"ImageObject","inLanguage":"en-US","@id":"http:\/\/news.annameglio.com\/#\/schema\/person\/image\/","url":"http:\/\/0.gravatar.com\/avatar\/335f0a7fe767fb57e6045ac1fc00ed81?s=96&d=mm&r=g","contentUrl":"http:\/\/0.gravatar.com\/avatar\/335f0a7fe767fb57e6045ac1fc00ed81?s=96&d=mm&r=g","caption":"editorial-staff@annameglio"},"sameAs":["http:\/\/annameglio.com"],"url":"http:\/\/news.annameglio.com\/en\/author\/adminannameglio\/"}]}},"amp_enabled":false,"_links":{"self":[{"href":"http:\/\/news.annameglio.com\/en\/wp-json\/wp\/v2\/posts\/1329"}],"collection":[{"href":"http:\/\/news.annameglio.com\/en\/wp-json\/wp\/v2\/posts"}],"about":[{"href":"http:\/\/news.annameglio.com\/en\/wp-json\/wp\/v2\/types\/post"}],"author":[{"embeddable":true,"href":"http:\/\/news.annameglio.com\/en\/wp-json\/wp\/v2\/users\/1"}],"replies":[{"embeddable":true,"href":"http:\/\/news.annameglio.com\/en\/wp-json\/wp\/v2\/comments?post=1329"}],"version-history":[{"count":35,"href":"http:\/\/news.annameglio.com\/en\/wp-json\/wp\/v2\/posts\/1329\/revisions"}],"predecessor-version":[{"id":1524,"href":"http:\/\/news.annameglio.com\/en\/wp-json\/wp\/v2\/posts\/1329\/revisions\/1524"}],"wp:attachment":[{"href":"http:\/\/news.annameglio.com\/en\/wp-json\/wp\/v2\/media?parent=1329"}],"wp:term":[{"taxonomy":"category","embeddable":true,"href":"http:\/\/news.annameglio.com\/en\/wp-json\/wp\/v2\/categories?post=1329"},{"taxonomy":"post_tag","embeddable":true,"href":"http:\/\/news.annameglio.com\/en\/wp-json\/wp\/v2\/tags?post=1329"}],"curies":[{"name":"wp","href":"https:\/\/api.w.org\/{rel}","templated":true}]}}